{"id":131,"date":"2012-07-12T21:08:59","date_gmt":"2012-07-12T21:08:59","guid":{"rendered":"http:\/\/web.auger.org.ar\/visitantes\/animus\/index.php\/2012\/07\/12\/impacto-ambiental\/"},"modified":"2012-07-12T21:08:59","modified_gmt":"2012-07-12T21:08:59","slug":"impacto-ambiental","status":"publish","type":"post","link":"https:\/\/visitantes.auger.org.ar\/index.php\/impacto-ambiental\/","title":{"rendered":"Minimizaci\u00f3n del impacto ambiental"},"content":{"rendered":"<p><!-- \t\t@page { margin: 2cm } \t\tP { margin-bottom: 0.21cm } --> <\/p>\n<p style=\"margin-bottom: 0cm; text-align: center;\"><span style=\"font-size: medium;\"><strong>Minimizaci\u00f3n del impacto ambiental.<\/strong><\/span><\/p>\n<p style=\"margin-bottom: 0cm; text-align: justify;\">Desde sus comienzos y con el aviso de proyecto presentado al iniciar sus actividades, el Observatorio Pierre Auger ha sostenido la necesidad y el compromiso de llevar adelante una correcta gesti\u00f3n ambiental. Para ello, desde la fase de dise\u00f1o del experimento, se busc\u00f3 minimizar el impacto ambiental de las tareas desarrolladas y tambi\u00e9n, optar por la utilizaci\u00f3n de energ\u00eda generada desde fuentes renovables. Es por eso que todos los detectores de superficies del experimento, as\u00ed como tambi\u00e9n algunas estaciones de monitoreo y comunicaciones son alimentadas a trav\u00e9s de paneles solares que almacenan la energ\u00eda en bater\u00edas.<\/p>\n<p style=\"text-align: center;\">\n<p>  <!--more-->  <\/p>\n<p style=\"margin-bottom: 0cm; text-align: justify;\">En busca de atenuar el impacto visual que generaba el hecho de poner m\u00e1s de 1600 detectores en terreno llano, se arrib\u00f3 a la idea de hacerlos con un color que se confundiera con el paisaje, para mimetizarlos (ver fotograf\u00edas).<\/p>\n<p style=\"margin-bottom: 0cm; text-align: justify;\">Nuestro personal realiza trabajos de mantenimiento de los detectores diariamente, en veh\u00edculos dise\u00f1ados para todo tipo de terrenos, pero es prioridad de cada m\u00f3vil, circular por caminos preestablecidos, como rutas o picadas y nunca hacerlo por terreno virgen, salvo contadas excepciones en las cuales se conduce a campo traviesa tratando de encontrar los caminos que han sido desdibujados por la vegetaci\u00f3n.<\/p>\n<p style=\"margin-bottom: 0cm; text-align: justify;\">La relaci\u00f3n de nuestros detectores y la fauna de los lugares en donde est\u00e1n emplazados ha sido, a lo largo de estos diez a\u00f1os, din\u00e1mica. El ganado se ha visto beneficiado al tener sombra en lugares donde no existen reparos en kil\u00f3metros a la redonda y las aves usan las antenas como \u201cmangrullos\u201d en donde se posan para divisar sus presas. Esto \u00faltimo trajo problemas en determinadas zonas, ya que las aves ensuciaban los paneles solares, interrumpiendo la carga de las bater\u00edas y dejando sin funcionar el detector. Para solucionar esto y tratando de no molestar a las aves, se dise\u00f1aron brazos adaptadores para desplazar la antena y evitar que los excrementos de las aves cayeran sobre el panel (ver fotograf\u00eda).<\/p>\n<p style=\"margin-bottom: 0cm; text-align: justify;\">A pesar de no ser un Observatorio astron\u00f3mico, el cielo es nuestra principal fuente de datos por lo cual existe la premisa de cuidarlo. Para evitar la contaminaci\u00f3n lum\u00ednica, se instalaron en el parque de nuestra estaci\u00f3n central farolas pintadas en su parte superior para que la iluminaci\u00f3n sea proyectada hacia abajo, aumentando el rendimiento y disminuyendo la luz dispersada hacia el cielo.<\/p>\n<p style=\"margin-bottom: 0cm\" align=\"JUSTIFY\"><span style=\"font-size: medium;\"><strong>Reutilizaci\u00f3n y recuperaci\u00f3n de materiales.<\/strong><\/span><\/p>\n<p style=\"margin-bottom: 0cm; text-align: justify;\">Como en cualquier proceso, las actividades del Observatorio generan residuos. De hecho, uno de los que se acopiaba en mayor cantidad, eran los residuos de embalaje de productos que ven\u00edan del exterior. Estos eran, por ejemplo, esponjas de alta densidad que se empezaron a donar a distintos lugares como escuelas, o albergues para hacer manualidades, colchonetas y hasta incluso esculturas. Tambi\u00e9n frascos de vidrio y bidones pl\u00e1sticos que conten\u00edan materiales necesarios para nuestras tareas, fueron lavados bajo un detallado procedimiento de trabajo y destinados al Hospital Regional para preparaci\u00f3n de desinfectantes iodados en el caso de los frascos y a la Municipalidad de Malarg\u00fce para contener pilas en el caso de los bidones.<\/p>\n<p style=\"margin-bottom: 0cm; text-align: justify;\">Las bater\u00edas que usan los detectores para funcionar, propuso el mayor desaf\u00edo en cuanto a  gesti\u00f3n de residuos ya que son m\u00e1s de 3000 (se utilizan dos por detector) que se renuevan, cada 3 a\u00f1os de utiliad, aproximadamente. Para lograr  que casi 80 tn de bater\u00edas residuales fueran manejadas durante todo ese tiempo y gestionadas adecuadamente, se lleg\u00f3 a un acuerdo con el fabricante quien las recepciona, las desarma y recicla casi en su totalidad para incorporar esos materiales de nuevo en su l\u00ednea de producci\u00f3n, dejando un certificado emitido por organismos nacionales como prueba de la gesti\u00f3n.<\/p>\n<p style=\"margin-bottom: 0.35cm; text-align: justify;\">En lo que a residuos de aparatos el\u00e9ctricos y electr\u00f3nicos (RAEE) respecta, la gesti\u00f3n que se est\u00e1 llevando a cabo consiste en clasificar y almacenar CPUs, monitores, mouses, teclados, celulares y componentes electr\u00f3nicos en general, con el fin de enviarlos a Buenos Aires a una planta especializada en el tema, que recupera y\/\u00f3 recicla la mayor\u00eda de los componetes.<\/p>\n<p style=\"margin-bottom: 0.35cm; text-align: justify;\">En este mismo sentido, se est\u00e1 avanzando en conjunto con el gobierno departamental en proponer la creaci\u00f3n de \u201cpuntos limpios de RAEE\u201d en escuelas y otras instituciones con el aporte de capacitaci\u00f3n a docentes y alumnos de los procesos b\u00e1sicos a llevarse a cabo para luego centralizar los elementos en el Observatorio para su env\u00edo y posterior reciclado.<\/p>\n<p style=\"margin-bottom: 0.35cm\" align=\"JUSTIFY\"><img decoding=\"async\" class=\" size-full wp-image-129\" src=\"https:\/\/visitantes.auger.org.ar\/wp-content\/uploads\/2012\/07\/baterias.jpg\" border=\"0\" title=\"Reciclado de bater\u00edas\" width=\"209\" height=\"179\" \/><img decoding=\"async\" class=\" size-full wp-image-130\" src=\"https:\/\/visitantes.auger.org.ar\/wp-content\/uploads\/2012\/07\/reciclado-sist.jpg\" border=\"0\" title=\"Reciclado de materiales\" width=\"235\" height=\"179\" \/><\/p>\n","protected":false},"excerpt":{"rendered":"<p>Minimizaci\u00f3n del impacto ambiental. Desde sus comienzos y con el aviso de proyecto presentado al iniciar sus actividades, el Observatorio Pierre Auger ha sostenido la necesidad y el compromiso de llevar adelante una correcta gesti\u00f3n ambiental. Para ello, desde la fase de dise\u00f1o del experimento, se busc\u00f3 minimizar el impacto ambiental de las tareas desarrolladas [&hellip;]<\/p>\n","protected":false},"author":1,"featured_media":128,"comment_status":"open","ping_status":"open","sticky":false,"template":"","format":"standard","meta":{"_jetpack_memberships_contains_paid_content":false,"footnotes":""},"categories":[10],"tags":[],"class_list":["post-131","post","type-post","status-publish","format-standard","has-post-thumbnail","hentry","category-novedades"],"jetpack_featured_media_url":"https:\/\/visitantes.auger.org.ar\/wp-content\/uploads\/2012\/07\/p2260340.jpg","jetpack_sharing_enabled":true,"rttpg_featured_image_url":{"full":["https:\/\/visitantes.auger.org.ar\/wp-content\/uploads\/2012\/07\/p2260340.jpg",640,480,false],"landscape":["https:\/\/visitantes.auger.org.ar\/wp-content\/uploads\/2012\/07\/p2260340.jpg",640,480,false],"portraits":["https:\/\/visitantes.auger.org.ar\/wp-content\/uploads\/2012\/07\/p2260340.jpg",640,480,false],"thumbnail":["https:\/\/visitantes.auger.org.ar\/wp-content\/uploads\/2012\/07\/p2260340-250x250.jpg",250,250,true],"medium":["https:\/\/visitantes.auger.org.ar\/wp-content\/uploads\/2012\/07\/p2260340-300x225.jpg",300,225,true],"large":["https:\/\/visitantes.auger.org.ar\/wp-content\/uploads\/2012\/07\/p2260340.jpg",640,480,false],"1536x1536":["https:\/\/visitantes.auger.org.ar\/wp-content\/uploads\/2012\/07\/p2260340.jpg",640,480,false],"2048x2048":["https:\/\/visitantes.auger.org.ar\/wp-content\/uploads\/2012\/07\/p2260340.jpg",640,480,false]},"rttpg_author":{"display_name":"PierreUser","author_link":"https:\/\/visitantes.auger.org.ar\/index.php\/author\/pierreuser\/"},"rttpg_comment":0,"rttpg_category":"<a href=\"https:\/\/visitantes.auger.org.ar\/index.php\/category\/auger\/novedades\/\" rel=\"category tag\">Novedades<\/a>","rttpg_excerpt":"Minimizaci\u00f3n del impacto ambiental. Desde sus comienzos y con el aviso de proyecto presentado al iniciar sus actividades, el Observatorio Pierre Auger ha sostenido la necesidad y el compromiso de llevar adelante una correcta gesti\u00f3n ambiental. Para ello, desde la fase de dise\u00f1o del experimento, se busc\u00f3 minimizar el impacto ambiental de las tareas desarrolladas&hellip;","_links":{"self":[{"href":"https:\/\/visitantes.auger.org.ar\/index.php\/wp-json\/wp\/v2\/posts\/131","targetHints":{"allow":["GET"]}}],"collection":[{"href":"https:\/\/visitantes.auger.org.ar\/index.php\/wp-json\/wp\/v2\/posts"}],"about":[{"href":"https:\/\/visitantes.auger.org.ar\/index.php\/wp-json\/wp\/v2\/types\/post"}],"author":[{"embeddable":true,"href":"https:\/\/visitantes.auger.org.ar\/index.php\/wp-json\/wp\/v2\/users\/1"}],"replies":[{"embeddable":true,"href":"https:\/\/visitantes.auger.org.ar\/index.php\/wp-json\/wp\/v2\/comments?post=131"}],"version-history":[{"count":0,"href":"https:\/\/visitantes.auger.org.ar\/index.php\/wp-json\/wp\/v2\/posts\/131\/revisions"}],"wp:featuredmedia":[{"embeddable":true,"href":"https:\/\/visitantes.auger.org.ar\/index.php\/wp-json\/wp\/v2\/media\/128"}],"wp:attachment":[{"href":"https:\/\/visitantes.auger.org.ar\/index.php\/wp-json\/wp\/v2\/media?parent=131"}],"wp:term":[{"taxonomy":"category","embeddable":true,"href":"https:\/\/visitantes.auger.org.ar\/index.php\/wp-json\/wp\/v2\/categories?post=131"},{"taxonomy":"post_tag","embeddable":true,"href":"https:\/\/visitantes.auger.org.ar\/index.php\/wp-json\/wp\/v2\/tags?post=131"}],"curies":[{"name":"wp","href":"https:\/\/api.w.org\/{rel}","templated":true}]}}