{"id":137,"date":"2012-10-10T19:16:52","date_gmt":"2012-10-10T19:16:52","guid":{"rendered":"http:\/\/web.auger.org.ar\/visitantes\/animus\/index.php\/2012\/10\/10\/cuartaferia\/"},"modified":"2012-10-10T19:16:52","modified_gmt":"2012-10-10T19:16:52","slug":"cuartaferia","status":"publish","type":"post","link":"https:\/\/visitantes.auger.org.ar\/index.php\/cuartaferia\/","title":{"rendered":"4\u00ba Feria de Ciencias del Observatorio Pierre Auger"},"content":{"rendered":"<p style=\"text-align: center;\">\n<p style=\"text-align: justify;\">Al cumplirse este a\u00f1o el centenario del descubrimiento de los rayos c\u00f3smicos, el Observatorio Pierre Auger organiza la 4\u00ba Feria de Ciencias, del 15 al 17 de noviembre de\u00a02012. Podr\u00e1n participar en esta Feria de Ciencias, en forma individual o grupal, alumnos de nivel inicial, primaria, secundaria, adultos (Cebja y Cens), y educaci\u00f3n especial de jurisdicci\u00f3n nacional, provincial, municipal de gesti\u00f3n estatal o privada, pertenecientes a los departamentos de la provincia de Mendoza.<\/p>\n<p>Se invita a docentes, alumnos, familiares, amigos y a toda la comunidad de Malarg\u00fce a presenciar las muestras el jueves 15 y viernes 16 de noviembre, de 15 a 19 horas; y el cierre es el s\u00e1bado 17 de noviembre a las 11 hs.<\/p>\n<p>Mas informaci\u00f3n\u2026<\/p>\n<p>  <!--more-->  <\/p>\n<ul>\n<li><a href=\"https:\/\/visitantes.auger.org.ar\/wp-content\/uploads\/2012\/10\/2012_invitacion_feria.pdf\" target=\"_blank\">Invitaci\u00f3n<\/a><\/li>\n<li><a href=\"https:\/\/visitantes.auger.org.ar\/wp-content\/uploads\/2012\/10\/reglamento_feria.pdf\" target=\"_blank\">Reglamento<\/a><\/li>\n<li><a href=\"https:\/\/visitantes.auger.org.ar\/wp-content\/uploads\/2012\/10\/ficha_inscripcion.xls\" target=\"_blank\">Ficha de inscripci\u00f3n <\/a><\/li>\n<li>Facebook:<a href=\"https:\/\/www.facebook.com\/Feriaauger2012?ref=ts&amp;fref=ts\" target=\"_blank\"> 4\u00ba Feria de Ciencias Observatorio Pierre Auger 2012<\/a><\/li>\n<li>Para mayor informaci\u00f3n: <a href=\"mailto:feria@auger.org.ar\">feria@auger.org.ar<\/a> <\/li>\n<\/ul>\n<div><img decoding=\"async\" class=\" size-full wp-image-136\" src=\"https:\/\/visitantes.auger.org.ar\/wp-content\/uploads\/2012\/10\/logo-2012-1.jpg\" border=\"0\" width=\"206\" height=\"50\" srcset=\"https:\/\/visitantes.auger.org.ar\/wp-content\/uploads\/2012\/10\/logo-2012-1.jpg 206w, https:\/\/visitantes.auger.org.ar\/wp-content\/uploads\/2012\/10\/logo-2012-1-50x12.jpg 50w, https:\/\/visitantes.auger.org.ar\/wp-content\/uploads\/2012\/10\/logo-2012-1-150x36.jpg 150w\" sizes=\"(max-width: 206px) 100vw, 206px\" \/><\/div>\n","protected":false},"excerpt":{"rendered":"<p>Al cumplirse este a\u00f1o el centenario del descubrimiento de los rayos c\u00f3smicos, el Observatorio Pierre Auger organiza la 4\u00ba Feria de Ciencias, del 15 al 17 de noviembre de\u00a02012. Podr\u00e1n participar en esta Feria de Ciencias, en forma individual o grupal, alumnos de nivel inicial, primaria, secundaria, adultos (Cebja y Cens), y educaci\u00f3n especial de [&hellip;]<\/p>\n","protected":false},"author":1,"featured_media":132,"comment_status":"open","ping_status":"open","sticky":false,"template":"","format":"standard","meta":{"_jetpack_memberships_contains_paid_content":false,"footnotes":""},"categories":[10],"tags":[],"class_list":["post-137","post","type-post","status-publish","format-standard","has-post-thumbnail","hentry","category-novedades"],"jetpack_featured_media_url":"https:\/\/visitantes.auger.org.ar\/wp-content\/uploads\/2012\/10\/2012-afiche-feria-de-ciencias.jpg","jetpack_sharing_enabled":true,"rttpg_featured_image_url":{"full":["https:\/\/visitantes.auger.org.ar\/wp-content\/uploads\/2012\/10\/2012-afiche-feria-de-ciencias.jpg",211,299,false],"landscape":["https:\/\/visitantes.auger.org.ar\/wp-content\/uploads\/2012\/10\/2012-afiche-feria-de-ciencias.jpg",211,299,false],"portraits":["https:\/\/visitantes.auger.org.ar\/wp-content\/uploads\/2012\/10\/2012-afiche-feria-de-ciencias.jpg",211,299,false],"thumbnail":["https:\/\/visitantes.auger.org.ar\/wp-content\/uploads\/2012\/10\/2012-afiche-feria-de-ciencias-211x250.jpg",211,250,true],"medium":["https:\/\/visitantes.auger.org.ar\/wp-content\/uploads\/2012\/10\/2012-afiche-feria-de-ciencias.jpg",211,299,false],"large":["https:\/\/visitantes.auger.org.ar\/wp-content\/uploads\/2012\/10\/2012-afiche-feria-de-ciencias.jpg",211,299,false],"1536x1536":["https:\/\/visitantes.auger.org.ar\/wp-content\/uploads\/2012\/10\/2012-afiche-feria-de-ciencias.jpg",211,299,false],"2048x2048":["https:\/\/visitantes.auger.org.ar\/wp-content\/uploads\/2012\/10\/2012-afiche-feria-de-ciencias.jpg",211,299,false]},"rttpg_author":{"display_name":"PierreUser","author_link":"https:\/\/visitantes.auger.org.ar\/index.php\/author\/pierreuser\/"},"rttpg_comment":0,"rttpg_category":"<a href=\"https:\/\/visitantes.auger.org.ar\/index.php\/category\/auger\/novedades\/\" rel=\"category tag\">Novedades<\/a>","rttpg_excerpt":"Al cumplirse este a\u00f1o el centenario del descubrimiento de los rayos c\u00f3smicos, el Observatorio Pierre Auger organiza la 4\u00ba Feria de Ciencias, del 15 al 17 de noviembre de\u00a02012. Podr\u00e1n participar en esta Feria de Ciencias, en forma individual o grupal, alumnos de nivel inicial, primaria, secundaria, adultos (Cebja y Cens), y educaci\u00f3n especial de&hellip;","_links":{"self":[{"href":"https:\/\/visitantes.auger.org.ar\/index.php\/wp-json\/wp\/v2\/posts\/137","targetHints":{"allow":["GET"]}}],"collection":[{"href":"https:\/\/visitantes.auger.org.ar\/index.php\/wp-json\/wp\/v2\/posts"}],"about":[{"href":"https:\/\/visitantes.auger.org.ar\/index.php\/wp-json\/wp\/v2\/types\/post"}],"author":[{"embeddable":true,"href":"https:\/\/visitantes.auger.org.ar\/index.php\/wp-json\/wp\/v2\/users\/1"}],"replies":[{"embeddable":true,"href":"https:\/\/visitantes.auger.org.ar\/index.php\/wp-json\/wp\/v2\/comments?post=137"}],"version-history":[{"count":0,"href":"https:\/\/visitantes.auger.org.ar\/index.php\/wp-json\/wp\/v2\/posts\/137\/revisions"}],"wp:featuredmedia":[{"embeddable":true,"href":"https:\/\/visitantes.auger.org.ar\/index.php\/wp-json\/wp\/v2\/media\/132"}],"wp:attachment":[{"href":"https:\/\/visitantes.auger.org.ar\/index.php\/wp-json\/wp\/v2\/media?parent=137"}],"wp:term":[{"taxonomy":"category","embeddable":true,"href":"https:\/\/visitantes.auger.org.ar\/index.php\/wp-json\/wp\/v2\/categories?post=137"},{"taxonomy":"post_tag","embeddable":true,"href":"https:\/\/visitantes.auger.org.ar\/index.php\/wp-json\/wp\/v2\/tags?post=137"}],"curies":[{"name":"wp","href":"https:\/\/api.w.org\/{rel}","templated":true}]}}