{"id":139,"date":"2013-02-27T19:30:57","date_gmt":"2013-02-27T19:30:57","guid":{"rendered":"http:\/\/web.auger.org.ar\/visitantes\/animus\/index.php\/2013\/02\/27\/visitantes\/"},"modified":"2013-02-27T19:30:57","modified_gmt":"2013-02-27T19:30:57","slug":"visitantes","status":"publish","type":"post","link":"https:\/\/visitantes.auger.org.ar\/index.php\/visitantes\/","title":{"rendered":"Recibiremos al Visitante N\u00ba 80000"},"content":{"rendered":"<p style=\"text-align: center;\">\n<p style=\"text-align: justify;\">Durante esta semana se esta llevando a cabo la XXVIII reuni\u00f3n de la  colaboraci\u00f3n internacional del Observatorio Pierre Auger y el cual tendr\u00e1 el orgullo  de recibir al visitante n\u00famero 80000 en su centro de visitantes!!!<\/p>\n<p style=\"text-align: justify;\">Por estos motivos es un gusto poder invitarlos a este acontecimiento que  se llevar\u00e1 a cabo el d\u00eda jueves 28 de febrero de 2013 a partir de las  18:00 horas en la sede del Observatorio Pierre Auger, el detector de  rayos c\u00f3smicos m\u00e1s grande del mundo.<\/p>\n<p style=\"text-align: justify;\">El grupo de turistas y ciudadanos de Malarg\u00fce que nos visiten ese d\u00eda a las 17 horas,  tendr\u00e1n la oportunidad de conocer y conversar con uno de los fundadores  de este experimento y Premio Nobel de F\u00edsica a\u00f1o 1980, Dr.  James W. Cronin. Tambi\u00e9n estar\u00e1n presentes y responder\u00e1n preguntas, los  jefes de los nuevos proyectos que esta encarando el observatorio en el  futuro. Los esperamos!<\/p>\n","protected":false},"excerpt":{"rendered":"<p>Durante esta semana se esta llevando a cabo la XXVIII reuni\u00f3n de la colaboraci\u00f3n internacional del Observatorio Pierre Auger y el cual tendr\u00e1 el orgullo de recibir al visitante n\u00famero 80000 en su centro de visitantes!!! Por estos motivos es un gusto poder invitarlos a este acontecimiento que se llevar\u00e1 a cabo el d\u00eda jueves [&hellip;]<\/p>\n","protected":false},"author":1,"featured_media":138,"comment_status":"open","ping_status":"open","sticky":false,"template":"","format":"standard","meta":{"_jetpack_memberships_contains_paid_content":false,"footnotes":""},"categories":[10],"tags":[],"class_list":["post-139","post","type-post","status-publish","format-standard","has-post-thumbnail","hentry","category-novedades"],"jetpack_featured_media_url":"https:\/\/visitantes.auger.org.ar\/wp-content\/uploads\/2013\/02\/auger_collaboration_26february2013_480.jpg","jetpack_sharing_enabled":true,"rttpg_featured_image_url":{"full":["https:\/\/visitantes.auger.org.ar\/wp-content\/uploads\/2013\/02\/auger_collaboration_26february2013_480.jpg",480,318,false],"landscape":["https:\/\/visitantes.auger.org.ar\/wp-content\/uploads\/2013\/02\/auger_collaboration_26february2013_480.jpg",480,318,false],"portraits":["https:\/\/visitantes.auger.org.ar\/wp-content\/uploads\/2013\/02\/auger_collaboration_26february2013_480.jpg",480,318,false],"thumbnail":["https:\/\/visitantes.auger.org.ar\/wp-content\/uploads\/2013\/02\/auger_collaboration_26february2013_480-250x250.jpg",250,250,true],"medium":["https:\/\/visitantes.auger.org.ar\/wp-content\/uploads\/2013\/02\/auger_collaboration_26february2013_480-300x199.jpg",300,199,true],"large":["https:\/\/visitantes.auger.org.ar\/wp-content\/uploads\/2013\/02\/auger_collaboration_26february2013_480.jpg",480,318,false],"1536x1536":["https:\/\/visitantes.auger.org.ar\/wp-content\/uploads\/2013\/02\/auger_collaboration_26february2013_480.jpg",480,318,false],"2048x2048":["https:\/\/visitantes.auger.org.ar\/wp-content\/uploads\/2013\/02\/auger_collaboration_26february2013_480.jpg",480,318,false]},"rttpg_author":{"display_name":"PierreUser","author_link":"https:\/\/visitantes.auger.org.ar\/index.php\/author\/pierreuser\/"},"rttpg_comment":0,"rttpg_category":"<a href=\"https:\/\/visitantes.auger.org.ar\/index.php\/category\/auger\/novedades\/\" rel=\"category tag\">Novedades<\/a>","rttpg_excerpt":"Durante esta semana se esta llevando a cabo la XXVIII reuni\u00f3n de la colaboraci\u00f3n internacional del Observatorio Pierre Auger y el cual tendr\u00e1 el orgullo de recibir al visitante n\u00famero 80000 en su centro de visitantes!!! Por estos motivos es un gusto poder invitarlos a este acontecimiento que se llevar\u00e1 a cabo el d\u00eda jueves&hellip;","_links":{"self":[{"href":"https:\/\/visitantes.auger.org.ar\/index.php\/wp-json\/wp\/v2\/posts\/139","targetHints":{"allow":["GET"]}}],"collection":[{"href":"https:\/\/visitantes.auger.org.ar\/index.php\/wp-json\/wp\/v2\/posts"}],"about":[{"href":"https:\/\/visitantes.auger.org.ar\/index.php\/wp-json\/wp\/v2\/types\/post"}],"author":[{"embeddable":true,"href":"https:\/\/visitantes.auger.org.ar\/index.php\/wp-json\/wp\/v2\/users\/1"}],"replies":[{"embeddable":true,"href":"https:\/\/visitantes.auger.org.ar\/index.php\/wp-json\/wp\/v2\/comments?post=139"}],"version-history":[{"count":0,"href":"https:\/\/visitantes.auger.org.ar\/index.php\/wp-json\/wp\/v2\/posts\/139\/revisions"}],"wp:featuredmedia":[{"embeddable":true,"href":"https:\/\/visitantes.auger.org.ar\/index.php\/wp-json\/wp\/v2\/media\/138"}],"wp:attachment":[{"href":"https:\/\/visitantes.auger.org.ar\/index.php\/wp-json\/wp\/v2\/media?parent=139"}],"wp:term":[{"taxonomy":"category","embeddable":true,"href":"https:\/\/visitantes.auger.org.ar\/index.php\/wp-json\/wp\/v2\/categories?post=139"},{"taxonomy":"post_tag","embeddable":true,"href":"https:\/\/visitantes.auger.org.ar\/index.php\/wp-json\/wp\/v2\/tags?post=139"}],"curies":[{"name":"wp","href":"https:\/\/api.w.org\/{rel}","templated":true}]}}