{"id":141,"date":"2013-03-08T12:32:04","date_gmt":"2013-03-08T12:32:04","guid":{"rendered":"http:\/\/web.auger.org.ar\/visitantes\/animus\/index.php\/2013\/03\/08\/visitor\/"},"modified":"2013-03-08T12:32:04","modified_gmt":"2013-03-08T12:32:04","slug":"visitor","status":"publish","type":"post","link":"https:\/\/visitantes.auger.org.ar\/index.php\/visitor\/","title":{"rendered":"80.000 visitantes"},"content":{"rendered":"<p style=\"text-align: center;\">\n<p style=\"text-align: justify;\">El d\u00eda jueves 28 de febrero de 2013 el Observatorio Pierre Auger recibi\u00f3 a su visitante n\u00famero 80000 en su centro de visitantes.<\/p>\n<p style=\"text-align: justify;\">El grupo de turistas y ciudadanos de Malarg\u00fce que nos visitaron ese d\u00eda tuvieron la oportunidad de conocer y conversar con uno de los fundadores del Observatorio Pierre Auger y Premio Nobel de F\u00edsica a\u00f1o 1980, Dr. James W. Cronin. Tambi\u00e9n estuvieron los jefes de los nuevos proyectos que est\u00e1 encarando el Observatorio en el futuro.<\/p>\n<p style=\"text-align: justify;\">Durante esa semana se estuvo llevando a cabo la XXVIII reuni\u00f3n de la colaboraci\u00f3n internacional del proyecto Pierre Auger.<\/p>\n","protected":false},"excerpt":{"rendered":"<p>El d\u00eda jueves 28 de febrero de 2013 el Observatorio Pierre Auger recibi\u00f3 a su visitante n\u00famero 80000 en su centro de visitantes. El grupo de turistas y ciudadanos de Malarg\u00fce que nos visitaron ese d\u00eda tuvieron la oportunidad de conocer y conversar con uno de los fundadores del Observatorio Pierre Auger y Premio Nobel [&hellip;]<\/p>\n","protected":false},"author":1,"featured_media":140,"comment_status":"open","ping_status":"open","sticky":false,"template":"","format":"standard","meta":{"_jetpack_memberships_contains_paid_content":false,"footnotes":""},"categories":[10],"tags":[],"class_list":["post-141","post","type-post","status-publish","format-standard","has-post-thumbnail","hentry","category-novedades"],"jetpack_featured_media_url":"https:\/\/visitantes.auger.org.ar\/wp-content\/uploads\/2013\/03\/dscn3232_480.jpg","jetpack_sharing_enabled":true,"rttpg_featured_image_url":{"full":["https:\/\/visitantes.auger.org.ar\/wp-content\/uploads\/2013\/03\/dscn3232_480.jpg",480,360,false],"landscape":["https:\/\/visitantes.auger.org.ar\/wp-content\/uploads\/2013\/03\/dscn3232_480.jpg",480,360,false],"portraits":["https:\/\/visitantes.auger.org.ar\/wp-content\/uploads\/2013\/03\/dscn3232_480.jpg",480,360,false],"thumbnail":["https:\/\/visitantes.auger.org.ar\/wp-content\/uploads\/2013\/03\/dscn3232_480-250x250.jpg",250,250,true],"medium":["https:\/\/visitantes.auger.org.ar\/wp-content\/uploads\/2013\/03\/dscn3232_480-300x225.jpg",300,225,true],"large":["https:\/\/visitantes.auger.org.ar\/wp-content\/uploads\/2013\/03\/dscn3232_480.jpg",480,360,false],"1536x1536":["https:\/\/visitantes.auger.org.ar\/wp-content\/uploads\/2013\/03\/dscn3232_480.jpg",480,360,false],"2048x2048":["https:\/\/visitantes.auger.org.ar\/wp-content\/uploads\/2013\/03\/dscn3232_480.jpg",480,360,false]},"rttpg_author":{"display_name":"PierreUser","author_link":"https:\/\/visitantes.auger.org.ar\/index.php\/author\/pierreuser\/"},"rttpg_comment":0,"rttpg_category":"<a href=\"https:\/\/visitantes.auger.org.ar\/index.php\/category\/auger\/novedades\/\" rel=\"category tag\">Novedades<\/a>","rttpg_excerpt":"El d\u00eda jueves 28 de febrero de 2013 el Observatorio Pierre Auger recibi\u00f3 a su visitante n\u00famero 80000 en su centro de visitantes. El grupo de turistas y ciudadanos de Malarg\u00fce que nos visitaron ese d\u00eda tuvieron la oportunidad de conocer y conversar con uno de los fundadores del Observatorio Pierre Auger y Premio Nobel&hellip;","_links":{"self":[{"href":"https:\/\/visitantes.auger.org.ar\/index.php\/wp-json\/wp\/v2\/posts\/141","targetHints":{"allow":["GET"]}}],"collection":[{"href":"https:\/\/visitantes.auger.org.ar\/index.php\/wp-json\/wp\/v2\/posts"}],"about":[{"href":"https:\/\/visitantes.auger.org.ar\/index.php\/wp-json\/wp\/v2\/types\/post"}],"author":[{"embeddable":true,"href":"https:\/\/visitantes.auger.org.ar\/index.php\/wp-json\/wp\/v2\/users\/1"}],"replies":[{"embeddable":true,"href":"https:\/\/visitantes.auger.org.ar\/index.php\/wp-json\/wp\/v2\/comments?post=141"}],"version-history":[{"count":0,"href":"https:\/\/visitantes.auger.org.ar\/index.php\/wp-json\/wp\/v2\/posts\/141\/revisions"}],"wp:featuredmedia":[{"embeddable":true,"href":"https:\/\/visitantes.auger.org.ar\/index.php\/wp-json\/wp\/v2\/media\/140"}],"wp:attachment":[{"href":"https:\/\/visitantes.auger.org.ar\/index.php\/wp-json\/wp\/v2\/media?parent=141"}],"wp:term":[{"taxonomy":"category","embeddable":true,"href":"https:\/\/visitantes.auger.org.ar\/index.php\/wp-json\/wp\/v2\/categories?post=141"},{"taxonomy":"post_tag","embeddable":true,"href":"https:\/\/visitantes.auger.org.ar\/index.php\/wp-json\/wp\/v2\/tags?post=141"}],"curies":[{"name":"wp","href":"https:\/\/api.w.org\/{rel}","templated":true}]}}