{"id":145,"date":"2013-12-12T21:58:40","date_gmt":"2013-12-12T21:58:40","guid":{"rendered":"http:\/\/web.auger.org.ar\/visitantes\/animus\/index.php\/2013\/12\/12\/malargue\/"},"modified":"2013-12-12T21:58:40","modified_gmt":"2013-12-12T21:58:40","slug":"malargue","status":"publish","type":"post","link":"https:\/\/visitantes.auger.org.ar\/index.php\/malargue\/","title":{"rendered":"Malarg\u00fce celebr\u00f3 su 63\u00ba Aniversario"},"content":{"rendered":"<p style=\"text-align: center;\">\n<p style=\"text-align: justify;\"><span>En el marco del 63\u00ba aniversario del  departamento, el Observatorio Pierre Auger particip\u00f3 como cada a\u00f1o del  desfile que se realiza en Avenida San Mart\u00edn de esta ciudad. Los  cient\u00edficos caminan saludando a la comunidad en agradecimiento por el  apoyo constante que esta brindando al observatorio. Luego de haber  finalizado la reuni\u00f3n de la colaboraci\u00f3n internacional, los cient\u00edficos  disfrutan junto a la comunidad el cumplea\u00f1os del departamento. <br \/> <\/span><\/p>\n<p>  <!--more-->  <\/p>\n<p style=\"text-align: justify;\">El observatorio Auger es el m\u00e1s grande del mundo en el estudio de rayos  c\u00f3smicos de altas energ\u00edas. Actualmente trabajan alredededor de 550  cient\u00edficos de 100 instituciones de 18 pa\u00edses participantes: Alemania,  Argentina, Australia, Brasil, Bolivia, Croacia, Eslovenia, Espa\u00f1a,  Estados Unidos, Francia, Holanda, Italia, M\u00e9xico, Polonia, Portugal,  Reino Unido, Republica Checa y Vietnam.<\/p>\n<p style=\"text-align: right;\">S\u00e1bado 16-Nov-2013<\/p>\n","protected":false},"excerpt":{"rendered":"<p>En el marco del 63\u00ba aniversario del departamento, el Observatorio Pierre Auger particip\u00f3 como cada a\u00f1o del desfile que se realiza en Avenida San Mart\u00edn de esta ciudad. Los cient\u00edficos caminan saludando a la comunidad en agradecimiento por el apoyo constante que esta brindando al observatorio. Luego de haber finalizado la reuni\u00f3n de la colaboraci\u00f3n [&hellip;]<\/p>\n","protected":false},"author":1,"featured_media":144,"comment_status":"open","ping_status":"open","sticky":false,"template":"","format":"standard","meta":{"_jetpack_memberships_contains_paid_content":false,"footnotes":""},"categories":[10],"tags":[],"class_list":["post-145","post","type-post","status-publish","format-standard","has-post-thumbnail","hentry","category-novedades"],"jetpack_featured_media_url":"https:\/\/visitantes.auger.org.ar\/wp-content\/uploads\/2013\/12\/dsc_2888-medium.jpg","jetpack_sharing_enabled":true,"rttpg_featured_image_url":{"full":["https:\/\/visitantes.auger.org.ar\/wp-content\/uploads\/2013\/12\/dsc_2888-medium.jpg",450,298,false],"landscape":["https:\/\/visitantes.auger.org.ar\/wp-content\/uploads\/2013\/12\/dsc_2888-medium.jpg",450,298,false],"portraits":["https:\/\/visitantes.auger.org.ar\/wp-content\/uploads\/2013\/12\/dsc_2888-medium.jpg",450,298,false],"thumbnail":["https:\/\/visitantes.auger.org.ar\/wp-content\/uploads\/2013\/12\/dsc_2888-medium-250x250.jpg",250,250,true],"medium":["https:\/\/visitantes.auger.org.ar\/wp-content\/uploads\/2013\/12\/dsc_2888-medium-300x199.jpg",300,199,true],"large":["https:\/\/visitantes.auger.org.ar\/wp-content\/uploads\/2013\/12\/dsc_2888-medium.jpg",450,298,false],"1536x1536":["https:\/\/visitantes.auger.org.ar\/wp-content\/uploads\/2013\/12\/dsc_2888-medium.jpg",450,298,false],"2048x2048":["https:\/\/visitantes.auger.org.ar\/wp-content\/uploads\/2013\/12\/dsc_2888-medium.jpg",450,298,false]},"rttpg_author":{"display_name":"PierreUser","author_link":"https:\/\/visitantes.auger.org.ar\/index.php\/author\/pierreuser\/"},"rttpg_comment":0,"rttpg_category":"<a href=\"https:\/\/visitantes.auger.org.ar\/index.php\/category\/auger\/novedades\/\" rel=\"category tag\">Novedades<\/a>","rttpg_excerpt":"En el marco del 63\u00ba aniversario del departamento, el Observatorio Pierre Auger particip\u00f3 como cada a\u00f1o del desfile que se realiza en Avenida San Mart\u00edn de esta ciudad. Los cient\u00edficos caminan saludando a la comunidad en agradecimiento por el apoyo constante que esta brindando al observatorio. Luego de haber finalizado la reuni\u00f3n de la colaboraci\u00f3n&hellip;","_links":{"self":[{"href":"https:\/\/visitantes.auger.org.ar\/index.php\/wp-json\/wp\/v2\/posts\/145","targetHints":{"allow":["GET"]}}],"collection":[{"href":"https:\/\/visitantes.auger.org.ar\/index.php\/wp-json\/wp\/v2\/posts"}],"about":[{"href":"https:\/\/visitantes.auger.org.ar\/index.php\/wp-json\/wp\/v2\/types\/post"}],"author":[{"embeddable":true,"href":"https:\/\/visitantes.auger.org.ar\/index.php\/wp-json\/wp\/v2\/users\/1"}],"replies":[{"embeddable":true,"href":"https:\/\/visitantes.auger.org.ar\/index.php\/wp-json\/wp\/v2\/comments?post=145"}],"version-history":[{"count":0,"href":"https:\/\/visitantes.auger.org.ar\/index.php\/wp-json\/wp\/v2\/posts\/145\/revisions"}],"wp:featuredmedia":[{"embeddable":true,"href":"https:\/\/visitantes.auger.org.ar\/index.php\/wp-json\/wp\/v2\/media\/144"}],"wp:attachment":[{"href":"https:\/\/visitantes.auger.org.ar\/index.php\/wp-json\/wp\/v2\/media?parent=145"}],"wp:term":[{"taxonomy":"category","embeddable":true,"href":"https:\/\/visitantes.auger.org.ar\/index.php\/wp-json\/wp\/v2\/categories?post=145"},{"taxonomy":"post_tag","embeddable":true,"href":"https:\/\/visitantes.auger.org.ar\/index.php\/wp-json\/wp\/v2\/tags?post=145"}],"curies":[{"name":"wp","href":"https:\/\/api.w.org\/{rel}","templated":true}]}}