{"id":153,"date":"2014-10-01T14:07:25","date_gmt":"2014-10-01T14:07:25","guid":{"rendered":"http:\/\/web.auger.org.ar\/visitantes\/animus\/index.php\/2014\/10\/01\/concurso-de-fotografia-digital-qluz-cosmicaq\/"},"modified":"2014-10-01T14:07:25","modified_gmt":"2014-10-01T14:07:25","slug":"concurso-de-fotografia-digital-qluz-cosmicaq","status":"publish","type":"post","link":"https:\/\/visitantes.auger.org.ar\/index.php\/concurso-de-fotografia-digital-qluz-cosmicaq\/","title":{"rendered":"Concurso de fotograf\u00eda digital &#8220;Luz C\u00f3smica&#8221;"},"content":{"rendered":"<p style=\"text-align: center;\">\n<p><span style=\"line-height: 1.3em;\">La Conferencia General de las Naciones Unidas, en su 37\u00aa reuni\u00f3n, declar\u00f3 al a\u00f1o 2015 como A\u00d1O INTERNACIONAL DE LA LUZ.<\/span><span style=\"line-height: 1.3em;\"> <\/span><\/p>\n<p>Es esencial que cada uno aprecie plenamente la importancia de<span style=\"line-height: 1.3em;\">l estudio cient\u00edfico de la<\/span><span style=\"line-height: 1.3em;\"> f\u00edsica de la luz y la aplicaci\u00f3n de las tecnolog\u00edas basadas en la luz para el desarrollo sostenible mundial, al convertirse en una disciplina transversal clave de la ciencia y la ingenier\u00eda en el siglo XX.<\/span><span style=\"line-height: 1.3em;\"> <\/span><\/p>\n<p><span style=\"line-height: 1.3em;\"> <\/span><\/p>\n<p>  <!--more-->  <\/p>\n<p><span style=\"line-height: 1.3em;\">En 2015 se conmemorar\u00e1 una notable serie de hitos en la historia de la ciencia de la luz que se remontan a 1000, 200, 150, 100 y 50 a\u00f1os. En 1815, en Francia Fresnel expuso la teor\u00eda del car\u00e1cter ondulatorio de la luz; en 1865, en Inglaterra Maxwell describi\u00f3 la teor\u00eda electromagn\u00e9tica de la luz; en 1915, en Alemania Einstein desarroll\u00f3 la Relatividad General que confirm\u00f3 el papel central de la luz en el espacio y en el tiempo; y en 1965, en los Estados Unidos Penzias y Wilson descubrieron el fondo c\u00f3smico de microondas, eco de la creaci\u00f3n del universo. Adem\u00e1s, en 2015 se cumplir\u00e1n 1000 a\u00f1os desde que se publicaran los grandes trabajos de Ibn al-Haytham sobre la \u00f3ptica, en la Edad de Oro isl\u00e1mica. La conmemoraci\u00f3n de esos hitos en 2015 constituir\u00e1 una formidable oportunidad para llevar a cabo actividades educativas y de fortalecimiento de capacidades en todo el mundo.<\/span><\/p>\n","protected":false},"excerpt":{"rendered":"<p>La Conferencia General de las Naciones Unidas, en su 37\u00aa reuni\u00f3n, declar\u00f3 al a\u00f1o 2015 como A\u00d1O INTERNACIONAL DE LA LUZ. Es esencial que cada uno aprecie plenamente la importancia del estudio cient\u00edfico de la f\u00edsica de la luz y la aplicaci\u00f3n de las tecnolog\u00edas basadas en la luz para el desarrollo sostenible mundial, al [&hellip;]<\/p>\n","protected":false},"author":1,"featured_media":152,"comment_status":"open","ping_status":"open","sticky":false,"template":"","format":"standard","meta":{"_jetpack_memberships_contains_paid_content":false,"footnotes":""},"categories":[10],"tags":[],"class_list":["post-153","post","type-post","status-publish","format-standard","has-post-thumbnail","hentry","category-novedades"],"jetpack_featured_media_url":"https:\/\/visitantes.auger.org.ar\/wp-content\/uploads\/2014\/10\/portada2_2.png","jetpack_sharing_enabled":true,"rttpg_featured_image_url":{"full":["https:\/\/visitantes.auger.org.ar\/wp-content\/uploads\/2014\/10\/portada2_2.png",470,294,false],"landscape":["https:\/\/visitantes.auger.org.ar\/wp-content\/uploads\/2014\/10\/portada2_2.png",470,294,false],"portraits":["https:\/\/visitantes.auger.org.ar\/wp-content\/uploads\/2014\/10\/portada2_2.png",470,294,false],"thumbnail":["https:\/\/visitantes.auger.org.ar\/wp-content\/uploads\/2014\/10\/portada2_2-250x250.png",250,250,true],"medium":["https:\/\/visitantes.auger.org.ar\/wp-content\/uploads\/2014\/10\/portada2_2-300x188.png",300,188,true],"large":["https:\/\/visitantes.auger.org.ar\/wp-content\/uploads\/2014\/10\/portada2_2.png",470,294,false],"1536x1536":["https:\/\/visitantes.auger.org.ar\/wp-content\/uploads\/2014\/10\/portada2_2.png",470,294,false],"2048x2048":["https:\/\/visitantes.auger.org.ar\/wp-content\/uploads\/2014\/10\/portada2_2.png",470,294,false]},"rttpg_author":{"display_name":"PierreUser","author_link":"https:\/\/visitantes.auger.org.ar\/index.php\/author\/pierreuser\/"},"rttpg_comment":0,"rttpg_category":"<a href=\"https:\/\/visitantes.auger.org.ar\/index.php\/category\/auger\/novedades\/\" rel=\"category tag\">Novedades<\/a>","rttpg_excerpt":"La Conferencia General de las Naciones Unidas, en su 37\u00aa reuni\u00f3n, declar\u00f3 al a\u00f1o 2015 como A\u00d1O INTERNACIONAL DE LA LUZ. Es esencial que cada uno aprecie plenamente la importancia del estudio cient\u00edfico de la f\u00edsica de la luz y la aplicaci\u00f3n de las tecnolog\u00edas basadas en la luz para el desarrollo sostenible mundial, al&hellip;","_links":{"self":[{"href":"https:\/\/visitantes.auger.org.ar\/index.php\/wp-json\/wp\/v2\/posts\/153","targetHints":{"allow":["GET"]}}],"collection":[{"href":"https:\/\/visitantes.auger.org.ar\/index.php\/wp-json\/wp\/v2\/posts"}],"about":[{"href":"https:\/\/visitantes.auger.org.ar\/index.php\/wp-json\/wp\/v2\/types\/post"}],"author":[{"embeddable":true,"href":"https:\/\/visitantes.auger.org.ar\/index.php\/wp-json\/wp\/v2\/users\/1"}],"replies":[{"embeddable":true,"href":"https:\/\/visitantes.auger.org.ar\/index.php\/wp-json\/wp\/v2\/comments?post=153"}],"version-history":[{"count":0,"href":"https:\/\/visitantes.auger.org.ar\/index.php\/wp-json\/wp\/v2\/posts\/153\/revisions"}],"wp:featuredmedia":[{"embeddable":true,"href":"https:\/\/visitantes.auger.org.ar\/index.php\/wp-json\/wp\/v2\/media\/152"}],"wp:attachment":[{"href":"https:\/\/visitantes.auger.org.ar\/index.php\/wp-json\/wp\/v2\/media?parent=153"}],"wp:term":[{"taxonomy":"category","embeddable":true,"href":"https:\/\/visitantes.auger.org.ar\/index.php\/wp-json\/wp\/v2\/categories?post=153"},{"taxonomy":"post_tag","embeddable":true,"href":"https:\/\/visitantes.auger.org.ar\/index.php\/wp-json\/wp\/v2\/tags?post=153"}],"curies":[{"name":"wp","href":"https:\/\/api.w.org\/{rel}","templated":true}]}}