{"id":155,"date":"2015-04-14T13:49:30","date_gmt":"2015-04-14T13:49:30","guid":{"rendered":"http:\/\/web.auger.org.ar\/visitantes\/animus\/index.php\/2015\/04\/14\/la-brujula\/"},"modified":"2015-04-14T13:49:30","modified_gmt":"2015-04-14T13:49:30","slug":"la-brujula","status":"publish","type":"post","link":"https:\/\/visitantes.auger.org.ar\/index.php\/la-brujula\/","title":{"rendered":"La Br\u00fajula 2015"},"content":{"rendered":"<p>\u00a0<\/p>\n<p>\u00a0<\/p>\n<p style=\"text-align: center;\">\n<p>\u00a0<\/p>\n<p>Pasado, presente y futuro confluyen nuevamente en el espacio cultural  Julio Le Parc de la Ciudad de Mendoza Capital. La feria de  ciencia y tecnolog\u00eda m\u00e1s grande del interior del pa\u00eds <strong>&#8220;La Br\u00fajula<\/strong>&#8221; ya abri\u00f3 sus puertas.<\/p>\n<p>Se trata de la segunda edici\u00f3n de la exposici\u00f3n de ciencia y  tecnolog\u00eda aplicada, destinada a p\u00fablico en general con entrada libre y  gratuita, que contar\u00e1 con exhibiciones interactiva y multimedia, en la  cual se expondr\u00e1n conceptos cient\u00edficos b\u00e1sicos conjugados con  entretenimiento.<\/p>\n<p>El eje central de La Br\u00fajula ser\u00e1 la divulgaci\u00f3n y  transferencia a la comunidad del conocimiento y el uso de la tecnolog\u00eda  aplicada a la producci\u00f3n. A trav\u00e9s de un recorrido dividido en ocho  sectores, permitir\u00e1 a quienes la visiten, interactuar con el ecosistema  en el que se desenvuelve y lo rodea a diario.<\/p>\n<p>  <!--more-->  <\/p>\n<p>Entre todos sus atractivos se encuentra presente el Observatorio Pierre Auger y el Planetario de Malarg\u00fce para generar inter\u00e9s por las ciencias y contribuir con la divulgaci\u00f3n cient\u00edfica.<\/p>\n<p>Para m\u00e1s informaci\u00f3n visite la p\u00e1gina:<a href=\"http:\/\/www.labrujula.mendoza.gov.ar\" target=\"_blank\" title=\"www.labrujula.mendoza.gov.ar\"> http:\/\/www.labrujula.mendoza.gov.ar\/<\/a><\/p>\n","protected":false},"excerpt":{"rendered":"<p>\u00a0 \u00a0 \u00a0 Pasado, presente y futuro confluyen nuevamente en el espacio cultural Julio Le Parc de la Ciudad de Mendoza Capital. La feria de ciencia y tecnolog\u00eda m\u00e1s grande del interior del pa\u00eds &#8220;La Br\u00fajula&#8221; ya abri\u00f3 sus puertas. Se trata de la segunda edici\u00f3n de la exposici\u00f3n de ciencia y tecnolog\u00eda aplicada, destinada [&hellip;]<\/p>\n","protected":false},"author":1,"featured_media":154,"comment_status":"open","ping_status":"open","sticky":false,"template":"","format":"standard","meta":{"_jetpack_memberships_contains_paid_content":false,"footnotes":""},"categories":[10],"tags":[],"class_list":["post-155","post","type-post","status-publish","format-standard","has-post-thumbnail","hentry","category-novedades"],"jetpack_featured_media_url":"https:\/\/visitantes.auger.org.ar\/wp-content\/uploads\/2015\/04\/la-brjula-logo2.jpg","jetpack_sharing_enabled":true,"rttpg_featured_image_url":{"full":["https:\/\/visitantes.auger.org.ar\/wp-content\/uploads\/2015\/04\/la-brjula-logo2.jpg",369,495,false],"landscape":["https:\/\/visitantes.auger.org.ar\/wp-content\/uploads\/2015\/04\/la-brjula-logo2.jpg",369,495,false],"portraits":["https:\/\/visitantes.auger.org.ar\/wp-content\/uploads\/2015\/04\/la-brjula-logo2.jpg",369,495,false],"thumbnail":["https:\/\/visitantes.auger.org.ar\/wp-content\/uploads\/2015\/04\/la-brjula-logo2-250x250.jpg",250,250,true],"medium":["https:\/\/visitantes.auger.org.ar\/wp-content\/uploads\/2015\/04\/la-brjula-logo2-224x300.jpg",224,300,true],"large":["https:\/\/visitantes.auger.org.ar\/wp-content\/uploads\/2015\/04\/la-brjula-logo2.jpg",369,495,false],"1536x1536":["https:\/\/visitantes.auger.org.ar\/wp-content\/uploads\/2015\/04\/la-brjula-logo2.jpg",369,495,false],"2048x2048":["https:\/\/visitantes.auger.org.ar\/wp-content\/uploads\/2015\/04\/la-brjula-logo2.jpg",369,495,false]},"rttpg_author":{"display_name":"PierreUser","author_link":"https:\/\/visitantes.auger.org.ar\/index.php\/author\/pierreuser\/"},"rttpg_comment":0,"rttpg_category":"<a href=\"https:\/\/visitantes.auger.org.ar\/index.php\/category\/auger\/novedades\/\" rel=\"category tag\">Novedades<\/a>","rttpg_excerpt":"\u00a0 \u00a0 \u00a0 Pasado, presente y futuro confluyen nuevamente en el espacio cultural Julio Le Parc de la Ciudad de Mendoza Capital. La feria de ciencia y tecnolog\u00eda m\u00e1s grande del interior del pa\u00eds &#8220;La Br\u00fajula&#8221; ya abri\u00f3 sus puertas. Se trata de la segunda edici\u00f3n de la exposici\u00f3n de ciencia y tecnolog\u00eda aplicada, destinada&hellip;","_links":{"self":[{"href":"https:\/\/visitantes.auger.org.ar\/index.php\/wp-json\/wp\/v2\/posts\/155","targetHints":{"allow":["GET"]}}],"collection":[{"href":"https:\/\/visitantes.auger.org.ar\/index.php\/wp-json\/wp\/v2\/posts"}],"about":[{"href":"https:\/\/visitantes.auger.org.ar\/index.php\/wp-json\/wp\/v2\/types\/post"}],"author":[{"embeddable":true,"href":"https:\/\/visitantes.auger.org.ar\/index.php\/wp-json\/wp\/v2\/users\/1"}],"replies":[{"embeddable":true,"href":"https:\/\/visitantes.auger.org.ar\/index.php\/wp-json\/wp\/v2\/comments?post=155"}],"version-history":[{"count":0,"href":"https:\/\/visitantes.auger.org.ar\/index.php\/wp-json\/wp\/v2\/posts\/155\/revisions"}],"wp:featuredmedia":[{"embeddable":true,"href":"https:\/\/visitantes.auger.org.ar\/index.php\/wp-json\/wp\/v2\/media\/154"}],"wp:attachment":[{"href":"https:\/\/visitantes.auger.org.ar\/index.php\/wp-json\/wp\/v2\/media?parent=155"}],"wp:term":[{"taxonomy":"category","embeddable":true,"href":"https:\/\/visitantes.auger.org.ar\/index.php\/wp-json\/wp\/v2\/categories?post=155"},{"taxonomy":"post_tag","embeddable":true,"href":"https:\/\/visitantes.auger.org.ar\/index.php\/wp-json\/wp\/v2\/tags?post=155"}],"curies":[{"name":"wp","href":"https:\/\/api.w.org\/{rel}","templated":true}]}}