{"id":175,"date":"2016-09-26T12:14:46","date_gmt":"2016-09-26T12:14:46","guid":{"rendered":"http:\/\/web.auger.org.ar\/visitantes\/animus\/index.php\/2016\/09\/26\/feriadeciencias\/"},"modified":"2016-09-26T12:14:46","modified_gmt":"2016-09-26T12:14:46","slug":"feriadeciencias","status":"publish","type":"post","link":"https:\/\/visitantes.auger.org.ar\/index.php\/feriadeciencias\/","title":{"rendered":"6\u00b0 Feria de Ciencias &#8211; Observatorio Pierre Auger"},"content":{"rendered":"<p style=\"margin-top: 10px; margin-bottom: 15px; color: #000000; font-family: Geneva, Tahoma, &quot;Nimbus Sans L&quot;, sans-serif; font-size: 12px; text-align: center;\">\n<p style=\"margin-top: 10px; margin-bottom: 15px; color: #000000; font-family: Geneva, Tahoma, &quot;Nimbus Sans L&quot;, sans-serif; font-size: 12px;\"><span style=\"text-align: justify;\">El Observatorio Pierre Auger organiza la 6\u00ba Feria de Ciencias del 17 al 19 de noviembre de\u00a02016.\u00a0Podr\u00e1n participar, en forma individual o grupal, alumnos de establecimientos educacionales de: Educaci\u00f3n Inicial, Educaci\u00f3n Primaria, Educaci\u00f3n Secundaria, Educaci\u00f3n de Adultos (CEBJA y CENS), y Educaci\u00f3n Especial de Jurisdicci\u00f3n Nacional, Provincial, Municipal de Gesti\u00f3n Estatal o Privada, pertenecientes a los departamentos de la Provincia de Mendoza. Podr\u00e1n participar tambi\u00e9n los Clubes de Ciencias inscriptos en el padr\u00f3n de la Provincia de Mendoza.<\/span><\/p>\n<p style=\"margin-top: 10px; margin-bottom: 15px; color: #000000; font-family: Geneva, Tahoma, &quot;Nimbus Sans L&quot;, sans-serif; font-size: 12px; text-align: left;\"><span style=\"text-align: justify;\"> <\/span><\/p>\n<p>  <!--more-->  <\/p>\n<p style=\"text-align: justify;\"><span style=\"color: #000000; font-family: Geneva, Tahoma, &quot;Nimbus Sans L&quot;, sans-serif; font-size: 12px;\">Se invita a docentes, alumnos, familiares, amigos y a toda la comunidad de Malarg\u00fce a presenciar las muestras el jueves 17 y viernes 18 de noviembre, de 15 a 19 horas; y el cierre es el s\u00e1bado 19 de noviembre a las 11 hs.<\/span><\/p>\n<p style=\"margin-top: 10px; margin-bottom: 15px; color: #000000; font-family: Geneva, Tahoma, &quot;Nimbus Sans L&quot;, sans-serif; font-size: 12px;\">Mas informaci\u00f3n\u2026<\/p>\n<ul>\n<li><a href=\"https:\/\/visitantes.auger.org.ar\/wp-content\/uploads\/2016\/09\/reglamento_feria_de_ciencias_2016.pdf\" target=\"_blank\">Reglamento<\/a><\/li>\n<li><a href=\"https:\/\/visitantes.auger.org.ar\/wp-content\/uploads\/2016\/09\/ficha_de_incripcion_2016.pdf\" target=\"_blank\">Ficha de Inscripci\u00f3n<\/a><\/li>\n<li><a href=\"https:\/\/visitantes.auger.org.ar\/wp-content\/uploads\/2016\/09\/programa_de_actividades_2016.pdf\">Programa de Actividades<\/a><\/li>\n<li>Facebook: <a href=\"https:\/\/www.facebook.com\/Feriaauger2012\/\" target=\"_blank\">Feria de Ciencias Observatorio Pierre Auger<\/a><\/li>\n<li>Para mayor informaci\u00f3n: feria@auger.org.ar <\/li>\n<\/ul>\n","protected":false},"excerpt":{"rendered":"<p>El Observatorio Pierre Auger organiza la 6\u00ba Feria de Ciencias del 17 al 19 de noviembre de\u00a02016.\u00a0Podr\u00e1n participar, en forma individual o grupal, alumnos de establecimientos educacionales de: Educaci\u00f3n Inicial, Educaci\u00f3n Primaria, Educaci\u00f3n Secundaria, Educaci\u00f3n de Adultos (CEBJA y CENS), y Educaci\u00f3n Especial de Jurisdicci\u00f3n Nacional, Provincial, Municipal de Gesti\u00f3n Estatal o Privada, pertenecientes a [&hellip;]<\/p>\n","protected":false},"author":1,"featured_media":171,"comment_status":"open","ping_status":"open","sticky":false,"template":"","format":"standard","meta":{"_jetpack_memberships_contains_paid_content":false,"footnotes":""},"categories":[10],"tags":[],"class_list":["post-175","post","type-post","status-publish","format-standard","has-post-thumbnail","hentry","category-novedades"],"jetpack_featured_media_url":"https:\/\/visitantes.auger.org.ar\/wp-content\/uploads\/2016\/09\/logo-feria-2016-custom.jpg","jetpack_sharing_enabled":true,"rttpg_featured_image_url":{"full":["https:\/\/visitantes.auger.org.ar\/wp-content\/uploads\/2016\/09\/logo-feria-2016-custom.jpg",350,263,false],"landscape":["https:\/\/visitantes.auger.org.ar\/wp-content\/uploads\/2016\/09\/logo-feria-2016-custom.jpg",350,263,false],"portraits":["https:\/\/visitantes.auger.org.ar\/wp-content\/uploads\/2016\/09\/logo-feria-2016-custom.jpg",350,263,false],"thumbnail":["https:\/\/visitantes.auger.org.ar\/wp-content\/uploads\/2016\/09\/logo-feria-2016-custom-250x250.jpg",250,250,true],"medium":["https:\/\/visitantes.auger.org.ar\/wp-content\/uploads\/2016\/09\/logo-feria-2016-custom-300x225.jpg",300,225,true],"large":["https:\/\/visitantes.auger.org.ar\/wp-content\/uploads\/2016\/09\/logo-feria-2016-custom.jpg",350,263,false],"1536x1536":["https:\/\/visitantes.auger.org.ar\/wp-content\/uploads\/2016\/09\/logo-feria-2016-custom.jpg",350,263,false],"2048x2048":["https:\/\/visitantes.auger.org.ar\/wp-content\/uploads\/2016\/09\/logo-feria-2016-custom.jpg",350,263,false]},"rttpg_author":{"display_name":"PierreUser","author_link":"https:\/\/visitantes.auger.org.ar\/index.php\/author\/pierreuser\/"},"rttpg_comment":0,"rttpg_category":"<a href=\"https:\/\/visitantes.auger.org.ar\/index.php\/category\/auger\/novedades\/\" rel=\"category tag\">Novedades<\/a>","rttpg_excerpt":"El Observatorio Pierre Auger organiza la 6\u00ba Feria de Ciencias del 17 al 19 de noviembre de\u00a02016.\u00a0Podr\u00e1n participar, en forma individual o grupal, alumnos de establecimientos educacionales de: Educaci\u00f3n Inicial, Educaci\u00f3n Primaria, Educaci\u00f3n Secundaria, Educaci\u00f3n de Adultos (CEBJA y CENS), y Educaci\u00f3n Especial de Jurisdicci\u00f3n Nacional, Provincial, Municipal de Gesti\u00f3n Estatal o Privada, pertenecientes a&hellip;","_links":{"self":[{"href":"https:\/\/visitantes.auger.org.ar\/index.php\/wp-json\/wp\/v2\/posts\/175","targetHints":{"allow":["GET"]}}],"collection":[{"href":"https:\/\/visitantes.auger.org.ar\/index.php\/wp-json\/wp\/v2\/posts"}],"about":[{"href":"https:\/\/visitantes.auger.org.ar\/index.php\/wp-json\/wp\/v2\/types\/post"}],"author":[{"embeddable":true,"href":"https:\/\/visitantes.auger.org.ar\/index.php\/wp-json\/wp\/v2\/users\/1"}],"replies":[{"embeddable":true,"href":"https:\/\/visitantes.auger.org.ar\/index.php\/wp-json\/wp\/v2\/comments?post=175"}],"version-history":[{"count":0,"href":"https:\/\/visitantes.auger.org.ar\/index.php\/wp-json\/wp\/v2\/posts\/175\/revisions"}],"wp:featuredmedia":[{"embeddable":true,"href":"https:\/\/visitantes.auger.org.ar\/index.php\/wp-json\/wp\/v2\/media\/171"}],"wp:attachment":[{"href":"https:\/\/visitantes.auger.org.ar\/index.php\/wp-json\/wp\/v2\/media?parent=175"}],"wp:term":[{"taxonomy":"category","embeddable":true,"href":"https:\/\/visitantes.auger.org.ar\/index.php\/wp-json\/wp\/v2\/categories?post=175"},{"taxonomy":"post_tag","embeddable":true,"href":"https:\/\/visitantes.auger.org.ar\/index.php\/wp-json\/wp\/v2\/tags?post=175"}],"curies":[{"name":"wp","href":"https:\/\/api.w.org\/{rel}","templated":true}]}}