{"id":2993,"date":"2018-06-12T16:05:21","date_gmt":"2018-06-12T16:05:21","guid":{"rendered":"https:\/\/visitantes.auger.org.ar\/?p=2993"},"modified":"2018-06-12T18:35:52","modified_gmt":"2018-06-12T18:35:52","slug":"reunion-en-cracovia-polonia-junio-2018","status":"publish","type":"post","link":"https:\/\/visitantes.auger.org.ar\/index.php\/reunion-en-cracovia-polonia-junio-2018\/","title":{"rendered":"Reuni\u00f3n en Cracovia, Polonia, Junio 2018"},"content":{"rendered":"<p>Se realiz\u00f3 la reuni\u00f3n de la Colaboraci\u00f3n Internacional en la ciudad de Cracovia, Polonia, del 4 al 8 de junio de 2018. Se discuti\u00f3 y present\u00f3 nuevas mejoras para la detecci\u00f3n de rayos c\u00f3micos de las altas energ\u00edas. En el encuentro participaron cerca de 150 cient\u00edficos de los 17 pa\u00edses que forman parte de esta colaboraci\u00f3n internacional. Se destac\u00f3 el nuevo detector de rayos c\u00f3smicos llamado SSD (Surface Scintillator Detector) que se est\u00e1 instalando en la Pampa Amarilla, donde la idea final es tener un centellador sobre cada uno los 1600 detectores de superficie.<\/p>\n<p>Tambi\u00e9n visitaron el laboratorio (Instytuut Fizyki Jadrowej Im. Henryka Niewodniczanskiego Polskiej Akademii Nauk) donde se est\u00e1n ensamblando los nuevos detectores SSD, que luego ser\u00e1n enviados a Argentina.<\/p>\n<p>La pr\u00f3xima reuni\u00f3n se llevar\u00e1 a cabo como es de costumbre en la ciudad de Malarg\u00fce, Mendoza del 11 al 16 de noviembre de 2018.<\/p>\n<p><img fetchpriority=\"high\" decoding=\"async\" class=\"aligncenter wp-image-2994\" src=\"https:\/\/visitantes.auger.org.ar\/wp-content\/uploads\/2018\/06\/WhatsApp-Image-2018-06-12-at-12.52.56-300x56.jpeg\" alt=\"\" width=\"950\" height=\"177\" srcset=\"https:\/\/visitantes.auger.org.ar\/wp-content\/uploads\/2018\/06\/WhatsApp-Image-2018-06-12-at-12.52.56-300x56.jpeg 300w, https:\/\/visitantes.auger.org.ar\/wp-content\/uploads\/2018\/06\/WhatsApp-Image-2018-06-12-at-12.52.56-768x143.jpeg 768w, https:\/\/visitantes.auger.org.ar\/wp-content\/uploads\/2018\/06\/WhatsApp-Image-2018-06-12-at-12.52.56-1024x191.jpeg 1024w, https:\/\/visitantes.auger.org.ar\/wp-content\/uploads\/2018\/06\/WhatsApp-Image-2018-06-12-at-12.52.56-260x49.jpeg 260w, https:\/\/visitantes.auger.org.ar\/wp-content\/uploads\/2018\/06\/WhatsApp-Image-2018-06-12-at-12.52.56-50x9.jpeg 50w, https:\/\/visitantes.auger.org.ar\/wp-content\/uploads\/2018\/06\/WhatsApp-Image-2018-06-12-at-12.52.56-150x28.jpeg 150w, https:\/\/visitantes.auger.org.ar\/wp-content\/uploads\/2018\/06\/WhatsApp-Image-2018-06-12-at-12.52.56.jpeg 1280w\" sizes=\"(max-width: 950px) 100vw, 950px\" \/><\/p>\n<p><img decoding=\"async\" class=\"wp-image-2996 alignleft\" src=\"https:\/\/visitantes.auger.org.ar\/wp-content\/uploads\/2018\/06\/WhatsApp-Image-2018-06-04-at-11.49.54-1-300x169.jpeg\" alt=\"\" width=\"427\" height=\"240\" srcset=\"https:\/\/visitantes.auger.org.ar\/wp-content\/uploads\/2018\/06\/WhatsApp-Image-2018-06-04-at-11.49.54-1-300x169.jpeg 300w, https:\/\/visitantes.auger.org.ar\/wp-content\/uploads\/2018\/06\/WhatsApp-Image-2018-06-04-at-11.49.54-1-768x432.jpeg 768w, https:\/\/visitantes.auger.org.ar\/wp-content\/uploads\/2018\/06\/WhatsApp-Image-2018-06-04-at-11.49.54-1-1024x576.jpeg 1024w, https:\/\/visitantes.auger.org.ar\/wp-content\/uploads\/2018\/06\/WhatsApp-Image-2018-06-04-at-11.49.54-1-260x146.jpeg 260w, https:\/\/visitantes.auger.org.ar\/wp-content\/uploads\/2018\/06\/WhatsApp-Image-2018-06-04-at-11.49.54-1-50x28.jpeg 50w, https:\/\/visitantes.auger.org.ar\/wp-content\/uploads\/2018\/06\/WhatsApp-Image-2018-06-04-at-11.49.54-1-133x75.jpeg 133w, https:\/\/visitantes.auger.org.ar\/wp-content\/uploads\/2018\/06\/WhatsApp-Image-2018-06-04-at-11.49.54-1.jpeg 1280w\" sizes=\"(max-width: 427px) 100vw, 427px\" \/><\/p>\n<p><img decoding=\"async\" class=\"wp-image-2997 alignright\" src=\"https:\/\/visitantes.auger.org.ar\/wp-content\/uploads\/2018\/06\/WhatsApp-Image-2018-06-04-at-12.26.16-1-300x169.jpeg\" alt=\"\" width=\"427\" height=\"240\" srcset=\"https:\/\/visitantes.auger.org.ar\/wp-content\/uploads\/2018\/06\/WhatsApp-Image-2018-06-04-at-12.26.16-1-300x169.jpeg 300w, https:\/\/visitantes.auger.org.ar\/wp-content\/uploads\/2018\/06\/WhatsApp-Image-2018-06-04-at-12.26.16-1-768x432.jpeg 768w, https:\/\/visitantes.auger.org.ar\/wp-content\/uploads\/2018\/06\/WhatsApp-Image-2018-06-04-at-12.26.16-1-1024x576.jpeg 1024w, https:\/\/visitantes.auger.org.ar\/wp-content\/uploads\/2018\/06\/WhatsApp-Image-2018-06-04-at-12.26.16-1-260x146.jpeg 260w, https:\/\/visitantes.auger.org.ar\/wp-content\/uploads\/2018\/06\/WhatsApp-Image-2018-06-04-at-12.26.16-1-50x28.jpeg 50w, https:\/\/visitantes.auger.org.ar\/wp-content\/uploads\/2018\/06\/WhatsApp-Image-2018-06-04-at-12.26.16-1-133x75.jpeg 133w, https:\/\/visitantes.auger.org.ar\/wp-content\/uploads\/2018\/06\/WhatsApp-Image-2018-06-04-at-12.26.16-1.jpeg 1280w\" sizes=\"(max-width: 427px) 100vw, 427px\" \/><img loading=\"lazy\" decoding=\"async\" class=\"wp-image-2999 alignleft\" src=\"https:\/\/visitantes.auger.org.ar\/wp-content\/uploads\/2018\/06\/WhatsApp-Image-2018-06-12-at-12.42.42-300x169.jpeg\" alt=\"\" width=\"427\" height=\"240\" srcset=\"https:\/\/visitantes.auger.org.ar\/wp-content\/uploads\/2018\/06\/WhatsApp-Image-2018-06-12-at-12.42.42-300x169.jpeg 300w, https:\/\/visitantes.auger.org.ar\/wp-content\/uploads\/2018\/06\/WhatsApp-Image-2018-06-12-at-12.42.42-768x432.jpeg 768w, https:\/\/visitantes.auger.org.ar\/wp-content\/uploads\/2018\/06\/WhatsApp-Image-2018-06-12-at-12.42.42-1024x576.jpeg 1024w, https:\/\/visitantes.auger.org.ar\/wp-content\/uploads\/2018\/06\/WhatsApp-Image-2018-06-12-at-12.42.42-260x146.jpeg 260w, https:\/\/visitantes.auger.org.ar\/wp-content\/uploads\/2018\/06\/WhatsApp-Image-2018-06-12-at-12.42.42-50x28.jpeg 50w, https:\/\/visitantes.auger.org.ar\/wp-content\/uploads\/2018\/06\/WhatsApp-Image-2018-06-12-at-12.42.42-133x75.jpeg 133w, https:\/\/visitantes.auger.org.ar\/wp-content\/uploads\/2018\/06\/WhatsApp-Image-2018-06-12-at-12.42.42.jpeg 1280w\" sizes=\"(max-width: 427px) 100vw, 427px\" \/><img loading=\"lazy\" decoding=\"async\" class=\"wp-image-2998 alignright\" src=\"https:\/\/visitantes.auger.org.ar\/wp-content\/uploads\/2018\/06\/WhatsApp-Image-2018-06-12-at-12.42.42-2-300x169.jpeg\" alt=\"\" width=\"427\" height=\"240\" srcset=\"https:\/\/visitantes.auger.org.ar\/wp-content\/uploads\/2018\/06\/WhatsApp-Image-2018-06-12-at-12.42.42-2-300x169.jpeg 300w, https:\/\/visitantes.auger.org.ar\/wp-content\/uploads\/2018\/06\/WhatsApp-Image-2018-06-12-at-12.42.42-2-768x432.jpeg 768w, https:\/\/visitantes.auger.org.ar\/wp-content\/uploads\/2018\/06\/WhatsApp-Image-2018-06-12-at-12.42.42-2-1024x576.jpeg 1024w, https:\/\/visitantes.auger.org.ar\/wp-content\/uploads\/2018\/06\/WhatsApp-Image-2018-06-12-at-12.42.42-2-260x146.jpeg 260w, https:\/\/visitantes.auger.org.ar\/wp-content\/uploads\/2018\/06\/WhatsApp-Image-2018-06-12-at-12.42.42-2-50x28.jpeg 50w, https:\/\/visitantes.auger.org.ar\/wp-content\/uploads\/2018\/06\/WhatsApp-Image-2018-06-12-at-12.42.42-2-133x75.jpeg 133w, https:\/\/visitantes.auger.org.ar\/wp-content\/uploads\/2018\/06\/WhatsApp-Image-2018-06-12-at-12.42.42-2.jpeg 1280w\" sizes=\"(max-width: 427px) 100vw, 427px\" \/><img loading=\"lazy\" decoding=\"async\" class=\"alignleft wp-image-3013\" src=\"https:\/\/visitantes.auger.org.ar\/wp-content\/uploads\/2018\/06\/IMG_20180606_090040-300x224.jpg\" alt=\"\" width=\"428\" height=\"320\" srcset=\"https:\/\/visitantes.auger.org.ar\/wp-content\/uploads\/2018\/06\/IMG_20180606_090040-300x224.jpg 300w, https:\/\/visitantes.auger.org.ar\/wp-content\/uploads\/2018\/06\/IMG_20180606_090040-768x574.jpg 768w, https:\/\/visitantes.auger.org.ar\/wp-content\/uploads\/2018\/06\/IMG_20180606_090040-1024x766.jpg 1024w, https:\/\/visitantes.auger.org.ar\/wp-content\/uploads\/2018\/06\/IMG_20180606_090040-195x146.jpg 195w, https:\/\/visitantes.auger.org.ar\/wp-content\/uploads\/2018\/06\/IMG_20180606_090040-50x37.jpg 50w, https:\/\/visitantes.auger.org.ar\/wp-content\/uploads\/2018\/06\/IMG_20180606_090040-100x75.jpg 100w, https:\/\/visitantes.auger.org.ar\/wp-content\/uploads\/2018\/06\/IMG_20180606_090040.jpg 1600w\" sizes=\"(max-width: 428px) 100vw, 428px\" \/><\/p>\n<p>&nbsp;<\/p>\n<p>&nbsp;<\/p>\n<p>&nbsp;<\/p>\n<p><img loading=\"lazy\" decoding=\"async\" class=\"alignright wp-image-3012\" src=\"https:\/\/visitantes.auger.org.ar\/wp-content\/uploads\/2018\/06\/IMG_20180606_083626-300x224.jpg\" alt=\"\" width=\"428\" height=\"320\" srcset=\"https:\/\/visitantes.auger.org.ar\/wp-content\/uploads\/2018\/06\/IMG_20180606_083626-300x224.jpg 300w, https:\/\/visitantes.auger.org.ar\/wp-content\/uploads\/2018\/06\/IMG_20180606_083626-768x574.jpg 768w, https:\/\/visitantes.auger.org.ar\/wp-content\/uploads\/2018\/06\/IMG_20180606_083626-1024x766.jpg 1024w, https:\/\/visitantes.auger.org.ar\/wp-content\/uploads\/2018\/06\/IMG_20180606_083626-195x146.jpg 195w, https:\/\/visitantes.auger.org.ar\/wp-content\/uploads\/2018\/06\/IMG_20180606_083626-50x37.jpg 50w, https:\/\/visitantes.auger.org.ar\/wp-content\/uploads\/2018\/06\/IMG_20180606_083626-100x75.jpg 100w, https:\/\/visitantes.auger.org.ar\/wp-content\/uploads\/2018\/06\/IMG_20180606_083626.jpg 1600w\" sizes=\"(max-width: 428px) 100vw, 428px\" \/><\/p>\n<p>&nbsp;<\/p>\n<p>&nbsp;<\/p>\n","protected":false},"excerpt":{"rendered":"<p>Se realiz\u00f3 la reuni\u00f3n de la Colaboraci\u00f3n Internacional en la ciudad de Cracovia, Polonia, del 4 al 8 de junio de 2018. Se discuti\u00f3 y present\u00f3 nuevas mejoras para la detecci\u00f3n de rayos c\u00f3micos de las altas energ\u00edas. En el encuentro participaron cerca de 150 cient\u00edficos de los 17 pa\u00edses que forman parte de esta [&hellip;]<\/p>\n","protected":false},"author":7,"featured_media":2995,"comment_status":"open","ping_status":"open","sticky":false,"template":"","format":"standard","meta":{"_jetpack_memberships_contains_paid_content":false,"footnotes":""},"categories":[10,1],"tags":[],"class_list":["post-2993","post","type-post","status-publish","format-standard","has-post-thumbnail","hentry","category-novedades","category-uncategorized"],"jetpack_featured_media_url":"https:\/\/visitantes.auger.org.ar\/wp-content\/uploads\/2018\/06\/WhatsApp-Image-2018-06-12-at-12.42.43-1.jpeg","jetpack_sharing_enabled":true,"rttpg_featured_image_url":{"full":["https:\/\/visitantes.auger.org.ar\/wp-content\/uploads\/2018\/06\/WhatsApp-Image-2018-06-12-at-12.42.43-1.jpeg",1280,720,false],"landscape":["https:\/\/visitantes.auger.org.ar\/wp-content\/uploads\/2018\/06\/WhatsApp-Image-2018-06-12-at-12.42.43-1.jpeg",1280,720,false],"portraits":["https:\/\/visitantes.auger.org.ar\/wp-content\/uploads\/2018\/06\/WhatsApp-Image-2018-06-12-at-12.42.43-1.jpeg",1280,720,false],"thumbnail":["https:\/\/visitantes.auger.org.ar\/wp-content\/uploads\/2018\/06\/WhatsApp-Image-2018-06-12-at-12.42.43-1-250x250.jpeg",250,250,true],"medium":["https:\/\/visitantes.auger.org.ar\/wp-content\/uploads\/2018\/06\/WhatsApp-Image-2018-06-12-at-12.42.43-1-300x169.jpeg",300,169,true],"large":["https:\/\/visitantes.auger.org.ar\/wp-content\/uploads\/2018\/06\/WhatsApp-Image-2018-06-12-at-12.42.43-1-1024x576.jpeg",800,450,true],"1536x1536":["https:\/\/visitantes.auger.org.ar\/wp-content\/uploads\/2018\/06\/WhatsApp-Image-2018-06-12-at-12.42.43-1.jpeg",1280,720,false],"2048x2048":["https:\/\/visitantes.auger.org.ar\/wp-content\/uploads\/2018\/06\/WhatsApp-Image-2018-06-12-at-12.42.43-1.jpeg",1280,720,false]},"rttpg_author":{"display_name":"Admin WP","author_link":"https:\/\/visitantes.auger.org.ar\/index.php\/author\/adminuserwp\/"},"rttpg_comment":0,"rttpg_category":"<a href=\"https:\/\/visitantes.auger.org.ar\/index.php\/category\/auger\/novedades\/\" rel=\"category tag\">Novedades<\/a> <a href=\"https:\/\/visitantes.auger.org.ar\/index.php\/category\/uncategorized\/\" rel=\"category tag\">Uncategorized<\/a>","rttpg_excerpt":"Se realiz\u00f3 la reuni\u00f3n de la Colaboraci\u00f3n Internacional en la ciudad de Cracovia, Polonia, del 4 al 8 de junio de 2018. Se discuti\u00f3 y present\u00f3 nuevas mejoras para la detecci\u00f3n de rayos c\u00f3micos de las altas energ\u00edas. En el encuentro participaron cerca de 150 cient\u00edficos de los 17 pa\u00edses que forman parte de esta&hellip;","_links":{"self":[{"href":"https:\/\/visitantes.auger.org.ar\/index.php\/wp-json\/wp\/v2\/posts\/2993","targetHints":{"allow":["GET"]}}],"collection":[{"href":"https:\/\/visitantes.auger.org.ar\/index.php\/wp-json\/wp\/v2\/posts"}],"about":[{"href":"https:\/\/visitantes.auger.org.ar\/index.php\/wp-json\/wp\/v2\/types\/post"}],"author":[{"embeddable":true,"href":"https:\/\/visitantes.auger.org.ar\/index.php\/wp-json\/wp\/v2\/users\/7"}],"replies":[{"embeddable":true,"href":"https:\/\/visitantes.auger.org.ar\/index.php\/wp-json\/wp\/v2\/comments?post=2993"}],"version-history":[{"count":23,"href":"https:\/\/visitantes.auger.org.ar\/index.php\/wp-json\/wp\/v2\/posts\/2993\/revisions"}],"predecessor-version":[{"id":3025,"href":"https:\/\/visitantes.auger.org.ar\/index.php\/wp-json\/wp\/v2\/posts\/2993\/revisions\/3025"}],"wp:featuredmedia":[{"embeddable":true,"href":"https:\/\/visitantes.auger.org.ar\/index.php\/wp-json\/wp\/v2\/media\/2995"}],"wp:attachment":[{"href":"https:\/\/visitantes.auger.org.ar\/index.php\/wp-json\/wp\/v2\/media?parent=2993"}],"wp:term":[{"taxonomy":"category","embeddable":true,"href":"https:\/\/visitantes.auger.org.ar\/index.php\/wp-json\/wp\/v2\/categories?post=2993"},{"taxonomy":"post_tag","embeddable":true,"href":"https:\/\/visitantes.auger.org.ar\/index.php\/wp-json\/wp\/v2\/tags?post=2993"}],"curies":[{"name":"wp","href":"https:\/\/api.w.org\/{rel}","templated":true}]}}