{"id":3053,"date":"2018-07-03T18:17:15","date_gmt":"2018-07-03T18:17:15","guid":{"rendered":"https:\/\/visitantes.auger.org.ar\/?p=3053"},"modified":"2018-07-03T18:51:07","modified_gmt":"2018-07-03T18:51:07","slug":"concurso-de-fotografia-ano-internacional-de-la-luz","status":"publish","type":"post","link":"https:\/\/visitantes.auger.org.ar\/index.php\/concurso-de-fotografia-ano-internacional-de-la-luz\/","title":{"rendered":"Concurso de Fotograf\u00eda &#8211; D\u00eda Internacional de la Luz"},"content":{"rendered":"<p>Durante el festejo del D\u00eda Internacional de la Luz, el d\u00eda mi\u00e9rcoles 16 de mayo de 2018, se desarrollaron diversas actividades en conjunto con el Complejo Planetario Malarg\u00fce.<\/p>\n<p>Entre ellas, el lanzamiento del concurso de fotograf\u00eda, que terminar\u00e1 el d\u00eda viernes 4 de agosto de 2018. Ac\u00e1 encontrar\u00e1s las bases para participar.<\/p>\n<p><a href=\"https:\/\/visitantes.auger.org.ar\/wp-content\/uploads\/2018\/07\/BASES-E-INSCRIPCION-CONCURSO-DE-FOTOGRAF\u00cdA-final.pdf\">BASES E INSCRIPCI\u00d3N CONCURSO DE FOTOGRAF\u00cdA <\/a><\/p>\n<p>Esperamos tu foto!<\/p>\n<p><img decoding=\"async\" class=\"alignnone wp-image-3061\" src=\"https:\/\/visitantes.auger.org.ar\/wp-content\/uploads\/2018\/07\/17-300x245.jpg\" alt=\"\" width=\"233\" height=\"190\" srcset=\"https:\/\/visitantes.auger.org.ar\/wp-content\/uploads\/2018\/07\/17-300x245.jpg 300w, https:\/\/visitantes.auger.org.ar\/wp-content\/uploads\/2018\/07\/17-768x626.jpg 768w, https:\/\/visitantes.auger.org.ar\/wp-content\/uploads\/2018\/07\/17-1024x835.jpg 1024w, https:\/\/visitantes.auger.org.ar\/wp-content\/uploads\/2018\/07\/17-179x146.jpg 179w, https:\/\/visitantes.auger.org.ar\/wp-content\/uploads\/2018\/07\/17-50x41.jpg 50w, https:\/\/visitantes.auger.org.ar\/wp-content\/uploads\/2018\/07\/17-92x75.jpg 92w, https:\/\/visitantes.auger.org.ar\/wp-content\/uploads\/2018\/07\/17.jpg 1600w\" sizes=\"(max-width: 233px) 100vw, 233px\" \/>\u00a0\u00a0<img fetchpriority=\"high\" decoding=\"async\" class=\"alignnone wp-image-3058\" src=\"https:\/\/visitantes.auger.org.ar\/wp-content\/uploads\/2018\/07\/08-300x198.jpg\" alt=\"\" width=\"288\" height=\"190\" srcset=\"https:\/\/visitantes.auger.org.ar\/wp-content\/uploads\/2018\/07\/08-300x198.jpg 300w, https:\/\/visitantes.auger.org.ar\/wp-content\/uploads\/2018\/07\/08-768x507.jpg 768w, https:\/\/visitantes.auger.org.ar\/wp-content\/uploads\/2018\/07\/08-1024x676.jpg 1024w, https:\/\/visitantes.auger.org.ar\/wp-content\/uploads\/2018\/07\/08-221x146.jpg 221w, https:\/\/visitantes.auger.org.ar\/wp-content\/uploads\/2018\/07\/08-50x33.jpg 50w, https:\/\/visitantes.auger.org.ar\/wp-content\/uploads\/2018\/07\/08-114x75.jpg 114w, https:\/\/visitantes.auger.org.ar\/wp-content\/uploads\/2018\/07\/08.jpg 1600w\" sizes=\"(max-width: 288px) 100vw, 288px\" \/>\u00a0\u00a0<img decoding=\"async\" class=\"alignnone wp-image-3059\" src=\"https:\/\/visitantes.auger.org.ar\/wp-content\/uploads\/2018\/07\/11-300x212.jpg\" alt=\"\" width=\"268\" height=\"190\" srcset=\"https:\/\/visitantes.auger.org.ar\/wp-content\/uploads\/2018\/07\/11-300x212.jpg 300w, https:\/\/visitantes.auger.org.ar\/wp-content\/uploads\/2018\/07\/11-768x544.jpg 768w, https:\/\/visitantes.auger.org.ar\/wp-content\/uploads\/2018\/07\/11-1024x725.jpg 1024w, https:\/\/visitantes.auger.org.ar\/wp-content\/uploads\/2018\/07\/11-206x146.jpg 206w, https:\/\/visitantes.auger.org.ar\/wp-content\/uploads\/2018\/07\/11-50x35.jpg 50w, https:\/\/visitantes.auger.org.ar\/wp-content\/uploads\/2018\/07\/11-106x75.jpg 106w, https:\/\/visitantes.auger.org.ar\/wp-content\/uploads\/2018\/07\/11.jpg 1600w\" sizes=\"(max-width: 268px) 100vw, 268px\" \/>\u00a0\u00a0<img loading=\"lazy\" decoding=\"async\" class=\"alignnone wp-image-3063\" src=\"https:\/\/visitantes.auger.org.ar\/wp-content\/uploads\/2018\/07\/19-300x201.jpg\" alt=\"\" width=\"284\" height=\"190\" srcset=\"https:\/\/visitantes.auger.org.ar\/wp-content\/uploads\/2018\/07\/19-300x201.jpg 300w, https:\/\/visitantes.auger.org.ar\/wp-content\/uploads\/2018\/07\/19-768x514.jpg 768w, https:\/\/visitantes.auger.org.ar\/wp-content\/uploads\/2018\/07\/19-1024x685.jpg 1024w, https:\/\/visitantes.auger.org.ar\/wp-content\/uploads\/2018\/07\/19-218x146.jpg 218w, https:\/\/visitantes.auger.org.ar\/wp-content\/uploads\/2018\/07\/19-50x33.jpg 50w, https:\/\/visitantes.auger.org.ar\/wp-content\/uploads\/2018\/07\/19-112x75.jpg 112w, https:\/\/visitantes.auger.org.ar\/wp-content\/uploads\/2018\/07\/19.jpg 1600w\" sizes=\"(max-width: 284px) 100vw, 284px\" \/>\u00a0\u00a0<img loading=\"lazy\" decoding=\"async\" class=\"alignnone wp-image-3062\" src=\"https:\/\/visitantes.auger.org.ar\/wp-content\/uploads\/2018\/07\/18-300x196.jpg\" alt=\"\" width=\"291\" height=\"190\" srcset=\"https:\/\/visitantes.auger.org.ar\/wp-content\/uploads\/2018\/07\/18-300x196.jpg 300w, https:\/\/visitantes.auger.org.ar\/wp-content\/uploads\/2018\/07\/18-768x501.jpg 768w, https:\/\/visitantes.auger.org.ar\/wp-content\/uploads\/2018\/07\/18-1024x668.jpg 1024w, https:\/\/visitantes.auger.org.ar\/wp-content\/uploads\/2018\/07\/18-224x146.jpg 224w, https:\/\/visitantes.auger.org.ar\/wp-content\/uploads\/2018\/07\/18-50x33.jpg 50w, https:\/\/visitantes.auger.org.ar\/wp-content\/uploads\/2018\/07\/18-115x75.jpg 115w, https:\/\/visitantes.auger.org.ar\/wp-content\/uploads\/2018\/07\/18.jpg 1600w\" sizes=\"(max-width: 291px) 100vw, 291px\" \/>\u00a0\u00a0<img loading=\"lazy\" decoding=\"async\" class=\"alignnone wp-image-3067\" src=\"https:\/\/visitantes.auger.org.ar\/wp-content\/uploads\/2018\/07\/10-300x207.jpg\" alt=\"\" width=\"276\" height=\"190\" srcset=\"https:\/\/visitantes.auger.org.ar\/wp-content\/uploads\/2018\/07\/10-300x207.jpg 300w, https:\/\/visitantes.auger.org.ar\/wp-content\/uploads\/2018\/07\/10-768x529.jpg 768w, https:\/\/visitantes.auger.org.ar\/wp-content\/uploads\/2018\/07\/10-1024x706.jpg 1024w, https:\/\/visitantes.auger.org.ar\/wp-content\/uploads\/2018\/07\/10-212x146.jpg 212w, https:\/\/visitantes.auger.org.ar\/wp-content\/uploads\/2018\/07\/10-50x34.jpg 50w, https:\/\/visitantes.auger.org.ar\/wp-content\/uploads\/2018\/07\/10-109x75.jpg 109w, https:\/\/visitantes.auger.org.ar\/wp-content\/uploads\/2018\/07\/10.jpg 1600w\" sizes=\"(max-width: 276px) 100vw, 276px\" \/>\u00a0\u00a0<img loading=\"lazy\" decoding=\"async\" class=\"alignnone wp-image-3066\" src=\"https:\/\/visitantes.auger.org.ar\/wp-content\/uploads\/2018\/07\/05-300x219.jpg\" alt=\"\" width=\"261\" height=\"190\" srcset=\"https:\/\/visitantes.auger.org.ar\/wp-content\/uploads\/2018\/07\/05-300x219.jpg 300w, https:\/\/visitantes.auger.org.ar\/wp-content\/uploads\/2018\/07\/05-768x560.jpg 768w, https:\/\/visitantes.auger.org.ar\/wp-content\/uploads\/2018\/07\/05-1024x747.jpg 1024w, https:\/\/visitantes.auger.org.ar\/wp-content\/uploads\/2018\/07\/05-200x146.jpg 200w, https:\/\/visitantes.auger.org.ar\/wp-content\/uploads\/2018\/07\/05-50x36.jpg 50w, https:\/\/visitantes.auger.org.ar\/wp-content\/uploads\/2018\/07\/05-103x75.jpg 103w, https:\/\/visitantes.auger.org.ar\/wp-content\/uploads\/2018\/07\/05.jpg 1600w\" sizes=\"(max-width: 261px) 100vw, 261px\" \/>\u00a0<img loading=\"lazy\" decoding=\"async\" class=\"alignnone wp-image-3068\" src=\"https:\/\/visitantes.auger.org.ar\/wp-content\/uploads\/2018\/07\/12-300x200.jpg\" alt=\"\" width=\"285\" height=\"190\" srcset=\"https:\/\/visitantes.auger.org.ar\/wp-content\/uploads\/2018\/07\/12-300x200.jpg 300w, https:\/\/visitantes.auger.org.ar\/wp-content\/uploads\/2018\/07\/12-768x512.jpg 768w, https:\/\/visitantes.auger.org.ar\/wp-content\/uploads\/2018\/07\/12-1024x683.jpg 1024w, https:\/\/visitantes.auger.org.ar\/wp-content\/uploads\/2018\/07\/12-219x146.jpg 219w, https:\/\/visitantes.auger.org.ar\/wp-content\/uploads\/2018\/07\/12-50x33.jpg 50w, https:\/\/visitantes.auger.org.ar\/wp-content\/uploads\/2018\/07\/12-113x75.jpg 113w, https:\/\/visitantes.auger.org.ar\/wp-content\/uploads\/2018\/07\/12.jpg 1600w\" sizes=\"(max-width: 285px) 100vw, 285px\" \/>\u00a0\u00a0<img loading=\"lazy\" decoding=\"async\" class=\"alignnone wp-image-3056\" src=\"https:\/\/visitantes.auger.org.ar\/wp-content\/uploads\/2018\/07\/02-300x189.jpg\" alt=\"\" width=\"302\" height=\"190\" srcset=\"https:\/\/visitantes.auger.org.ar\/wp-content\/uploads\/2018\/07\/02-300x189.jpg 300w, https:\/\/visitantes.auger.org.ar\/wp-content\/uploads\/2018\/07\/02-768x483.jpg 768w, https:\/\/visitantes.auger.org.ar\/wp-content\/uploads\/2018\/07\/02-1024x644.jpg 1024w, https:\/\/visitantes.auger.org.ar\/wp-content\/uploads\/2018\/07\/02-232x146.jpg 232w, https:\/\/visitantes.auger.org.ar\/wp-content\/uploads\/2018\/07\/02-50x31.jpg 50w, https:\/\/visitantes.auger.org.ar\/wp-content\/uploads\/2018\/07\/02-119x75.jpg 119w, https:\/\/visitantes.auger.org.ar\/wp-content\/uploads\/2018\/07\/02.jpg 1600w\" sizes=\"(max-width: 302px) 100vw, 302px\" \/>\u00a0\u00a0<img loading=\"lazy\" decoding=\"async\" class=\"alignnone wp-image-3055\" src=\"https:\/\/visitantes.auger.org.ar\/wp-content\/uploads\/2018\/07\/01-300x211.jpg\" alt=\"\" width=\"271\" height=\"190\" srcset=\"https:\/\/visitantes.auger.org.ar\/wp-content\/uploads\/2018\/07\/01-300x211.jpg 300w, https:\/\/visitantes.auger.org.ar\/wp-content\/uploads\/2018\/07\/01-768x539.jpg 768w, https:\/\/visitantes.auger.org.ar\/wp-content\/uploads\/2018\/07\/01-1024x719.jpg 1024w, https:\/\/visitantes.auger.org.ar\/wp-content\/uploads\/2018\/07\/01-208x146.jpg 208w, https:\/\/visitantes.auger.org.ar\/wp-content\/uploads\/2018\/07\/01-50x35.jpg 50w, https:\/\/visitantes.auger.org.ar\/wp-content\/uploads\/2018\/07\/01-107x75.jpg 107w, https:\/\/visitantes.auger.org.ar\/wp-content\/uploads\/2018\/07\/01.jpg 1600w\" sizes=\"(max-width: 271px) 100vw, 271px\" \/>\u00a0\u00a0<img loading=\"lazy\" decoding=\"async\" class=\"alignnone wp-image-3057\" src=\"https:\/\/visitantes.auger.org.ar\/wp-content\/uploads\/2018\/07\/04-300x213.jpg\" alt=\"\" width=\"267\" height=\"190\" srcset=\"https:\/\/visitantes.auger.org.ar\/wp-content\/uploads\/2018\/07\/04-300x213.jpg 300w, https:\/\/visitantes.auger.org.ar\/wp-content\/uploads\/2018\/07\/04-768x546.jpg 768w, https:\/\/visitantes.auger.org.ar\/wp-content\/uploads\/2018\/07\/04-1024x729.jpg 1024w, https:\/\/visitantes.auger.org.ar\/wp-content\/uploads\/2018\/07\/04-205x146.jpg 205w, https:\/\/visitantes.auger.org.ar\/wp-content\/uploads\/2018\/07\/04-50x36.jpg 50w, https:\/\/visitantes.auger.org.ar\/wp-content\/uploads\/2018\/07\/04-105x75.jpg 105w, https:\/\/visitantes.auger.org.ar\/wp-content\/uploads\/2018\/07\/04.jpg 1600w\" sizes=\"(max-width: 267px) 100vw, 267px\" \/>\u00a0\u00a0<img loading=\"lazy\" decoding=\"async\" class=\"alignnone wp-image-3060\" src=\"https:\/\/visitantes.auger.org.ar\/wp-content\/uploads\/2018\/07\/13-300x181.jpg\" alt=\"\" width=\"315\" height=\"190\" srcset=\"https:\/\/visitantes.auger.org.ar\/wp-content\/uploads\/2018\/07\/13-300x181.jpg 300w, https:\/\/visitantes.auger.org.ar\/wp-content\/uploads\/2018\/07\/13-768x463.jpg 768w, https:\/\/visitantes.auger.org.ar\/wp-content\/uploads\/2018\/07\/13-1024x617.jpg 1024w, https:\/\/visitantes.auger.org.ar\/wp-content\/uploads\/2018\/07\/13-242x146.jpg 242w, https:\/\/visitantes.auger.org.ar\/wp-content\/uploads\/2018\/07\/13-50x30.jpg 50w, https:\/\/visitantes.auger.org.ar\/wp-content\/uploads\/2018\/07\/13-125x75.jpg 125w, https:\/\/visitantes.auger.org.ar\/wp-content\/uploads\/2018\/07\/13.jpg 1600w\" sizes=\"(max-width: 315px) 100vw, 315px\" \/><\/p>\n","protected":false},"excerpt":{"rendered":"<p>Durante el festejo del D\u00eda Internacional de la Luz, el d\u00eda mi\u00e9rcoles 16 de mayo de 2018, se desarrollaron diversas actividades en conjunto con el Complejo Planetario Malarg\u00fce. Entre ellas, el lanzamiento del concurso de fotograf\u00eda, que terminar\u00e1 el d\u00eda viernes 4 de agosto de 2018. Ac\u00e1 encontrar\u00e1s las bases para participar. BASES E INSCRIPCI\u00d3N [&hellip;]<\/p>\n","protected":false},"author":7,"featured_media":3054,"comment_status":"open","ping_status":"open","sticky":false,"template":"","format":"standard","meta":{"_jetpack_memberships_contains_paid_content":false,"footnotes":""},"categories":[10],"tags":[],"class_list":["post-3053","post","type-post","status-publish","format-standard","has-post-thumbnail","hentry","category-novedades"],"jetpack_featured_media_url":"https:\/\/visitantes.auger.org.ar\/wp-content\/uploads\/2018\/07\/FLYER-CONCURSO.jpg","jetpack_sharing_enabled":true,"rttpg_featured_image_url":{"full":["https:\/\/visitantes.auger.org.ar\/wp-content\/uploads\/2018\/07\/FLYER-CONCURSO.jpg",1600,974,false],"landscape":["https:\/\/visitantes.auger.org.ar\/wp-content\/uploads\/2018\/07\/FLYER-CONCURSO.jpg",1600,974,false],"portraits":["https:\/\/visitantes.auger.org.ar\/wp-content\/uploads\/2018\/07\/FLYER-CONCURSO.jpg",1600,974,false],"thumbnail":["https:\/\/visitantes.auger.org.ar\/wp-content\/uploads\/2018\/07\/FLYER-CONCURSO-250x250.jpg",250,250,true],"medium":["https:\/\/visitantes.auger.org.ar\/wp-content\/uploads\/2018\/07\/FLYER-CONCURSO-300x183.jpg",300,183,true],"large":["https:\/\/visitantes.auger.org.ar\/wp-content\/uploads\/2018\/07\/FLYER-CONCURSO-1024x623.jpg",800,487,true],"1536x1536":["https:\/\/visitantes.auger.org.ar\/wp-content\/uploads\/2018\/07\/FLYER-CONCURSO.jpg",1536,935,false],"2048x2048":["https:\/\/visitantes.auger.org.ar\/wp-content\/uploads\/2018\/07\/FLYER-CONCURSO.jpg",1600,974,false]},"rttpg_author":{"display_name":"Admin WP","author_link":"https:\/\/visitantes.auger.org.ar\/index.php\/author\/adminuserwp\/"},"rttpg_comment":0,"rttpg_category":"<a href=\"https:\/\/visitantes.auger.org.ar\/index.php\/category\/auger\/novedades\/\" rel=\"category tag\">Novedades<\/a>","rttpg_excerpt":"Durante el festejo del D\u00eda Internacional de la Luz, el d\u00eda mi\u00e9rcoles 16 de mayo de 2018, se desarrollaron diversas actividades en conjunto con el Complejo Planetario Malarg\u00fce. Entre ellas, el lanzamiento del concurso de fotograf\u00eda, que terminar\u00e1 el d\u00eda viernes 4 de agosto de 2018. Ac\u00e1 encontrar\u00e1s las bases para participar. BASES E INSCRIPCI\u00d3N&hellip;","_links":{"self":[{"href":"https:\/\/visitantes.auger.org.ar\/index.php\/wp-json\/wp\/v2\/posts\/3053","targetHints":{"allow":["GET"]}}],"collection":[{"href":"https:\/\/visitantes.auger.org.ar\/index.php\/wp-json\/wp\/v2\/posts"}],"about":[{"href":"https:\/\/visitantes.auger.org.ar\/index.php\/wp-json\/wp\/v2\/types\/post"}],"author":[{"embeddable":true,"href":"https:\/\/visitantes.auger.org.ar\/index.php\/wp-json\/wp\/v2\/users\/7"}],"replies":[{"embeddable":true,"href":"https:\/\/visitantes.auger.org.ar\/index.php\/wp-json\/wp\/v2\/comments?post=3053"}],"version-history":[{"count":7,"href":"https:\/\/visitantes.auger.org.ar\/index.php\/wp-json\/wp\/v2\/posts\/3053\/revisions"}],"predecessor-version":[{"id":3074,"href":"https:\/\/visitantes.auger.org.ar\/index.php\/wp-json\/wp\/v2\/posts\/3053\/revisions\/3074"}],"wp:featuredmedia":[{"embeddable":true,"href":"https:\/\/visitantes.auger.org.ar\/index.php\/wp-json\/wp\/v2\/media\/3054"}],"wp:attachment":[{"href":"https:\/\/visitantes.auger.org.ar\/index.php\/wp-json\/wp\/v2\/media?parent=3053"}],"wp:term":[{"taxonomy":"category","embeddable":true,"href":"https:\/\/visitantes.auger.org.ar\/index.php\/wp-json\/wp\/v2\/categories?post=3053"},{"taxonomy":"post_tag","embeddable":true,"href":"https:\/\/visitantes.auger.org.ar\/index.php\/wp-json\/wp\/v2\/tags?post=3053"}],"curies":[{"name":"wp","href":"https:\/\/api.w.org\/{rel}","templated":true}]}}