{"id":3078,"date":"2018-08-29T14:31:27","date_gmt":"2018-08-29T14:31:27","guid":{"rendered":"https:\/\/visitantes.auger.org.ar\/?p=3078"},"modified":"2018-08-29T14:31:27","modified_gmt":"2018-08-29T14:31:27","slug":"ganadores-del-concurso-dia-internacional-de-la-luz","status":"publish","type":"post","link":"https:\/\/visitantes.auger.org.ar\/index.php\/ganadores-del-concurso-dia-internacional-de-la-luz\/","title":{"rendered":"Ganadores del Concurso &#8220;D\u00eda Internacional de La Luz&#8221;"},"content":{"rendered":"<p>Felicitamos a los ganadores del &#8220;Primer Concurso del D\u00eda Internacional de La Luz&#8221; y agradecemos a todos los que participaron en este evento. Nos encontraremos el pr\u00f3ximo a\u00f1o con una nueva edici\u00f3n.<\/p>\n<p>Las fotograf\u00edas estar\u00e1n impresas y expuestas hasta la segunda edici\u00f3n en nuestras instalaciones.<\/p>\n<p>Felicitaciones!!!<\/p>\n","protected":false},"excerpt":{"rendered":"<p>Felicitamos a los ganadores del &#8220;Primer Concurso del D\u00eda Internacional de La Luz&#8221; y agradecemos a todos los que participaron en este evento. Nos encontraremos el pr\u00f3ximo a\u00f1o con una nueva edici\u00f3n. Las fotograf\u00edas estar\u00e1n impresas y expuestas hasta la segunda edici\u00f3n en nuestras instalaciones. Felicitaciones!!!<\/p>\n","protected":false},"author":7,"featured_media":3081,"comment_status":"closed","ping_status":"open","sticky":false,"template":"","format":"standard","meta":{"_jetpack_memberships_contains_paid_content":false,"footnotes":""},"categories":[10],"tags":[],"class_list":["post-3078","post","type-post","status-publish","format-standard","has-post-thumbnail","hentry","category-novedades"],"jetpack_featured_media_url":"https:\/\/visitantes.auger.org.ar\/wp-content\/uploads\/2018\/08\/Ganadores-Small.jpg","jetpack_sharing_enabled":true,"rttpg_featured_image_url":{"full":["https:\/\/visitantes.auger.org.ar\/wp-content\/uploads\/2018\/08\/Ganadores-Small.jpg",693,480,false],"landscape":["https:\/\/visitantes.auger.org.ar\/wp-content\/uploads\/2018\/08\/Ganadores-Small.jpg",693,480,false],"portraits":["https:\/\/visitantes.auger.org.ar\/wp-content\/uploads\/2018\/08\/Ganadores-Small.jpg",693,480,false],"thumbnail":["https:\/\/visitantes.auger.org.ar\/wp-content\/uploads\/2018\/08\/Ganadores-Small-250x250.jpg",250,250,true],"medium":["https:\/\/visitantes.auger.org.ar\/wp-content\/uploads\/2018\/08\/Ganadores-Small-300x208.jpg",300,208,true],"large":["https:\/\/visitantes.auger.org.ar\/wp-content\/uploads\/2018\/08\/Ganadores-Small.jpg",693,480,false],"1536x1536":["https:\/\/visitantes.auger.org.ar\/wp-content\/uploads\/2018\/08\/Ganadores-Small.jpg",693,480,false],"2048x2048":["https:\/\/visitantes.auger.org.ar\/wp-content\/uploads\/2018\/08\/Ganadores-Small.jpg",693,480,false]},"rttpg_author":{"display_name":"Admin WP","author_link":"https:\/\/visitantes.auger.org.ar\/index.php\/author\/adminuserwp\/"},"rttpg_comment":0,"rttpg_category":"<a href=\"https:\/\/visitantes.auger.org.ar\/index.php\/category\/auger\/novedades\/\" rel=\"category tag\">Novedades<\/a>","rttpg_excerpt":"Felicitamos a los ganadores del &#8220;Primer Concurso del D\u00eda Internacional de La Luz&#8221; y agradecemos a todos los que participaron en este evento. Nos encontraremos el pr\u00f3ximo a\u00f1o con una nueva edici\u00f3n. Las fotograf\u00edas estar\u00e1n impresas y expuestas hasta la segunda edici\u00f3n en nuestras instalaciones. Felicitaciones!!!","_links":{"self":[{"href":"https:\/\/visitantes.auger.org.ar\/index.php\/wp-json\/wp\/v2\/posts\/3078","targetHints":{"allow":["GET"]}}],"collection":[{"href":"https:\/\/visitantes.auger.org.ar\/index.php\/wp-json\/wp\/v2\/posts"}],"about":[{"href":"https:\/\/visitantes.auger.org.ar\/index.php\/wp-json\/wp\/v2\/types\/post"}],"author":[{"embeddable":true,"href":"https:\/\/visitantes.auger.org.ar\/index.php\/wp-json\/wp\/v2\/users\/7"}],"replies":[{"embeddable":true,"href":"https:\/\/visitantes.auger.org.ar\/index.php\/wp-json\/wp\/v2\/comments?post=3078"}],"version-history":[{"count":1,"href":"https:\/\/visitantes.auger.org.ar\/index.php\/wp-json\/wp\/v2\/posts\/3078\/revisions"}],"predecessor-version":[{"id":3080,"href":"https:\/\/visitantes.auger.org.ar\/index.php\/wp-json\/wp\/v2\/posts\/3078\/revisions\/3080"}],"wp:featuredmedia":[{"embeddable":true,"href":"https:\/\/visitantes.auger.org.ar\/index.php\/wp-json\/wp\/v2\/media\/3081"}],"wp:attachment":[{"href":"https:\/\/visitantes.auger.org.ar\/index.php\/wp-json\/wp\/v2\/media?parent=3078"}],"wp:term":[{"taxonomy":"category","embeddable":true,"href":"https:\/\/visitantes.auger.org.ar\/index.php\/wp-json\/wp\/v2\/categories?post=3078"},{"taxonomy":"post_tag","embeddable":true,"href":"https:\/\/visitantes.auger.org.ar\/index.php\/wp-json\/wp\/v2\/tags?post=3078"}],"curies":[{"name":"wp","href":"https:\/\/api.w.org\/{rel}","templated":true}]}}