{"id":3082,"date":"2018-08-29T20:57:25","date_gmt":"2018-08-29T20:57:25","guid":{"rendered":"https:\/\/visitantes.auger.org.ar\/?p=3082"},"modified":"2018-08-29T21:07:08","modified_gmt":"2018-08-29T21:07:08","slug":"feria-de-ciencias-departamental-malargue","status":"publish","type":"post","link":"https:\/\/visitantes.auger.org.ar\/index.php\/feria-de-ciencias-departamental-malargue\/","title":{"rendered":"Feria de Ciencias Departamental"},"content":{"rendered":"<p>El martes 28 de agosto en Malarg\u00fce, se llev\u00f3 a cabo la Feria de Ciencias Departamental.<\/p>\n<p>El Observatorio Pierre Auger y la Facultad de Ciencias Exactas y Naturales de la Universidad Nacional de Cuyo realizaron menciones a trabajos de nivel secundario referidos a la ciencia.<\/p>\n<p>Estas menciones las proponen profesores de la facultad y personal del Observatorio Pierre Auger. Las menciones tienen como objetivo ser un est\u00edmulo para los docentes asesores y estudiantes, y son totalmente independientes de los trabajos seleccionados para la instancia provincial, proceso que lleva a cabo la DGE.<\/p>\n<p>Felicitamos a los trabajos que se les otorgo la menci\u00f3n:<\/p>\n<p>1 &#8211; &#8220;Soldadura solidaria&#8221; &#8211; Escuela T\u00e9cnica Electromec\u00e1nica N\u00b0 4-228 &#8220;Eugenio Izasky&#8221;<\/p>\n<p>2 &#8211; &#8220;An\u00e1lisis sensorial de charqui de cabra&#8221; &#8211; Escuela T\u00e9cnica Producci\u00f3n Agropecuaria N\u00b0 4-191 &#8220;Dr. Daniel Hugo Pierini&#8221;<\/p>\n<p>3 &#8211; &#8220;Vida en brotes&#8221; &#8211; Escuela T\u00e9cnica Agropecuaria N\u00b0 4-239 \u201cCerro El Sosneado\u201d<\/p>\n<p>En el lapso de la tarde, el Observatorio Pierre Auger tambi\u00e9n participo con un stand, exponiendo objetos que se pueden realizar a partir de basura electr\u00f3nica. Hubo una gran convocatoria e inter\u00e9s, el cual llevo a que muchos alumnos, docentes, padres, pudieran realizar sus propias obras de arte y llev\u00e1rselas de obsequio.<\/p>\n<p>Agradecemos a la Direcci\u00f3n de Educaci\u00f3n de la Municipalidad de Malarg\u00fce por la invitaci\u00f3n e iniciativa.<\/p>\n<p><img fetchpriority=\"high\" decoding=\"async\" class=\"alignnone wp-image-3086 \" src=\"https:\/\/visitantes.auger.org.ar\/wp-content\/uploads\/2018\/08\/20180828_162654-e1535575145255-225x300.jpg\" alt=\"\" width=\"280\" height=\"374\" srcset=\"https:\/\/visitantes.auger.org.ar\/wp-content\/uploads\/2018\/08\/20180828_162654-e1535575145255-225x300.jpg 225w, https:\/\/visitantes.auger.org.ar\/wp-content\/uploads\/2018\/08\/20180828_162654-e1535575145255-768x1024.jpg 768w, https:\/\/visitantes.auger.org.ar\/wp-content\/uploads\/2018\/08\/20180828_162654-e1535575145255-110x146.jpg 110w, https:\/\/visitantes.auger.org.ar\/wp-content\/uploads\/2018\/08\/20180828_162654-e1535575145255-38x50.jpg 38w, https:\/\/visitantes.auger.org.ar\/wp-content\/uploads\/2018\/08\/20180828_162654-e1535575145255-56x75.jpg 56w, https:\/\/visitantes.auger.org.ar\/wp-content\/uploads\/2018\/08\/20180828_162654-e1535575145255.jpg 1200w\" sizes=\"(max-width: 280px) 100vw, 280px\" \/>\u00a0<img decoding=\"async\" class=\"alignnone wp-image-3087 \" src=\"https:\/\/visitantes.auger.org.ar\/wp-content\/uploads\/2018\/08\/20180828_164554-e1535575205427-225x300.jpg\" alt=\"\" width=\"280\" height=\"374\" srcset=\"https:\/\/visitantes.auger.org.ar\/wp-content\/uploads\/2018\/08\/20180828_164554-e1535575205427-225x300.jpg 225w, https:\/\/visitantes.auger.org.ar\/wp-content\/uploads\/2018\/08\/20180828_164554-e1535575205427-768x1024.jpg 768w, https:\/\/visitantes.auger.org.ar\/wp-content\/uploads\/2018\/08\/20180828_164554-e1535575205427-110x146.jpg 110w, https:\/\/visitantes.auger.org.ar\/wp-content\/uploads\/2018\/08\/20180828_164554-e1535575205427-38x50.jpg 38w, https:\/\/visitantes.auger.org.ar\/wp-content\/uploads\/2018\/08\/20180828_164554-e1535575205427-56x75.jpg 56w, https:\/\/visitantes.auger.org.ar\/wp-content\/uploads\/2018\/08\/20180828_164554-e1535575205427.jpg 1200w\" sizes=\"(max-width: 280px) 100vw, 280px\" \/>\u00a0<img decoding=\"async\" class=\"alignnone wp-image-3085 \" src=\"https:\/\/visitantes.auger.org.ar\/wp-content\/uploads\/2018\/08\/20180828_162624-e1535575180882-225x300.jpg\" alt=\"\" width=\"280\" height=\"374\" srcset=\"https:\/\/visitantes.auger.org.ar\/wp-content\/uploads\/2018\/08\/20180828_162624-e1535575180882-225x300.jpg 225w, https:\/\/visitantes.auger.org.ar\/wp-content\/uploads\/2018\/08\/20180828_162624-e1535575180882-768x1024.jpg 768w, https:\/\/visitantes.auger.org.ar\/wp-content\/uploads\/2018\/08\/20180828_162624-e1535575180882-110x146.jpg 110w, https:\/\/visitantes.auger.org.ar\/wp-content\/uploads\/2018\/08\/20180828_162624-e1535575180882-38x50.jpg 38w, https:\/\/visitantes.auger.org.ar\/wp-content\/uploads\/2018\/08\/20180828_162624-e1535575180882-56x75.jpg 56w, https:\/\/visitantes.auger.org.ar\/wp-content\/uploads\/2018\/08\/20180828_162624-e1535575180882.jpg 1200w\" sizes=\"(max-width: 280px) 100vw, 280px\" \/><\/p>\n<p><img loading=\"lazy\" decoding=\"async\" class=\"alignnone wp-image-3088 \" src=\"https:\/\/visitantes.auger.org.ar\/wp-content\/uploads\/2018\/08\/IMG-20180828-WA0020-300x168.jpg\" alt=\"\" width=\"430\" height=\"241\" srcset=\"https:\/\/visitantes.auger.org.ar\/wp-content\/uploads\/2018\/08\/IMG-20180828-WA0020-300x168.jpg 300w, https:\/\/visitantes.auger.org.ar\/wp-content\/uploads\/2018\/08\/IMG-20180828-WA0020-768x431.jpg 768w, https:\/\/visitantes.auger.org.ar\/wp-content\/uploads\/2018\/08\/IMG-20180828-WA0020-1024x575.jpg 1024w, https:\/\/visitantes.auger.org.ar\/wp-content\/uploads\/2018\/08\/IMG-20180828-WA0020-260x146.jpg 260w, https:\/\/visitantes.auger.org.ar\/wp-content\/uploads\/2018\/08\/IMG-20180828-WA0020-50x28.jpg 50w, https:\/\/visitantes.auger.org.ar\/wp-content\/uploads\/2018\/08\/IMG-20180828-WA0020-134x75.jpg 134w, https:\/\/visitantes.auger.org.ar\/wp-content\/uploads\/2018\/08\/IMG-20180828-WA0020.jpg 1040w\" sizes=\"(max-width: 430px) 100vw, 430px\" \/>\u00a0\u00a0<img loading=\"lazy\" decoding=\"async\" class=\"alignnone wp-image-3109\" src=\"https:\/\/visitantes.auger.org.ar\/wp-content\/uploads\/2018\/08\/IMG-20180828-WA0019-1-300x168.jpg\" alt=\"\" width=\"430\" height=\"241\" srcset=\"https:\/\/visitantes.auger.org.ar\/wp-content\/uploads\/2018\/08\/IMG-20180828-WA0019-1-300x168.jpg 300w, https:\/\/visitantes.auger.org.ar\/wp-content\/uploads\/2018\/08\/IMG-20180828-WA0019-1-768x431.jpg 768w, https:\/\/visitantes.auger.org.ar\/wp-content\/uploads\/2018\/08\/IMG-20180828-WA0019-1-1024x575.jpg 1024w, https:\/\/visitantes.auger.org.ar\/wp-content\/uploads\/2018\/08\/IMG-20180828-WA0019-1-260x146.jpg 260w, https:\/\/visitantes.auger.org.ar\/wp-content\/uploads\/2018\/08\/IMG-20180828-WA0019-1-50x28.jpg 50w, https:\/\/visitantes.auger.org.ar\/wp-content\/uploads\/2018\/08\/IMG-20180828-WA0019-1-134x75.jpg 134w, https:\/\/visitantes.auger.org.ar\/wp-content\/uploads\/2018\/08\/IMG-20180828-WA0019-1.jpg 1040w\" sizes=\"(max-width: 430px) 100vw, 430px\" \/><\/p>\n","protected":false},"excerpt":{"rendered":"<p>El martes 28 de agosto en Malarg\u00fce, se llev\u00f3 a cabo la Feria de Ciencias Departamental. El Observatorio Pierre Auger y la Facultad de Ciencias Exactas y Naturales de la Universidad Nacional de Cuyo realizaron menciones a trabajos de nivel secundario referidos a la ciencia. Estas menciones las proponen profesores de la facultad y personal [&hellip;]<\/p>\n","protected":false},"author":7,"featured_media":3107,"comment_status":"closed","ping_status":"open","sticky":false,"template":"","format":"standard","meta":{"_jetpack_memberships_contains_paid_content":false,"footnotes":""},"categories":[10],"tags":[],"class_list":["post-3082","post","type-post","status-publish","format-standard","has-post-thumbnail","hentry","category-novedades"],"jetpack_featured_media_url":"https:\/\/visitantes.auger.org.ar\/wp-content\/uploads\/2018\/08\/IMG-20180828-WA0019.jpg","jetpack_sharing_enabled":true,"rttpg_featured_image_url":{"full":["https:\/\/visitantes.auger.org.ar\/wp-content\/uploads\/2018\/08\/IMG-20180828-WA0019.jpg",1040,584,false],"landscape":["https:\/\/visitantes.auger.org.ar\/wp-content\/uploads\/2018\/08\/IMG-20180828-WA0019.jpg",1040,584,false],"portraits":["https:\/\/visitantes.auger.org.ar\/wp-content\/uploads\/2018\/08\/IMG-20180828-WA0019.jpg",1040,584,false],"thumbnail":["https:\/\/visitantes.auger.org.ar\/wp-content\/uploads\/2018\/08\/IMG-20180828-WA0019-250x250.jpg",250,250,true],"medium":["https:\/\/visitantes.auger.org.ar\/wp-content\/uploads\/2018\/08\/IMG-20180828-WA0019-300x168.jpg",300,168,true],"large":["https:\/\/visitantes.auger.org.ar\/wp-content\/uploads\/2018\/08\/IMG-20180828-WA0019-1024x575.jpg",800,449,true],"1536x1536":["https:\/\/visitantes.auger.org.ar\/wp-content\/uploads\/2018\/08\/IMG-20180828-WA0019.jpg",1040,584,false],"2048x2048":["https:\/\/visitantes.auger.org.ar\/wp-content\/uploads\/2018\/08\/IMG-20180828-WA0019.jpg",1040,584,false]},"rttpg_author":{"display_name":"Admin WP","author_link":"https:\/\/visitantes.auger.org.ar\/index.php\/author\/adminuserwp\/"},"rttpg_comment":0,"rttpg_category":"<a href=\"https:\/\/visitantes.auger.org.ar\/index.php\/category\/auger\/novedades\/\" rel=\"category tag\">Novedades<\/a>","rttpg_excerpt":"El martes 28 de agosto en Malarg\u00fce, se llev\u00f3 a cabo la Feria de Ciencias Departamental. El Observatorio Pierre Auger y la Facultad de Ciencias Exactas y Naturales de la Universidad Nacional de Cuyo realizaron menciones a trabajos de nivel secundario referidos a la ciencia. Estas menciones las proponen profesores de la facultad y personal&hellip;","_links":{"self":[{"href":"https:\/\/visitantes.auger.org.ar\/index.php\/wp-json\/wp\/v2\/posts\/3082","targetHints":{"allow":["GET"]}}],"collection":[{"href":"https:\/\/visitantes.auger.org.ar\/index.php\/wp-json\/wp\/v2\/posts"}],"about":[{"href":"https:\/\/visitantes.auger.org.ar\/index.php\/wp-json\/wp\/v2\/types\/post"}],"author":[{"embeddable":true,"href":"https:\/\/visitantes.auger.org.ar\/index.php\/wp-json\/wp\/v2\/users\/7"}],"replies":[{"embeddable":true,"href":"https:\/\/visitantes.auger.org.ar\/index.php\/wp-json\/wp\/v2\/comments?post=3082"}],"version-history":[{"count":7,"href":"https:\/\/visitantes.auger.org.ar\/index.php\/wp-json\/wp\/v2\/posts\/3082\/revisions"}],"predecessor-version":[{"id":3116,"href":"https:\/\/visitantes.auger.org.ar\/index.php\/wp-json\/wp\/v2\/posts\/3082\/revisions\/3116"}],"wp:featuredmedia":[{"embeddable":true,"href":"https:\/\/visitantes.auger.org.ar\/index.php\/wp-json\/wp\/v2\/media\/3107"}],"wp:attachment":[{"href":"https:\/\/visitantes.auger.org.ar\/index.php\/wp-json\/wp\/v2\/media?parent=3082"}],"wp:term":[{"taxonomy":"category","embeddable":true,"href":"https:\/\/visitantes.auger.org.ar\/index.php\/wp-json\/wp\/v2\/categories?post=3082"},{"taxonomy":"post_tag","embeddable":true,"href":"https:\/\/visitantes.auger.org.ar\/index.php\/wp-json\/wp\/v2\/tags?post=3082"}],"curies":[{"name":"wp","href":"https:\/\/api.w.org\/{rel}","templated":true}]}}