{"id":3121,"date":"2019-06-12T18:55:51","date_gmt":"2019-06-12T18:55:51","guid":{"rendered":"https:\/\/visitantes.auger.org.ar\/?p=3121"},"modified":"2019-06-12T19:46:54","modified_gmt":"2019-06-12T19:46:54","slug":"invitacion-a-charla-publica-libre-y-gratuita-isapp-marzo-2019","status":"publish","type":"post","link":"https:\/\/visitantes.auger.org.ar\/index.php\/invitacion-a-charla-publica-libre-y-gratuita-isapp-marzo-2019\/","title":{"rendered":"7a Feria de Ciencias del Observatorio Pierre Auger"},"content":{"rendered":"<h4>El d\u00eda 11 de junio de 2019 se realiz\u00f3 la conferencia de prensa anunciando la 7a Feria de Ciencias el Observatorio Auger<\/h4>\n<p class=\"western\" align=\"justify\"><span style=\"color: #000000;\">La Feria de Ciencias 2019 del Observatorio Pierre Auger se realizar\u00e1 los d\u00edas 14 y 15 de noviembre en la sede del Observatorio en Malarg\u00fce, Provincia de Mendoza. <\/span><\/p>\n<p class=\"western\" align=\"justify\"><span style=\"color: #000000;\"><i>En esta edici\u00f3n se proponen ejes tem\u00e1ticos para los proyectos que se presenten<\/i><\/span><span style=\"color: #000000;\"><i>.<\/i><\/span><\/p>\n<p class=\"western\" align=\"justify\">La Feria de Ciencias del Observatorio Pierre Auger tiene por fin brindar un espacio en el que les estudiantes puedan mostrar sus habilidades en investigaci\u00f3n y su comprensi\u00f3n para lograr nuevos conocimientos mediante el\u00a0m\u00e9todo cient\u00edfico. Para ello, no s\u00f3lo podr\u00e1n exponer sus trabajos desarrollados junto con sus compa\u00f1eros bajo la gu\u00eda de sus docentes, sino que tambi\u00e9n podr\u00e1n estar en un \u00e1mbito donde se alentar\u00e1 el intercambio entre los expositores y con los investigadores del Observatorio.<\/p>\n<p align=\"justify\">MAS INFORMACI\u00d3N<a href=\"https:\/\/visitantes.auger.org.ar\/wp-content\/uploads\/2019\/06\/Gacetilla-de-Prensa-FC19-11-Junio-2019.pdf\"> AQUI<\/a><\/p>\n<p align=\"justify\">&#8212;&#8212;&#8212;&#8212;&#8212;&#8212;&#8212;&#8212;&#8212;&#8212;&#8212;&#8212;<\/p>\n<p><strong>El d\u00eda domingo 03 Marzo de 2019, a las 21:30 horas, en el centro de Convenciones y Exposiciones &#8220;Thesaurus&#8221; en la ciudad de Malarg\u00fce, se llevar\u00e1 a cabo una charla p\u00fablica, libre y gratuita.\u00a0<\/strong><\/p>\n<p><strong>\u00a0<\/strong><strong>Tema: <\/strong><strong>Las part\u00edculas m\u00e1s energ\u00e9ticas del universo<\/strong><\/p>\n<p>\u00a1Las part\u00edculas conocidas como rayos c\u00f3smicos nos bombardean constantemente! Uno de los mayores misterios en astrof\u00edsica es el origen de los rayos c\u00f3smicos de m\u00e1s alta energ\u00eda en el universo. Estos rayos c\u00f3smicos son los que detectamos con el Observatorio Pierre Auger. Son extremadamente ex\u00f3ticos (\u00a1e interesantes!) porque cada uno de ellos tiene una energ\u00eda que es millones de veces m\u00e1s alta que la energ\u00eda de las part\u00edculas aceleradas por el Gran Colisionador de Hadrones, el acelerador de part\u00edculas m\u00e1s poderoso del mundo. En esta charla entre amigos vamos a discutir una pregunta muy importante que se hacen todos los habitantes de Malarg\u00fce. \u00bfQu\u00e9 hacen los cient\u00edficos del Pierre Auger? Y m\u00e1s importante a\u00fan, \u00bfpara qu\u00e9 sirve todo esto?<\/p>\n<p>Disertante: <strong>Prof. Dr. Miguel Mostaf\u00e1<\/strong><\/p>\n<p>Miguel Mostaf\u00e1 es profesor de f\u00edsica y de astronom\u00eda y astrof\u00edsica en la Universidad Estatal de Pennsylvania. Despu\u00e9s de doctorarse en f\u00edsica de part\u00edculas de altas energ\u00edas en el Instituto Balseiro estudiando colisiones de protones y anti-protones producidas con el colisionador Tevatron en el Laboratorio Nacional Fermi en Estados Unidos, obtuvo posiciones postdoctorales en Italia y en el estado de Nuevo M\u00e9jico en Estados Unidos. Luego fue profesor (asistente) de f\u00edsica en la Universidad de Utah y (asociado) en la Universidad Estatal de Colorado antes de incorporarse a Penn State en 2013. Es miembro electo de la Sociedad Americana de F\u00edsica desde 2016.<\/p>\n<p>Ha recibido premios en reconocimiento de sus clases en las tres universidades donde ha ense\u00f1ado. Estudia rayos c\u00f3smicos de ultra-alta energ\u00eda como miembro de la Colaboraci\u00f3n Pierre Auger desde 2001, y rayos gamma de muy alta energ\u00eda como miembro de la Colaboraci\u00f3n HAWC (por las siglas en ingl\u00e9s de High Altitude Water Cherenkov) desde 2009.\u00a0 Su programa de investigaci\u00f3n en astrof\u00edsica de part\u00edculas de altas energ\u00edas incluye el estudio del origen de los rayos c\u00f3smicos, los mecanismos de aceleraci\u00f3n, f\u00edsica de part\u00edculas a energ\u00edas m\u00e1s all\u00e1 del alcance de aceleradores, astronom\u00eda con rayos gamma, la estructura de la V\u00eda L\u00e1ctea, y la naturaleza y las propiedades de la materia oscura.<\/p>\n<p>&nbsp;<\/p>\n","protected":false},"excerpt":{"rendered":"<p>El d\u00eda 11 de junio de 2019 se realiz\u00f3 la conferencia de prensa anunciando la 7a Feria de Ciencias el Observatorio Auger La Feria de Ciencias 2019 del Observatorio Pierre Auger se realizar\u00e1 los d\u00edas 14 y 15 de noviembre en la sede del Observatorio en Malarg\u00fce, Provincia de Mendoza. En esta edici\u00f3n se proponen [&hellip;]<\/p>\n","protected":false},"author":7,"featured_media":3172,"comment_status":"closed","ping_status":"open","sticky":false,"template":"","format":"standard","meta":{"_jetpack_memberships_contains_paid_content":false,"footnotes":""},"categories":[10],"tags":[],"class_list":["post-3121","post","type-post","status-publish","format-standard","has-post-thumbnail","hentry","category-novedades"],"jetpack_featured_media_url":"https:\/\/visitantes.auger.org.ar\/wp-content\/uploads\/2019\/06\/IMG_8488.jpg","jetpack_sharing_enabled":true,"rttpg_featured_image_url":{"full":["https:\/\/visitantes.auger.org.ar\/wp-content\/uploads\/2019\/06\/IMG_8488.jpg",1600,1066,false],"landscape":["https:\/\/visitantes.auger.org.ar\/wp-content\/uploads\/2019\/06\/IMG_8488.jpg",1600,1066,false],"portraits":["https:\/\/visitantes.auger.org.ar\/wp-content\/uploads\/2019\/06\/IMG_8488.jpg",1600,1066,false],"thumbnail":["https:\/\/visitantes.auger.org.ar\/wp-content\/uploads\/2019\/06\/IMG_8488-250x250.jpg",250,250,true],"medium":["https:\/\/visitantes.auger.org.ar\/wp-content\/uploads\/2019\/06\/IMG_8488-300x200.jpg",300,200,true],"large":["https:\/\/visitantes.auger.org.ar\/wp-content\/uploads\/2019\/06\/IMG_8488-1024x682.jpg",800,533,true],"1536x1536":["https:\/\/visitantes.auger.org.ar\/wp-content\/uploads\/2019\/06\/IMG_8488.jpg",1536,1023,false],"2048x2048":["https:\/\/visitantes.auger.org.ar\/wp-content\/uploads\/2019\/06\/IMG_8488.jpg",1600,1066,false]},"rttpg_author":{"display_name":"Admin WP","author_link":"https:\/\/visitantes.auger.org.ar\/index.php\/author\/adminuserwp\/"},"rttpg_comment":0,"rttpg_category":"<a href=\"https:\/\/visitantes.auger.org.ar\/index.php\/category\/auger\/novedades\/\" rel=\"category tag\">Novedades<\/a>","rttpg_excerpt":"El d\u00eda 11 de junio de 2019 se realiz\u00f3 la conferencia de prensa anunciando la 7a Feria de Ciencias el Observatorio Auger La Feria de Ciencias 2019 del Observatorio Pierre Auger se realizar\u00e1 los d\u00edas 14 y 15 de noviembre en la sede del Observatorio en Malarg\u00fce, Provincia de Mendoza. En esta edici\u00f3n se proponen&hellip;","_links":{"self":[{"href":"https:\/\/visitantes.auger.org.ar\/index.php\/wp-json\/wp\/v2\/posts\/3121","targetHints":{"allow":["GET"]}}],"collection":[{"href":"https:\/\/visitantes.auger.org.ar\/index.php\/wp-json\/wp\/v2\/posts"}],"about":[{"href":"https:\/\/visitantes.auger.org.ar\/index.php\/wp-json\/wp\/v2\/types\/post"}],"author":[{"embeddable":true,"href":"https:\/\/visitantes.auger.org.ar\/index.php\/wp-json\/wp\/v2\/users\/7"}],"replies":[{"embeddable":true,"href":"https:\/\/visitantes.auger.org.ar\/index.php\/wp-json\/wp\/v2\/comments?post=3121"}],"version-history":[{"count":7,"href":"https:\/\/visitantes.auger.org.ar\/index.php\/wp-json\/wp\/v2\/posts\/3121\/revisions"}],"predecessor-version":[{"id":3183,"href":"https:\/\/visitantes.auger.org.ar\/index.php\/wp-json\/wp\/v2\/posts\/3121\/revisions\/3183"}],"wp:featuredmedia":[{"embeddable":true,"href":"https:\/\/visitantes.auger.org.ar\/index.php\/wp-json\/wp\/v2\/media\/3172"}],"wp:attachment":[{"href":"https:\/\/visitantes.auger.org.ar\/index.php\/wp-json\/wp\/v2\/media?parent=3121"}],"wp:term":[{"taxonomy":"category","embeddable":true,"href":"https:\/\/visitantes.auger.org.ar\/index.php\/wp-json\/wp\/v2\/categories?post=3121"},{"taxonomy":"post_tag","embeddable":true,"href":"https:\/\/visitantes.auger.org.ar\/index.php\/wp-json\/wp\/v2\/tags?post=3121"}],"curies":[{"name":"wp","href":"https:\/\/api.w.org\/{rel}","templated":true}]}}