{"id":32,"date":"2010-03-04T01:45:50","date_gmt":"2010-03-04T01:45:50","guid":{"rendered":"http:\/\/web.auger.org.ar\/visitantes\/animus\/index.php\/2010\/03\/04\/se-inauguro-el-observatorio-pierre-auger\/"},"modified":"2010-03-04T01:45:50","modified_gmt":"2010-03-04T01:45:50","slug":"se-inauguro-el-observatorio-pierre-auger","status":"publish","type":"post","link":"https:\/\/visitantes.auger.org.ar\/index.php\/se-inauguro-el-observatorio-pierre-auger\/","title":{"rendered":"Se inaugur\u00f3 el Observatorio Pierre Auger"},"content":{"rendered":"<p class=\"Estilo85 Estilo16\" align=\"justify\"><span class=\"Estilo87\"><\/span><span class=\"Estilo87\">La ceremonia de inauguraci\u00f3n se llev\u00f3 a cabo en el edificio principal de Pierre Auger y cont\u00f3 con la asistencia de los embajadores de 17 pa\u00edses que financian el proyecto, adem\u00e1s de numerosos cient\u00edficos argentinos y extranjeros, entre ellos el premio Nobel y pionero en el estudio de los rayos c\u00f3smicos, James Cronin. All\u00ed estaban tambi\u00e9n los f\u00edsicos argentinos Alberto Etchegoyen y Alberto Filevich, l\u00edderes del proyecto que tuvo como uno de los principales animadores al vicepresidente Julio Cobos cuando estuvo al frente de la facultad Mendoza de la Universidad Tecnol\u00f3gica Nacional (UTN).<br \/> <span class=\"Estilo8\">&#8211; Prensa: <span class=\"Estilo84\"><a href=\"http:\/\/visitantes.auger.org.ar\/Auger_Sur\/Uno_finalizan%20PAuger.htm\" target=\"_blank\">Diario UNO <\/a>&#8211;<\/span><\/span> <\/span><\/p>\n<p class=\"Estilo85 Estilo16\" align=\"justify\">\u00a0<\/p>\n<p>\u00a0<\/p>\n","protected":false},"excerpt":{"rendered":"<p>La ceremonia de inauguraci\u00f3n se llev\u00f3 a cabo en el edificio principal de Pierre Auger y cont\u00f3 con la asistencia de los embajadores de 17 pa\u00edses que financian el proyecto, adem\u00e1s de numerosos cient\u00edficos argentinos y extranjeros, entre ellos el premio Nobel y pionero en el estudio de los rayos c\u00f3smicos, James Cronin. All\u00ed estaban [&hellip;]<\/p>\n","protected":false},"author":1,"featured_media":0,"comment_status":"open","ping_status":"open","sticky":false,"template":"","format":"standard","meta":{"_jetpack_memberships_contains_paid_content":false,"footnotes":""},"categories":[10],"tags":[],"class_list":["post-32","post","type-post","status-publish","format-standard","hentry","category-novedades"],"jetpack_featured_media_url":"","jetpack_sharing_enabled":true,"rttpg_featured_image_url":null,"rttpg_author":{"display_name":"PierreUser","author_link":"https:\/\/visitantes.auger.org.ar\/index.php\/author\/pierreuser\/"},"rttpg_comment":0,"rttpg_category":"<a href=\"https:\/\/visitantes.auger.org.ar\/index.php\/category\/auger\/novedades\/\" rel=\"category tag\">Novedades<\/a>","rttpg_excerpt":"La ceremonia de inauguraci\u00f3n se llev\u00f3 a cabo en el edificio principal de Pierre Auger y cont\u00f3 con la asistencia de los embajadores de 17 pa\u00edses que financian el proyecto, adem\u00e1s de numerosos cient\u00edficos argentinos y extranjeros, entre ellos el premio Nobel y pionero en el estudio de los rayos c\u00f3smicos, James Cronin. All\u00ed estaban&hellip;","_links":{"self":[{"href":"https:\/\/visitantes.auger.org.ar\/index.php\/wp-json\/wp\/v2\/posts\/32","targetHints":{"allow":["GET"]}}],"collection":[{"href":"https:\/\/visitantes.auger.org.ar\/index.php\/wp-json\/wp\/v2\/posts"}],"about":[{"href":"https:\/\/visitantes.auger.org.ar\/index.php\/wp-json\/wp\/v2\/types\/post"}],"author":[{"embeddable":true,"href":"https:\/\/visitantes.auger.org.ar\/index.php\/wp-json\/wp\/v2\/users\/1"}],"replies":[{"embeddable":true,"href":"https:\/\/visitantes.auger.org.ar\/index.php\/wp-json\/wp\/v2\/comments?post=32"}],"version-history":[{"count":0,"href":"https:\/\/visitantes.auger.org.ar\/index.php\/wp-json\/wp\/v2\/posts\/32\/revisions"}],"wp:attachment":[{"href":"https:\/\/visitantes.auger.org.ar\/index.php\/wp-json\/wp\/v2\/media?parent=32"}],"wp:term":[{"taxonomy":"category","embeddable":true,"href":"https:\/\/visitantes.auger.org.ar\/index.php\/wp-json\/wp\/v2\/categories?post=32"},{"taxonomy":"post_tag","embeddable":true,"href":"https:\/\/visitantes.auger.org.ar\/index.php\/wp-json\/wp\/v2\/tags?post=32"}],"curies":[{"name":"wp","href":"https:\/\/api.w.org\/{rel}","templated":true}]}}