{"id":3216,"date":"2019-09-04T14:56:32","date_gmt":"2019-09-04T14:56:32","guid":{"rendered":"https:\/\/visitantes.auger.org.ar\/?page_id=3216"},"modified":"2019-09-05T13:51:31","modified_gmt":"2019-09-05T13:51:31","slug":"feria-departamental-del-libro","status":"publish","type":"post","link":"https:\/\/visitantes.auger.org.ar\/index.php\/feria-departamental-del-libro\/","title":{"rendered":"Feria Departamental del Libro"},"content":{"rendered":"\n<p>El 1, 2 y 3 de septiembre de 2019, se llevo a cabo la Feria Departamental del libro, Malarg\u00fce 2019, en el Polideportivo Municipal Malal H\u00fce. <\/p>\n\n\n\n<p>El Observatorio Pierre Auger el martes 3, en el lapso de la tarde, particip\u00f3 con un stand exponiendo objetos que se pueden realizar a partir de basura electr\u00f3nica. Hubo una gran convocatoria e inter\u00e9s, el cual llevo a los visitantes, entre ellos alumnos, docentes y padres, los cuales pudieran realizar sus propias obras de arte y llev\u00e1rselas de obsequio.<\/p>\n\n\n\n<p>Agradecemos a la Direcci\u00f3n de Educaci\u00f3n de la Municipalidad de Malarg\u00fce por la invitaci\u00f3n e iniciativa.<\/p>\n\n\n\n<ul class=\"wp-block-gallery columns-3 is-cropped wp-block-gallery-1 is-layout-flex wp-block-gallery-is-layout-flex\"><li class=\"blocks-gallery-item\"><figure><img fetchpriority=\"high\" decoding=\"async\" width=\"498\" height=\"1024\" src=\"https:\/\/visitantes.auger.org.ar\/wp-content\/uploads\/2019\/09\/WhatsApp-Image-2019-09-03-at-18.27.19-1-498x1024.jpeg\" alt=\"\" data-id=\"3217\" data-link=\"https:\/\/visitantes.auger.org.ar\/?attachment_id=3217\" class=\"wp-image-3217\" srcset=\"https:\/\/visitantes.auger.org.ar\/wp-content\/uploads\/2019\/09\/WhatsApp-Image-2019-09-03-at-18.27.19-1-498x1024.jpeg 498w, https:\/\/visitantes.auger.org.ar\/wp-content\/uploads\/2019\/09\/WhatsApp-Image-2019-09-03-at-18.27.19-1-146x300.jpeg 146w, https:\/\/visitantes.auger.org.ar\/wp-content\/uploads\/2019\/09\/WhatsApp-Image-2019-09-03-at-18.27.19-1-71x146.jpeg 71w, https:\/\/visitantes.auger.org.ar\/wp-content\/uploads\/2019\/09\/WhatsApp-Image-2019-09-03-at-18.27.19-1-24x50.jpeg 24w, https:\/\/visitantes.auger.org.ar\/wp-content\/uploads\/2019\/09\/WhatsApp-Image-2019-09-03-at-18.27.19-1-36x75.jpeg 36w, https:\/\/visitantes.auger.org.ar\/wp-content\/uploads\/2019\/09\/WhatsApp-Image-2019-09-03-at-18.27.19-1.jpeg 622w\" sizes=\"(max-width: 498px) 100vw, 498px\" \/><\/figure><\/li><li class=\"blocks-gallery-item\"><figure><img decoding=\"async\" width=\"576\" height=\"1024\" src=\"https:\/\/visitantes.auger.org.ar\/wp-content\/uploads\/2019\/09\/WhatsApp-Image-2019-09-04-at-10.21.41-576x1024.jpeg\" alt=\"\" data-id=\"3220\" data-link=\"https:\/\/visitantes.auger.org.ar\/?attachment_id=3220\" class=\"wp-image-3220\" srcset=\"https:\/\/visitantes.auger.org.ar\/wp-content\/uploads\/2019\/09\/WhatsApp-Image-2019-09-04-at-10.21.41-576x1024.jpeg 576w, https:\/\/visitantes.auger.org.ar\/wp-content\/uploads\/2019\/09\/WhatsApp-Image-2019-09-04-at-10.21.41-169x300.jpeg 169w, https:\/\/visitantes.auger.org.ar\/wp-content\/uploads\/2019\/09\/WhatsApp-Image-2019-09-04-at-10.21.41-82x146.jpeg 82w, https:\/\/visitantes.auger.org.ar\/wp-content\/uploads\/2019\/09\/WhatsApp-Image-2019-09-04-at-10.21.41-28x50.jpeg 28w, https:\/\/visitantes.auger.org.ar\/wp-content\/uploads\/2019\/09\/WhatsApp-Image-2019-09-04-at-10.21.41-42x75.jpeg 42w, https:\/\/visitantes.auger.org.ar\/wp-content\/uploads\/2019\/09\/WhatsApp-Image-2019-09-04-at-10.21.41.jpeg 581w\" sizes=\"(max-width: 576px) 100vw, 576px\" \/><\/figure><\/li><li class=\"blocks-gallery-item\"><figure><img decoding=\"async\" width=\"576\" height=\"1024\" src=\"https:\/\/visitantes.auger.org.ar\/wp-content\/uploads\/2019\/09\/WhatsApp-Image-2019-09-04-at-10.21.42-2-576x1024.jpeg\" alt=\"\" data-id=\"3221\" data-link=\"https:\/\/visitantes.auger.org.ar\/?attachment_id=3221\" class=\"wp-image-3221\" srcset=\"https:\/\/visitantes.auger.org.ar\/wp-content\/uploads\/2019\/09\/WhatsApp-Image-2019-09-04-at-10.21.42-2-576x1024.jpeg 576w, https:\/\/visitantes.auger.org.ar\/wp-content\/uploads\/2019\/09\/WhatsApp-Image-2019-09-04-at-10.21.42-2-169x300.jpeg 169w, https:\/\/visitantes.auger.org.ar\/wp-content\/uploads\/2019\/09\/WhatsApp-Image-2019-09-04-at-10.21.42-2-82x146.jpeg 82w, https:\/\/visitantes.auger.org.ar\/wp-content\/uploads\/2019\/09\/WhatsApp-Image-2019-09-04-at-10.21.42-2-28x50.jpeg 28w, https:\/\/visitantes.auger.org.ar\/wp-content\/uploads\/2019\/09\/WhatsApp-Image-2019-09-04-at-10.21.42-2-42x75.jpeg 42w, https:\/\/visitantes.auger.org.ar\/wp-content\/uploads\/2019\/09\/WhatsApp-Image-2019-09-04-at-10.21.42-2.jpeg 581w\" sizes=\"(max-width: 576px) 100vw, 576px\" \/><\/figure><\/li><li class=\"blocks-gallery-item\"><figure><img loading=\"lazy\" decoding=\"async\" width=\"576\" height=\"1024\" src=\"https:\/\/visitantes.auger.org.ar\/wp-content\/uploads\/2019\/09\/WhatsApp-Image-2019-09-04-at-10.21.42-576x1024.jpeg\" alt=\"\" data-id=\"3222\" data-link=\"https:\/\/visitantes.auger.org.ar\/?attachment_id=3222\" class=\"wp-image-3222\" srcset=\"https:\/\/visitantes.auger.org.ar\/wp-content\/uploads\/2019\/09\/WhatsApp-Image-2019-09-04-at-10.21.42-576x1024.jpeg 576w, https:\/\/visitantes.auger.org.ar\/wp-content\/uploads\/2019\/09\/WhatsApp-Image-2019-09-04-at-10.21.42-169x300.jpeg 169w, https:\/\/visitantes.auger.org.ar\/wp-content\/uploads\/2019\/09\/WhatsApp-Image-2019-09-04-at-10.21.42-82x146.jpeg 82w, https:\/\/visitantes.auger.org.ar\/wp-content\/uploads\/2019\/09\/WhatsApp-Image-2019-09-04-at-10.21.42-28x50.jpeg 28w, https:\/\/visitantes.auger.org.ar\/wp-content\/uploads\/2019\/09\/WhatsApp-Image-2019-09-04-at-10.21.42-42x75.jpeg 42w, https:\/\/visitantes.auger.org.ar\/wp-content\/uploads\/2019\/09\/WhatsApp-Image-2019-09-04-at-10.21.42.jpeg 581w\" sizes=\"(max-width: 576px) 100vw, 576px\" \/><\/figure><\/li><li class=\"blocks-gallery-item\"><figure><img loading=\"lazy\" decoding=\"async\" width=\"578\" height=\"1024\" src=\"https:\/\/visitantes.auger.org.ar\/wp-content\/uploads\/2019\/09\/WhatsApp-Image-2019-09-03-at-18.27.13-578x1024.jpeg\" alt=\"\" data-id=\"3223\" data-link=\"https:\/\/visitantes.auger.org.ar\/?attachment_id=3223\" class=\"wp-image-3223\" srcset=\"https:\/\/visitantes.auger.org.ar\/wp-content\/uploads\/2019\/09\/WhatsApp-Image-2019-09-03-at-18.27.13-578x1024.jpeg 578w, https:\/\/visitantes.auger.org.ar\/wp-content\/uploads\/2019\/09\/WhatsApp-Image-2019-09-03-at-18.27.13-169x300.jpeg 169w, https:\/\/visitantes.auger.org.ar\/wp-content\/uploads\/2019\/09\/WhatsApp-Image-2019-09-03-at-18.27.13-82x146.jpeg 82w, https:\/\/visitantes.auger.org.ar\/wp-content\/uploads\/2019\/09\/WhatsApp-Image-2019-09-03-at-18.27.13-28x50.jpeg 28w, https:\/\/visitantes.auger.org.ar\/wp-content\/uploads\/2019\/09\/WhatsApp-Image-2019-09-03-at-18.27.13-42x75.jpeg 42w, https:\/\/visitantes.auger.org.ar\/wp-content\/uploads\/2019\/09\/WhatsApp-Image-2019-09-03-at-18.27.13.jpeg 722w\" sizes=\"(max-width: 578px) 100vw, 578px\" \/><\/figure><\/li><li class=\"blocks-gallery-item\"><figure><img loading=\"lazy\" decoding=\"async\" width=\"578\" height=\"1024\" src=\"https:\/\/visitantes.auger.org.ar\/wp-content\/uploads\/2019\/09\/WhatsApp-Image-2019-09-03-at-18.27.16-578x1024.jpeg\" alt=\"\" data-id=\"3224\" data-link=\"https:\/\/visitantes.auger.org.ar\/?attachment_id=3224\" class=\"wp-image-3224\" srcset=\"https:\/\/visitantes.auger.org.ar\/wp-content\/uploads\/2019\/09\/WhatsApp-Image-2019-09-03-at-18.27.16-578x1024.jpeg 578w, https:\/\/visitantes.auger.org.ar\/wp-content\/uploads\/2019\/09\/WhatsApp-Image-2019-09-03-at-18.27.16-169x300.jpeg 169w, https:\/\/visitantes.auger.org.ar\/wp-content\/uploads\/2019\/09\/WhatsApp-Image-2019-09-03-at-18.27.16-82x146.jpeg 82w, https:\/\/visitantes.auger.org.ar\/wp-content\/uploads\/2019\/09\/WhatsApp-Image-2019-09-03-at-18.27.16-28x50.jpeg 28w, https:\/\/visitantes.auger.org.ar\/wp-content\/uploads\/2019\/09\/WhatsApp-Image-2019-09-03-at-18.27.16-42x75.jpeg 42w, https:\/\/visitantes.auger.org.ar\/wp-content\/uploads\/2019\/09\/WhatsApp-Image-2019-09-03-at-18.27.16.jpeg 722w\" sizes=\"(max-width: 578px) 100vw, 578px\" \/><\/figure><\/li><li class=\"blocks-gallery-item\"><figure><img loading=\"lazy\" decoding=\"async\" width=\"578\" height=\"1024\" src=\"https:\/\/visitantes.auger.org.ar\/wp-content\/uploads\/2019\/09\/WhatsApp-Image-2019-09-03-at-18.27.17-578x1024.jpeg\" alt=\"\" data-id=\"3225\" data-link=\"https:\/\/visitantes.auger.org.ar\/?attachment_id=3225\" class=\"wp-image-3225\" srcset=\"https:\/\/visitantes.auger.org.ar\/wp-content\/uploads\/2019\/09\/WhatsApp-Image-2019-09-03-at-18.27.17-578x1024.jpeg 578w, https:\/\/visitantes.auger.org.ar\/wp-content\/uploads\/2019\/09\/WhatsApp-Image-2019-09-03-at-18.27.17-169x300.jpeg 169w, https:\/\/visitantes.auger.org.ar\/wp-content\/uploads\/2019\/09\/WhatsApp-Image-2019-09-03-at-18.27.17-82x146.jpeg 82w, https:\/\/visitantes.auger.org.ar\/wp-content\/uploads\/2019\/09\/WhatsApp-Image-2019-09-03-at-18.27.17-28x50.jpeg 28w, https:\/\/visitantes.auger.org.ar\/wp-content\/uploads\/2019\/09\/WhatsApp-Image-2019-09-03-at-18.27.17-42x75.jpeg 42w, https:\/\/visitantes.auger.org.ar\/wp-content\/uploads\/2019\/09\/WhatsApp-Image-2019-09-03-at-18.27.17.jpeg 722w\" sizes=\"(max-width: 578px) 100vw, 578px\" \/><\/figure><\/li><li class=\"blocks-gallery-item\"><figure><img loading=\"lazy\" decoding=\"async\" width=\"578\" height=\"1024\" src=\"https:\/\/visitantes.auger.org.ar\/wp-content\/uploads\/2019\/09\/WhatsApp-Image-2019-09-03-at-18.27.42-1-578x1024.jpeg\" alt=\"\" data-id=\"3226\" data-link=\"https:\/\/visitantes.auger.org.ar\/?attachment_id=3226\" class=\"wp-image-3226\" srcset=\"https:\/\/visitantes.auger.org.ar\/wp-content\/uploads\/2019\/09\/WhatsApp-Image-2019-09-03-at-18.27.42-1-578x1024.jpeg 578w, https:\/\/visitantes.auger.org.ar\/wp-content\/uploads\/2019\/09\/WhatsApp-Image-2019-09-03-at-18.27.42-1-169x300.jpeg 169w, https:\/\/visitantes.auger.org.ar\/wp-content\/uploads\/2019\/09\/WhatsApp-Image-2019-09-03-at-18.27.42-1-82x146.jpeg 82w, https:\/\/visitantes.auger.org.ar\/wp-content\/uploads\/2019\/09\/WhatsApp-Image-2019-09-03-at-18.27.42-1-28x50.jpeg 28w, https:\/\/visitantes.auger.org.ar\/wp-content\/uploads\/2019\/09\/WhatsApp-Image-2019-09-03-at-18.27.42-1-42x75.jpeg 42w, https:\/\/visitantes.auger.org.ar\/wp-content\/uploads\/2019\/09\/WhatsApp-Image-2019-09-03-at-18.27.42-1.jpeg 722w\" sizes=\"(max-width: 578px) 100vw, 578px\" \/><\/figure><\/li><li class=\"blocks-gallery-item\"><figure><img loading=\"lazy\" decoding=\"async\" width=\"578\" height=\"1024\" src=\"https:\/\/visitantes.auger.org.ar\/wp-content\/uploads\/2019\/09\/WhatsApp-Image-2019-09-03-at-18.27.43-1-578x1024.jpeg\" alt=\"\" data-id=\"3227\" data-link=\"https:\/\/visitantes.auger.org.ar\/?attachment_id=3227\" class=\"wp-image-3227\" srcset=\"https:\/\/visitantes.auger.org.ar\/wp-content\/uploads\/2019\/09\/WhatsApp-Image-2019-09-03-at-18.27.43-1-578x1024.jpeg 578w, https:\/\/visitantes.auger.org.ar\/wp-content\/uploads\/2019\/09\/WhatsApp-Image-2019-09-03-at-18.27.43-1-169x300.jpeg 169w, https:\/\/visitantes.auger.org.ar\/wp-content\/uploads\/2019\/09\/WhatsApp-Image-2019-09-03-at-18.27.43-1-82x146.jpeg 82w, https:\/\/visitantes.auger.org.ar\/wp-content\/uploads\/2019\/09\/WhatsApp-Image-2019-09-03-at-18.27.43-1-28x50.jpeg 28w, https:\/\/visitantes.auger.org.ar\/wp-content\/uploads\/2019\/09\/WhatsApp-Image-2019-09-03-at-18.27.43-1-42x75.jpeg 42w, https:\/\/visitantes.auger.org.ar\/wp-content\/uploads\/2019\/09\/WhatsApp-Image-2019-09-03-at-18.27.43-1.jpeg 722w\" sizes=\"(max-width: 578px) 100vw, 578px\" \/><\/figure><\/li><li class=\"blocks-gallery-item\"><figure><img loading=\"lazy\" decoding=\"async\" width=\"578\" height=\"1024\" src=\"https:\/\/visitantes.auger.org.ar\/wp-content\/uploads\/2019\/09\/WhatsApp-Image-2019-09-03-at-18.27.43-578x1024.jpeg\" alt=\"\" data-id=\"3228\" data-link=\"https:\/\/visitantes.auger.org.ar\/?attachment_id=3228\" class=\"wp-image-3228\" srcset=\"https:\/\/visitantes.auger.org.ar\/wp-content\/uploads\/2019\/09\/WhatsApp-Image-2019-09-03-at-18.27.43-578x1024.jpeg 578w, https:\/\/visitantes.auger.org.ar\/wp-content\/uploads\/2019\/09\/WhatsApp-Image-2019-09-03-at-18.27.43-169x300.jpeg 169w, https:\/\/visitantes.auger.org.ar\/wp-content\/uploads\/2019\/09\/WhatsApp-Image-2019-09-03-at-18.27.43-82x146.jpeg 82w, https:\/\/visitantes.auger.org.ar\/wp-content\/uploads\/2019\/09\/WhatsApp-Image-2019-09-03-at-18.27.43-28x50.jpeg 28w, https:\/\/visitantes.auger.org.ar\/wp-content\/uploads\/2019\/09\/WhatsApp-Image-2019-09-03-at-18.27.43-42x75.jpeg 42w, https:\/\/visitantes.auger.org.ar\/wp-content\/uploads\/2019\/09\/WhatsApp-Image-2019-09-03-at-18.27.43.jpeg 722w\" sizes=\"(max-width: 578px) 100vw, 578px\" \/><\/figure><\/li><li class=\"blocks-gallery-item\"><figure><img loading=\"lazy\" decoding=\"async\" width=\"498\" height=\"1024\" src=\"https:\/\/visitantes.auger.org.ar\/wp-content\/uploads\/2019\/09\/WhatsApp-Image-2019-09-03-at-18.27.21-2-498x1024.jpeg\" alt=\"\" data-id=\"3230\" data-link=\"https:\/\/visitantes.auger.org.ar\/?attachment_id=3230\" class=\"wp-image-3230\" srcset=\"https:\/\/visitantes.auger.org.ar\/wp-content\/uploads\/2019\/09\/WhatsApp-Image-2019-09-03-at-18.27.21-2-498x1024.jpeg 498w, https:\/\/visitantes.auger.org.ar\/wp-content\/uploads\/2019\/09\/WhatsApp-Image-2019-09-03-at-18.27.21-2-146x300.jpeg 146w, https:\/\/visitantes.auger.org.ar\/wp-content\/uploads\/2019\/09\/WhatsApp-Image-2019-09-03-at-18.27.21-2-71x146.jpeg 71w, https:\/\/visitantes.auger.org.ar\/wp-content\/uploads\/2019\/09\/WhatsApp-Image-2019-09-03-at-18.27.21-2-24x50.jpeg 24w, https:\/\/visitantes.auger.org.ar\/wp-content\/uploads\/2019\/09\/WhatsApp-Image-2019-09-03-at-18.27.21-2-36x75.jpeg 36w, https:\/\/visitantes.auger.org.ar\/wp-content\/uploads\/2019\/09\/WhatsApp-Image-2019-09-03-at-18.27.21-2.jpeg 622w\" sizes=\"(max-width: 498px) 100vw, 498px\" \/><\/figure><\/li><li class=\"blocks-gallery-item\"><figure><img loading=\"lazy\" decoding=\"async\" width=\"498\" height=\"1024\" src=\"https:\/\/visitantes.auger.org.ar\/wp-content\/uploads\/2019\/09\/WhatsApp-Image-2019-09-03-at-18.27.28-1-498x1024.jpeg\" alt=\"\" data-id=\"3238\" data-link=\"https:\/\/visitantes.auger.org.ar\/index.php\/feria-departamental-del-libro\/whatsapp-image-2019-09-03-at-18-27-28-1\/\" class=\"wp-image-3238\" srcset=\"https:\/\/visitantes.auger.org.ar\/wp-content\/uploads\/2019\/09\/WhatsApp-Image-2019-09-03-at-18.27.28-1-498x1024.jpeg 498w, https:\/\/visitantes.auger.org.ar\/wp-content\/uploads\/2019\/09\/WhatsApp-Image-2019-09-03-at-18.27.28-1-146x300.jpeg 146w, https:\/\/visitantes.auger.org.ar\/wp-content\/uploads\/2019\/09\/WhatsApp-Image-2019-09-03-at-18.27.28-1-71x146.jpeg 71w, https:\/\/visitantes.auger.org.ar\/wp-content\/uploads\/2019\/09\/WhatsApp-Image-2019-09-03-at-18.27.28-1-24x50.jpeg 24w, https:\/\/visitantes.auger.org.ar\/wp-content\/uploads\/2019\/09\/WhatsApp-Image-2019-09-03-at-18.27.28-1-36x75.jpeg 36w, https:\/\/visitantes.auger.org.ar\/wp-content\/uploads\/2019\/09\/WhatsApp-Image-2019-09-03-at-18.27.28-1.jpeg 622w\" sizes=\"(max-width: 498px) 100vw, 498px\" \/><\/figure><\/li><\/ul>\n\n\n\n<p><\/p>\n\n\n\n<p><\/p>\n","protected":false},"excerpt":{"rendered":"<p>El 1, 2 y 3 de septiembre de 2019, se llevo a cabo la Feria Departamental del libro, Malarg\u00fce 2019, en el Polideportivo Municipal Malal H\u00fce. El Observatorio Pierre Auger el martes 3, en el lapso de la tarde, particip\u00f3 con un stand exponiendo objetos que se pueden realizar a partir de basura electr\u00f3nica. Hubo [&hellip;]<\/p>\n","protected":false},"author":7,"featured_media":3219,"comment_status":"closed","ping_status":"closed","sticky":false,"template":"","format":"standard","meta":{"_jetpack_memberships_contains_paid_content":false,"footnotes":""},"categories":[10,1],"tags":[],"class_list":["post-3216","post","type-post","status-publish","format-standard","has-post-thumbnail","hentry","category-novedades","category-uncategorized"],"jetpack_featured_media_url":"https:\/\/visitantes.auger.org.ar\/wp-content\/uploads\/2019\/09\/WhatsApp-Image-2019-09-03-at-18.27.27-1.jpeg","jetpack_sharing_enabled":true,"rttpg_featured_image_url":{"full":["https:\/\/visitantes.auger.org.ar\/wp-content\/uploads\/2019\/09\/WhatsApp-Image-2019-09-03-at-18.27.27-1.jpeg",1280,622,false],"landscape":["https:\/\/visitantes.auger.org.ar\/wp-content\/uploads\/2019\/09\/WhatsApp-Image-2019-09-03-at-18.27.27-1.jpeg",1280,622,false],"portraits":["https:\/\/visitantes.auger.org.ar\/wp-content\/uploads\/2019\/09\/WhatsApp-Image-2019-09-03-at-18.27.27-1.jpeg",1280,622,false],"thumbnail":["https:\/\/visitantes.auger.org.ar\/wp-content\/uploads\/2019\/09\/WhatsApp-Image-2019-09-03-at-18.27.27-1-250x250.jpeg",250,250,true],"medium":["https:\/\/visitantes.auger.org.ar\/wp-content\/uploads\/2019\/09\/WhatsApp-Image-2019-09-03-at-18.27.27-1-300x146.jpeg",300,146,true],"large":["https:\/\/visitantes.auger.org.ar\/wp-content\/uploads\/2019\/09\/WhatsApp-Image-2019-09-03-at-18.27.27-1-1024x498.jpeg",800,389,true],"1536x1536":["https:\/\/visitantes.auger.org.ar\/wp-content\/uploads\/2019\/09\/WhatsApp-Image-2019-09-03-at-18.27.27-1.jpeg",1280,622,false],"2048x2048":["https:\/\/visitantes.auger.org.ar\/wp-content\/uploads\/2019\/09\/WhatsApp-Image-2019-09-03-at-18.27.27-1.jpeg",1280,622,false]},"rttpg_author":{"display_name":"Admin WP","author_link":"https:\/\/visitantes.auger.org.ar\/index.php\/author\/adminuserwp\/"},"rttpg_comment":0,"rttpg_category":"<a href=\"https:\/\/visitantes.auger.org.ar\/index.php\/category\/auger\/novedades\/\" rel=\"category tag\">Novedades<\/a> <a href=\"https:\/\/visitantes.auger.org.ar\/index.php\/category\/uncategorized\/\" rel=\"category tag\">Uncategorized<\/a>","rttpg_excerpt":"El 1, 2 y 3 de septiembre de 2019, se llevo a cabo la Feria Departamental del libro, Malarg\u00fce 2019, en el Polideportivo Municipal Malal H\u00fce. El Observatorio Pierre Auger el martes 3, en el lapso de la tarde, particip\u00f3 con un stand exponiendo objetos que se pueden realizar a partir de basura electr\u00f3nica. Hubo&hellip;","_links":{"self":[{"href":"https:\/\/visitantes.auger.org.ar\/index.php\/wp-json\/wp\/v2\/posts\/3216","targetHints":{"allow":["GET"]}}],"collection":[{"href":"https:\/\/visitantes.auger.org.ar\/index.php\/wp-json\/wp\/v2\/posts"}],"about":[{"href":"https:\/\/visitantes.auger.org.ar\/index.php\/wp-json\/wp\/v2\/types\/post"}],"author":[{"embeddable":true,"href":"https:\/\/visitantes.auger.org.ar\/index.php\/wp-json\/wp\/v2\/users\/7"}],"replies":[{"embeddable":true,"href":"https:\/\/visitantes.auger.org.ar\/index.php\/wp-json\/wp\/v2\/comments?post=3216"}],"version-history":[{"count":3,"href":"https:\/\/visitantes.auger.org.ar\/index.php\/wp-json\/wp\/v2\/posts\/3216\/revisions"}],"predecessor-version":[{"id":3241,"href":"https:\/\/visitantes.auger.org.ar\/index.php\/wp-json\/wp\/v2\/posts\/3216\/revisions\/3241"}],"wp:featuredmedia":[{"embeddable":true,"href":"https:\/\/visitantes.auger.org.ar\/index.php\/wp-json\/wp\/v2\/media\/3219"}],"wp:attachment":[{"href":"https:\/\/visitantes.auger.org.ar\/index.php\/wp-json\/wp\/v2\/media?parent=3216"}],"wp:term":[{"taxonomy":"category","embeddable":true,"href":"https:\/\/visitantes.auger.org.ar\/index.php\/wp-json\/wp\/v2\/categories?post=3216"},{"taxonomy":"post_tag","embeddable":true,"href":"https:\/\/visitantes.auger.org.ar\/index.php\/wp-json\/wp\/v2\/tags?post=3216"}],"curies":[{"name":"wp","href":"https:\/\/api.w.org\/{rel}","templated":true}]}}