{"id":33,"date":"2010-03-04T01:48:04","date_gmt":"2010-03-04T01:48:04","guid":{"rendered":"http:\/\/web.auger.org.ar\/visitantes\/animus\/index.php\/2010\/03\/04\/planetario-malarguee-2\/"},"modified":"2010-03-04T01:48:04","modified_gmt":"2010-03-04T01:48:04","slug":"planetario-malarguee-2","status":"publish","type":"post","link":"https:\/\/visitantes.auger.org.ar\/index.php\/planetario-malarguee-2\/","title":{"rendered":"Planetario Malarg\u00fce"},"content":{"rendered":"<p class=\"Estilo85 Estilo16\" align=\"left\"><span class=\"Estilo87\">. <\/span><strong>Se inaugur\u00f3 el &#8220;Planetario Malarg\u00fce&#8221; el primer planetario fijo y digital del pa\u00eds. <\/strong><span class=\"Estilo87\"><br \/> (9 de agosto 2008). <\/span><br \/> <span class=\"Estilo87\">El complejo consta de cuatro edificios que cubre 1600 metros cuadrados. All\u00ed funcionan el planetario propiamente dicho, una sala de conferencias, un museo de ciencias, el Centro Internacional de Estudios de la Tierra (ICES) y el Plan Estrat\u00e9gico Malarg\u00fce. Adem\u00e1s, en sus espacios exteriores, pueden apreciarse varios relojes solares.<\/span><span class=\"Estilo57 Estilo84\"><br \/> <span class=\"Estilo78\"><a href=\"http:\/\/www.malargue.gov.ar\/planetario.php\" target=\"_blank\">http:\/\/www.malargue.gov.ar\/planetario.php<\/a><\/span><\/span><br \/> <span class=\"Estilo8\">&#8211; Prensa: <span class=\"Estilo84\"><a href=\"http:\/\/www.losandes.com.ar\/notas\/2008\/8\/10\/sociedad-374306.asp\" target=\"_blank\">Diario Los Andes<\/a>, <a href=\"http:\/\/edimpresa.diariouno.net.ar\/2008\/08\/10\/nota188963.html\" target=\"_blank\">Diario UNO<\/a>, <a href=\"http:\/\/www.clarin.com\/diario\/2008\/08\/11\/sociedad\/s-01734957.htm\" target=\"_blank\">Diario Clar\u00edn<\/a> &#8211;<\/span><\/span><\/p>\n","protected":false},"excerpt":{"rendered":"<p>. Se inaugur\u00f3 el &#8220;Planetario Malarg\u00fce&#8221; el primer planetario fijo y digital del pa\u00eds. (9 de agosto 2008). El complejo consta de cuatro edificios que cubre 1600 metros cuadrados. All\u00ed funcionan el planetario propiamente dicho, una sala de conferencias, un museo de ciencias, el Centro Internacional de Estudios de la Tierra (ICES) y el Plan [&hellip;]<\/p>\n","protected":false},"author":1,"featured_media":0,"comment_status":"open","ping_status":"open","sticky":false,"template":"","format":"standard","meta":{"_jetpack_memberships_contains_paid_content":false,"footnotes":""},"categories":[10],"tags":[],"class_list":["post-33","post","type-post","status-publish","format-standard","hentry","category-novedades"],"jetpack_featured_media_url":"","jetpack_sharing_enabled":true,"rttpg_featured_image_url":null,"rttpg_author":{"display_name":"PierreUser","author_link":"https:\/\/visitantes.auger.org.ar\/index.php\/author\/pierreuser\/"},"rttpg_comment":0,"rttpg_category":"<a href=\"https:\/\/visitantes.auger.org.ar\/index.php\/category\/auger\/novedades\/\" rel=\"category tag\">Novedades<\/a>","rttpg_excerpt":". Se inaugur\u00f3 el &#8220;Planetario Malarg\u00fce&#8221; el primer planetario fijo y digital del pa\u00eds. (9 de agosto 2008). El complejo consta de cuatro edificios que cubre 1600 metros cuadrados. All\u00ed funcionan el planetario propiamente dicho, una sala de conferencias, un museo de ciencias, el Centro Internacional de Estudios de la Tierra (ICES) y el Plan&hellip;","_links":{"self":[{"href":"https:\/\/visitantes.auger.org.ar\/index.php\/wp-json\/wp\/v2\/posts\/33","targetHints":{"allow":["GET"]}}],"collection":[{"href":"https:\/\/visitantes.auger.org.ar\/index.php\/wp-json\/wp\/v2\/posts"}],"about":[{"href":"https:\/\/visitantes.auger.org.ar\/index.php\/wp-json\/wp\/v2\/types\/post"}],"author":[{"embeddable":true,"href":"https:\/\/visitantes.auger.org.ar\/index.php\/wp-json\/wp\/v2\/users\/1"}],"replies":[{"embeddable":true,"href":"https:\/\/visitantes.auger.org.ar\/index.php\/wp-json\/wp\/v2\/comments?post=33"}],"version-history":[{"count":0,"href":"https:\/\/visitantes.auger.org.ar\/index.php\/wp-json\/wp\/v2\/posts\/33\/revisions"}],"wp:attachment":[{"href":"https:\/\/visitantes.auger.org.ar\/index.php\/wp-json\/wp\/v2\/media?parent=33"}],"wp:term":[{"taxonomy":"category","embeddable":true,"href":"https:\/\/visitantes.auger.org.ar\/index.php\/wp-json\/wp\/v2\/categories?post=33"},{"taxonomy":"post_tag","embeddable":true,"href":"https:\/\/visitantes.auger.org.ar\/index.php\/wp-json\/wp\/v2\/tags?post=33"}],"curies":[{"name":"wp","href":"https:\/\/api.w.org\/{rel}","templated":true}]}}