{"id":3388,"date":"2019-12-09T20:50:02","date_gmt":"2019-12-09T20:50:02","guid":{"rendered":"https:\/\/visitantes.auger.org.ar\/?p=3388"},"modified":"2019-12-09T21:06:02","modified_gmt":"2019-12-09T21:06:02","slug":"celebrando-los-20-anos-del-observatorio-pierre-auger","status":"publish","type":"post","link":"https:\/\/visitantes.auger.org.ar\/index.php\/celebrando-los-20-anos-del-observatorio-pierre-auger\/","title":{"rendered":"Celebrando los 20 a\u00f1os del Observatorio Pierre Auger"},"content":{"rendered":"\n<p>Durante tres d\u00edas se llevaron a cabo diversas actividades festejando los 20 a\u00f1os del Observatorio Pierre Auger. El d\u00eda jueves 14 de noviembre fue la apertura por la ma\u00f1ana en el Centro de Convenciones y Exposiciones &#8220;Thesaurus&#8221; y durante el d\u00eda se realizaron un simposio cient\u00edfico por los invitados de las distintos proyectos del mundo que nos visito. <\/p>\n\n\n\n<ul class=\"wp-block-gallery columns-3 is-cropped wp-block-gallery-1 is-layout-flex wp-block-gallery-is-layout-flex\"><li class=\"blocks-gallery-item\"><figure><img fetchpriority=\"high\" decoding=\"async\" width=\"725\" height=\"480\" src=\"https:\/\/visitantes.auger.org.ar\/wp-content\/uploads\/2019\/12\/DSC_1842-Small.jpg\" alt=\"\" data-id=\"3389\" class=\"wp-image-3389\" srcset=\"https:\/\/visitantes.auger.org.ar\/wp-content\/uploads\/2019\/12\/DSC_1842-Small.jpg 725w, https:\/\/visitantes.auger.org.ar\/wp-content\/uploads\/2019\/12\/DSC_1842-Small-300x199.jpg 300w, https:\/\/visitantes.auger.org.ar\/wp-content\/uploads\/2019\/12\/DSC_1842-Small-221x146.jpg 221w, https:\/\/visitantes.auger.org.ar\/wp-content\/uploads\/2019\/12\/DSC_1842-Small-50x33.jpg 50w, https:\/\/visitantes.auger.org.ar\/wp-content\/uploads\/2019\/12\/DSC_1842-Small-113x75.jpg 113w\" sizes=\"(max-width: 725px) 100vw, 725px\" \/><figcaption><em>Registraci\u00f3n<\/em><\/figcaption><\/figure><\/li><li class=\"blocks-gallery-item\"><figure><img decoding=\"async\" width=\"725\" height=\"480\" src=\"https:\/\/visitantes.auger.org.ar\/wp-content\/uploads\/2019\/12\/DSC_1846-Small.jpg\" alt=\"\" data-id=\"3390\" data-link=\"https:\/\/visitantes.auger.org.ar\/?attachment_id=3390\" class=\"wp-image-3390\" srcset=\"https:\/\/visitantes.auger.org.ar\/wp-content\/uploads\/2019\/12\/DSC_1846-Small.jpg 725w, https:\/\/visitantes.auger.org.ar\/wp-content\/uploads\/2019\/12\/DSC_1846-Small-300x199.jpg 300w, https:\/\/visitantes.auger.org.ar\/wp-content\/uploads\/2019\/12\/DSC_1846-Small-221x146.jpg 221w, https:\/\/visitantes.auger.org.ar\/wp-content\/uploads\/2019\/12\/DSC_1846-Small-50x33.jpg 50w, https:\/\/visitantes.auger.org.ar\/wp-content\/uploads\/2019\/12\/DSC_1846-Small-113x75.jpg 113w\" sizes=\"(max-width: 725px) 100vw, 725px\" \/><figcaption><em>Muestra fotogr\u00e1fica<\/em><\/figcaption><\/figure><\/li><li class=\"blocks-gallery-item\"><figure><img decoding=\"async\" width=\"725\" height=\"480\" src=\"https:\/\/visitantes.auger.org.ar\/wp-content\/uploads\/2019\/12\/DSC_1847-Small.jpg\" alt=\"\" data-id=\"3391\" data-link=\"https:\/\/visitantes.auger.org.ar\/?attachment_id=3391\" class=\"wp-image-3391\" srcset=\"https:\/\/visitantes.auger.org.ar\/wp-content\/uploads\/2019\/12\/DSC_1847-Small.jpg 725w, https:\/\/visitantes.auger.org.ar\/wp-content\/uploads\/2019\/12\/DSC_1847-Small-300x199.jpg 300w, https:\/\/visitantes.auger.org.ar\/wp-content\/uploads\/2019\/12\/DSC_1847-Small-221x146.jpg 221w, https:\/\/visitantes.auger.org.ar\/wp-content\/uploads\/2019\/12\/DSC_1847-Small-50x33.jpg 50w, https:\/\/visitantes.auger.org.ar\/wp-content\/uploads\/2019\/12\/DSC_1847-Small-113x75.jpg 113w\" sizes=\"(max-width: 725px) 100vw, 725px\" \/><\/figure><\/li><li class=\"blocks-gallery-item\"><figure><img loading=\"lazy\" decoding=\"async\" width=\"725\" height=\"480\" src=\"https:\/\/visitantes.auger.org.ar\/wp-content\/uploads\/2019\/12\/DSC_1851-Small.jpg\" alt=\"\" data-id=\"3392\" data-link=\"https:\/\/visitantes.auger.org.ar\/?attachment_id=3392\" class=\"wp-image-3392\" srcset=\"https:\/\/visitantes.auger.org.ar\/wp-content\/uploads\/2019\/12\/DSC_1851-Small.jpg 725w, https:\/\/visitantes.auger.org.ar\/wp-content\/uploads\/2019\/12\/DSC_1851-Small-300x199.jpg 300w, https:\/\/visitantes.auger.org.ar\/wp-content\/uploads\/2019\/12\/DSC_1851-Small-221x146.jpg 221w, https:\/\/visitantes.auger.org.ar\/wp-content\/uploads\/2019\/12\/DSC_1851-Small-50x33.jpg 50w, https:\/\/visitantes.auger.org.ar\/wp-content\/uploads\/2019\/12\/DSC_1851-Small-113x75.jpg 113w\" sizes=\"(max-width: 725px) 100vw, 725px\" \/><\/figure><\/li><li class=\"blocks-gallery-item\"><figure><img loading=\"lazy\" decoding=\"async\" width=\"725\" height=\"480\" src=\"https:\/\/visitantes.auger.org.ar\/wp-content\/uploads\/2019\/12\/DSC_1858-Small.jpg\" alt=\"\" data-id=\"3400\" data-link=\"https:\/\/visitantes.auger.org.ar\/?attachment_id=3400\" class=\"wp-image-3400\" srcset=\"https:\/\/visitantes.auger.org.ar\/wp-content\/uploads\/2019\/12\/DSC_1858-Small.jpg 725w, https:\/\/visitantes.auger.org.ar\/wp-content\/uploads\/2019\/12\/DSC_1858-Small-300x199.jpg 300w, https:\/\/visitantes.auger.org.ar\/wp-content\/uploads\/2019\/12\/DSC_1858-Small-221x146.jpg 221w, https:\/\/visitantes.auger.org.ar\/wp-content\/uploads\/2019\/12\/DSC_1858-Small-50x33.jpg 50w, https:\/\/visitantes.auger.org.ar\/wp-content\/uploads\/2019\/12\/DSC_1858-Small-113x75.jpg 113w\" sizes=\"(max-width: 725px) 100vw, 725px\" \/><\/figure><\/li><li class=\"blocks-gallery-item\"><figure><img loading=\"lazy\" decoding=\"async\" width=\"725\" height=\"480\" src=\"https:\/\/visitantes.auger.org.ar\/wp-content\/uploads\/2019\/12\/DSC_1876-Small.jpg\" alt=\"\" data-id=\"3401\" data-link=\"https:\/\/visitantes.auger.org.ar\/?attachment_id=3401\" class=\"wp-image-3401\" srcset=\"https:\/\/visitantes.auger.org.ar\/wp-content\/uploads\/2019\/12\/DSC_1876-Small.jpg 725w, https:\/\/visitantes.auger.org.ar\/wp-content\/uploads\/2019\/12\/DSC_1876-Small-300x199.jpg 300w, https:\/\/visitantes.auger.org.ar\/wp-content\/uploads\/2019\/12\/DSC_1876-Small-221x146.jpg 221w, https:\/\/visitantes.auger.org.ar\/wp-content\/uploads\/2019\/12\/DSC_1876-Small-50x33.jpg 50w, https:\/\/visitantes.auger.org.ar\/wp-content\/uploads\/2019\/12\/DSC_1876-Small-113x75.jpg 113w\" sizes=\"(max-width: 725px) 100vw, 725px\" \/><\/figure><\/li><li class=\"blocks-gallery-item\"><figure><img loading=\"lazy\" decoding=\"async\" width=\"725\" height=\"480\" src=\"https:\/\/visitantes.auger.org.ar\/wp-content\/uploads\/2019\/12\/DSC_1863-Small-1.jpg\" alt=\"\" data-id=\"3403\" data-link=\"https:\/\/visitantes.auger.org.ar\/?attachment_id=3403\" class=\"wp-image-3403\" srcset=\"https:\/\/visitantes.auger.org.ar\/wp-content\/uploads\/2019\/12\/DSC_1863-Small-1.jpg 725w, https:\/\/visitantes.auger.org.ar\/wp-content\/uploads\/2019\/12\/DSC_1863-Small-1-300x199.jpg 300w, https:\/\/visitantes.auger.org.ar\/wp-content\/uploads\/2019\/12\/DSC_1863-Small-1-221x146.jpg 221w, https:\/\/visitantes.auger.org.ar\/wp-content\/uploads\/2019\/12\/DSC_1863-Small-1-50x33.jpg 50w, https:\/\/visitantes.auger.org.ar\/wp-content\/uploads\/2019\/12\/DSC_1863-Small-1-113x75.jpg 113w\" sizes=\"(max-width: 725px) 100vw, 725px\" \/><figcaption><em>Antonella Castellina<br>Subdirectora <\/em><\/figcaption><\/figure><\/li><li class=\"blocks-gallery-item\"><figure><img loading=\"lazy\" decoding=\"async\" width=\"725\" height=\"480\" src=\"https:\/\/visitantes.auger.org.ar\/wp-content\/uploads\/2019\/12\/DSC_1915-Small-1.jpg\" alt=\"\" data-id=\"3404\" data-link=\"https:\/\/visitantes.auger.org.ar\/?attachment_id=3404\" class=\"wp-image-3404\" srcset=\"https:\/\/visitantes.auger.org.ar\/wp-content\/uploads\/2019\/12\/DSC_1915-Small-1.jpg 725w, https:\/\/visitantes.auger.org.ar\/wp-content\/uploads\/2019\/12\/DSC_1915-Small-1-300x199.jpg 300w, https:\/\/visitantes.auger.org.ar\/wp-content\/uploads\/2019\/12\/DSC_1915-Small-1-221x146.jpg 221w, https:\/\/visitantes.auger.org.ar\/wp-content\/uploads\/2019\/12\/DSC_1915-Small-1-50x33.jpg 50w, https:\/\/visitantes.auger.org.ar\/wp-content\/uploads\/2019\/12\/DSC_1915-Small-1-113x75.jpg 113w\" sizes=\"(max-width: 725px) 100vw, 725px\" \/><figcaption>Dr. Alan Watson <br>Director em\u00e9rito<\/figcaption><\/figure><\/li><li class=\"blocks-gallery-item\"><figure><img loading=\"lazy\" decoding=\"async\" width=\"725\" height=\"480\" src=\"https:\/\/visitantes.auger.org.ar\/wp-content\/uploads\/2019\/12\/DSC_1917-Small-1.jpg\" alt=\"\" data-id=\"3405\" data-link=\"https:\/\/visitantes.auger.org.ar\/?attachment_id=3405\" class=\"wp-image-3405\" srcset=\"https:\/\/visitantes.auger.org.ar\/wp-content\/uploads\/2019\/12\/DSC_1917-Small-1.jpg 725w, https:\/\/visitantes.auger.org.ar\/wp-content\/uploads\/2019\/12\/DSC_1917-Small-1-300x199.jpg 300w, https:\/\/visitantes.auger.org.ar\/wp-content\/uploads\/2019\/12\/DSC_1917-Small-1-221x146.jpg 221w, https:\/\/visitantes.auger.org.ar\/wp-content\/uploads\/2019\/12\/DSC_1917-Small-1-50x33.jpg 50w, https:\/\/visitantes.auger.org.ar\/wp-content\/uploads\/2019\/12\/DSC_1917-Small-1-113x75.jpg 113w\" sizes=\"(max-width: 725px) 100vw, 725px\" \/><\/figure><\/li><li class=\"blocks-gallery-item\"><figure><img loading=\"lazy\" decoding=\"async\" width=\"725\" height=\"480\" src=\"https:\/\/visitantes.auger.org.ar\/wp-content\/uploads\/2019\/12\/DSC_2020-Small-1.jpg\" alt=\"\" data-id=\"3406\" data-link=\"https:\/\/visitantes.auger.org.ar\/?attachment_id=3406\" class=\"wp-image-3406\" srcset=\"https:\/\/visitantes.auger.org.ar\/wp-content\/uploads\/2019\/12\/DSC_2020-Small-1.jpg 725w, https:\/\/visitantes.auger.org.ar\/wp-content\/uploads\/2019\/12\/DSC_2020-Small-1-300x199.jpg 300w, https:\/\/visitantes.auger.org.ar\/wp-content\/uploads\/2019\/12\/DSC_2020-Small-1-221x146.jpg 221w, https:\/\/visitantes.auger.org.ar\/wp-content\/uploads\/2019\/12\/DSC_2020-Small-1-50x33.jpg 50w, https:\/\/visitantes.auger.org.ar\/wp-content\/uploads\/2019\/12\/DSC_2020-Small-1-113x75.jpg 113w\" sizes=\"(max-width: 725px) 100vw, 725px\" \/><\/figure><\/li><li class=\"blocks-gallery-item\"><figure><img loading=\"lazy\" decoding=\"async\" width=\"725\" height=\"480\" src=\"https:\/\/visitantes.auger.org.ar\/wp-content\/uploads\/2019\/12\/DSC_2036-Small-1.jpg\" alt=\"\" data-id=\"3407\" data-link=\"https:\/\/visitantes.auger.org.ar\/?attachment_id=3407\" class=\"wp-image-3407\" srcset=\"https:\/\/visitantes.auger.org.ar\/wp-content\/uploads\/2019\/12\/DSC_2036-Small-1.jpg 725w, https:\/\/visitantes.auger.org.ar\/wp-content\/uploads\/2019\/12\/DSC_2036-Small-1-300x199.jpg 300w, https:\/\/visitantes.auger.org.ar\/wp-content\/uploads\/2019\/12\/DSC_2036-Small-1-221x146.jpg 221w, https:\/\/visitantes.auger.org.ar\/wp-content\/uploads\/2019\/12\/DSC_2036-Small-1-50x33.jpg 50w, https:\/\/visitantes.auger.org.ar\/wp-content\/uploads\/2019\/12\/DSC_2036-Small-1-113x75.jpg 113w\" sizes=\"(max-width: 725px) 100vw, 725px\" \/><\/figure><\/li><li class=\"blocks-gallery-item\"><figure><img loading=\"lazy\" decoding=\"async\" width=\"725\" height=\"480\" src=\"https:\/\/visitantes.auger.org.ar\/wp-content\/uploads\/2019\/12\/DSC_2078-Small-1.jpg\" alt=\"\" data-id=\"3408\" data-link=\"https:\/\/visitantes.auger.org.ar\/?attachment_id=3408\" class=\"wp-image-3408\" srcset=\"https:\/\/visitantes.auger.org.ar\/wp-content\/uploads\/2019\/12\/DSC_2078-Small-1.jpg 725w, https:\/\/visitantes.auger.org.ar\/wp-content\/uploads\/2019\/12\/DSC_2078-Small-1-300x199.jpg 300w, https:\/\/visitantes.auger.org.ar\/wp-content\/uploads\/2019\/12\/DSC_2078-Small-1-221x146.jpg 221w, https:\/\/visitantes.auger.org.ar\/wp-content\/uploads\/2019\/12\/DSC_2078-Small-1-50x33.jpg 50w, https:\/\/visitantes.auger.org.ar\/wp-content\/uploads\/2019\/12\/DSC_2078-Small-1-113x75.jpg 113w\" sizes=\"(max-width: 725px) 100vw, 725px\" \/><\/figure><\/li><li class=\"blocks-gallery-item\"><figure><img loading=\"lazy\" decoding=\"async\" width=\"725\" height=\"480\" src=\"https:\/\/visitantes.auger.org.ar\/wp-content\/uploads\/2019\/12\/DSC_2095-Small-1.jpg\" alt=\"\" data-id=\"3409\" data-link=\"https:\/\/visitantes.auger.org.ar\/?attachment_id=3409\" class=\"wp-image-3409\" srcset=\"https:\/\/visitantes.auger.org.ar\/wp-content\/uploads\/2019\/12\/DSC_2095-Small-1.jpg 725w, https:\/\/visitantes.auger.org.ar\/wp-content\/uploads\/2019\/12\/DSC_2095-Small-1-300x199.jpg 300w, https:\/\/visitantes.auger.org.ar\/wp-content\/uploads\/2019\/12\/DSC_2095-Small-1-221x146.jpg 221w, https:\/\/visitantes.auger.org.ar\/wp-content\/uploads\/2019\/12\/DSC_2095-Small-1-50x33.jpg 50w, https:\/\/visitantes.auger.org.ar\/wp-content\/uploads\/2019\/12\/DSC_2095-Small-1-113x75.jpg 113w\" sizes=\"(max-width: 725px) 100vw, 725px\" \/><\/figure><\/li><\/ul>\n\n\n\n<p>El d\u00eda viernes 15 de noviembre visitaron  la zona de Coihueco y El Sosneado, a 60 km de la ciudad de Malarg\u00fce, donde contamos con los diversas tecnolog\u00edas con las que trabaja el Observatorio. <\/p>\n\n\n\n<ul class=\"wp-block-gallery columns-3 is-cropped wp-block-gallery-2 is-layout-flex wp-block-gallery-is-layout-flex\"><li class=\"blocks-gallery-item\"><figure><img loading=\"lazy\" decoding=\"async\" width=\"720\" height=\"480\" src=\"https:\/\/visitantes.auger.org.ar\/wp-content\/uploads\/2019\/12\/DSC_0014-Small.jpg\" alt=\"\" data-id=\"3410\" class=\"wp-image-3410\" srcset=\"https:\/\/visitantes.auger.org.ar\/wp-content\/uploads\/2019\/12\/DSC_0014-Small.jpg 720w, https:\/\/visitantes.auger.org.ar\/wp-content\/uploads\/2019\/12\/DSC_0014-Small-300x200.jpg 300w, https:\/\/visitantes.auger.org.ar\/wp-content\/uploads\/2019\/12\/DSC_0014-Small-219x146.jpg 219w, https:\/\/visitantes.auger.org.ar\/wp-content\/uploads\/2019\/12\/DSC_0014-Small-50x33.jpg 50w, https:\/\/visitantes.auger.org.ar\/wp-content\/uploads\/2019\/12\/DSC_0014-Small-113x75.jpg 113w\" sizes=\"(max-width: 720px) 100vw, 720px\" \/><\/figure><\/li><li class=\"blocks-gallery-item\"><figure><img loading=\"lazy\" decoding=\"async\" width=\"720\" height=\"480\" src=\"https:\/\/visitantes.auger.org.ar\/wp-content\/uploads\/2019\/12\/DSC_0034-Small.jpg\" alt=\"\" data-id=\"3411\" data-link=\"https:\/\/visitantes.auger.org.ar\/?attachment_id=3411\" class=\"wp-image-3411\" srcset=\"https:\/\/visitantes.auger.org.ar\/wp-content\/uploads\/2019\/12\/DSC_0034-Small.jpg 720w, https:\/\/visitantes.auger.org.ar\/wp-content\/uploads\/2019\/12\/DSC_0034-Small-300x200.jpg 300w, https:\/\/visitantes.auger.org.ar\/wp-content\/uploads\/2019\/12\/DSC_0034-Small-219x146.jpg 219w, https:\/\/visitantes.auger.org.ar\/wp-content\/uploads\/2019\/12\/DSC_0034-Small-50x33.jpg 50w, https:\/\/visitantes.auger.org.ar\/wp-content\/uploads\/2019\/12\/DSC_0034-Small-113x75.jpg 113w\" sizes=\"(max-width: 720px) 100vw, 720px\" \/><\/figure><\/li><li class=\"blocks-gallery-item\"><figure><img loading=\"lazy\" decoding=\"async\" width=\"720\" height=\"480\" src=\"https:\/\/visitantes.auger.org.ar\/wp-content\/uploads\/2019\/12\/DSC_0035-Small.jpg\" alt=\"\" data-id=\"3412\" data-link=\"https:\/\/visitantes.auger.org.ar\/?attachment_id=3412\" class=\"wp-image-3412\" srcset=\"https:\/\/visitantes.auger.org.ar\/wp-content\/uploads\/2019\/12\/DSC_0035-Small.jpg 720w, https:\/\/visitantes.auger.org.ar\/wp-content\/uploads\/2019\/12\/DSC_0035-Small-300x200.jpg 300w, https:\/\/visitantes.auger.org.ar\/wp-content\/uploads\/2019\/12\/DSC_0035-Small-219x146.jpg 219w, https:\/\/visitantes.auger.org.ar\/wp-content\/uploads\/2019\/12\/DSC_0035-Small-50x33.jpg 50w, https:\/\/visitantes.auger.org.ar\/wp-content\/uploads\/2019\/12\/DSC_0035-Small-113x75.jpg 113w\" sizes=\"(max-width: 720px) 100vw, 720px\" \/><\/figure><\/li><li class=\"blocks-gallery-item\"><figure><img loading=\"lazy\" decoding=\"async\" width=\"720\" height=\"480\" src=\"https:\/\/visitantes.auger.org.ar\/wp-content\/uploads\/2019\/12\/DSC_0037-Small.jpg\" alt=\"\" data-id=\"3413\" data-link=\"https:\/\/visitantes.auger.org.ar\/?attachment_id=3413\" class=\"wp-image-3413\" srcset=\"https:\/\/visitantes.auger.org.ar\/wp-content\/uploads\/2019\/12\/DSC_0037-Small.jpg 720w, https:\/\/visitantes.auger.org.ar\/wp-content\/uploads\/2019\/12\/DSC_0037-Small-300x200.jpg 300w, https:\/\/visitantes.auger.org.ar\/wp-content\/uploads\/2019\/12\/DSC_0037-Small-219x146.jpg 219w, https:\/\/visitantes.auger.org.ar\/wp-content\/uploads\/2019\/12\/DSC_0037-Small-50x33.jpg 50w, https:\/\/visitantes.auger.org.ar\/wp-content\/uploads\/2019\/12\/DSC_0037-Small-113x75.jpg 113w\" sizes=\"(max-width: 720px) 100vw, 720px\" \/><\/figure><\/li><li class=\"blocks-gallery-item\"><figure><img loading=\"lazy\" decoding=\"async\" width=\"720\" height=\"480\" src=\"https:\/\/visitantes.auger.org.ar\/wp-content\/uploads\/2019\/12\/DSC_0041-Small.jpg\" alt=\"\" data-id=\"3414\" data-link=\"https:\/\/visitantes.auger.org.ar\/?attachment_id=3414\" class=\"wp-image-3414\" srcset=\"https:\/\/visitantes.auger.org.ar\/wp-content\/uploads\/2019\/12\/DSC_0041-Small.jpg 720w, https:\/\/visitantes.auger.org.ar\/wp-content\/uploads\/2019\/12\/DSC_0041-Small-300x200.jpg 300w, https:\/\/visitantes.auger.org.ar\/wp-content\/uploads\/2019\/12\/DSC_0041-Small-219x146.jpg 219w, https:\/\/visitantes.auger.org.ar\/wp-content\/uploads\/2019\/12\/DSC_0041-Small-50x33.jpg 50w, https:\/\/visitantes.auger.org.ar\/wp-content\/uploads\/2019\/12\/DSC_0041-Small-113x75.jpg 113w\" sizes=\"(max-width: 720px) 100vw, 720px\" \/><\/figure><\/li><li class=\"blocks-gallery-item\"><figure><img loading=\"lazy\" decoding=\"async\" width=\"720\" height=\"480\" src=\"https:\/\/visitantes.auger.org.ar\/wp-content\/uploads\/2019\/12\/DSC_0045-Small.jpg\" alt=\"\" data-id=\"3415\" data-link=\"https:\/\/visitantes.auger.org.ar\/?attachment_id=3415\" class=\"wp-image-3415\" srcset=\"https:\/\/visitantes.auger.org.ar\/wp-content\/uploads\/2019\/12\/DSC_0045-Small.jpg 720w, https:\/\/visitantes.auger.org.ar\/wp-content\/uploads\/2019\/12\/DSC_0045-Small-300x200.jpg 300w, https:\/\/visitantes.auger.org.ar\/wp-content\/uploads\/2019\/12\/DSC_0045-Small-219x146.jpg 219w, https:\/\/visitantes.auger.org.ar\/wp-content\/uploads\/2019\/12\/DSC_0045-Small-50x33.jpg 50w, https:\/\/visitantes.auger.org.ar\/wp-content\/uploads\/2019\/12\/DSC_0045-Small-113x75.jpg 113w\" sizes=\"(max-width: 720px) 100vw, 720px\" \/><\/figure><\/li><li class=\"blocks-gallery-item\"><figure><img loading=\"lazy\" decoding=\"async\" width=\"720\" height=\"480\" src=\"https:\/\/visitantes.auger.org.ar\/wp-content\/uploads\/2019\/12\/DSC_0055-Small.jpg\" alt=\"\" data-id=\"3416\" data-link=\"https:\/\/visitantes.auger.org.ar\/?attachment_id=3416\" class=\"wp-image-3416\" srcset=\"https:\/\/visitantes.auger.org.ar\/wp-content\/uploads\/2019\/12\/DSC_0055-Small.jpg 720w, https:\/\/visitantes.auger.org.ar\/wp-content\/uploads\/2019\/12\/DSC_0055-Small-300x200.jpg 300w, https:\/\/visitantes.auger.org.ar\/wp-content\/uploads\/2019\/12\/DSC_0055-Small-219x146.jpg 219w, https:\/\/visitantes.auger.org.ar\/wp-content\/uploads\/2019\/12\/DSC_0055-Small-50x33.jpg 50w, https:\/\/visitantes.auger.org.ar\/wp-content\/uploads\/2019\/12\/DSC_0055-Small-113x75.jpg 113w\" sizes=\"(max-width: 720px) 100vw, 720px\" \/><\/figure><\/li><li class=\"blocks-gallery-item\"><figure><img loading=\"lazy\" decoding=\"async\" width=\"720\" height=\"480\" src=\"https:\/\/visitantes.auger.org.ar\/wp-content\/uploads\/2019\/12\/DSC_0062-Small.jpg\" alt=\"\" data-id=\"3417\" data-link=\"https:\/\/visitantes.auger.org.ar\/?attachment_id=3417\" class=\"wp-image-3417\" srcset=\"https:\/\/visitantes.auger.org.ar\/wp-content\/uploads\/2019\/12\/DSC_0062-Small.jpg 720w, https:\/\/visitantes.auger.org.ar\/wp-content\/uploads\/2019\/12\/DSC_0062-Small-300x200.jpg 300w, https:\/\/visitantes.auger.org.ar\/wp-content\/uploads\/2019\/12\/DSC_0062-Small-219x146.jpg 219w, https:\/\/visitantes.auger.org.ar\/wp-content\/uploads\/2019\/12\/DSC_0062-Small-50x33.jpg 50w, https:\/\/visitantes.auger.org.ar\/wp-content\/uploads\/2019\/12\/DSC_0062-Small-113x75.jpg 113w\" sizes=\"(max-width: 720px) 100vw, 720px\" \/><\/figure><\/li><li class=\"blocks-gallery-item\"><figure><img loading=\"lazy\" decoding=\"async\" width=\"720\" height=\"480\" src=\"https:\/\/visitantes.auger.org.ar\/wp-content\/uploads\/2019\/12\/DSC_0064-Small.jpg\" alt=\"\" data-id=\"3418\" data-link=\"https:\/\/visitantes.auger.org.ar\/?attachment_id=3418\" class=\"wp-image-3418\" srcset=\"https:\/\/visitantes.auger.org.ar\/wp-content\/uploads\/2019\/12\/DSC_0064-Small.jpg 720w, https:\/\/visitantes.auger.org.ar\/wp-content\/uploads\/2019\/12\/DSC_0064-Small-300x200.jpg 300w, https:\/\/visitantes.auger.org.ar\/wp-content\/uploads\/2019\/12\/DSC_0064-Small-219x146.jpg 219w, https:\/\/visitantes.auger.org.ar\/wp-content\/uploads\/2019\/12\/DSC_0064-Small-50x33.jpg 50w, https:\/\/visitantes.auger.org.ar\/wp-content\/uploads\/2019\/12\/DSC_0064-Small-113x75.jpg 113w\" sizes=\"(max-width: 720px) 100vw, 720px\" \/><\/figure><\/li><li class=\"blocks-gallery-item\"><figure><img loading=\"lazy\" decoding=\"async\" width=\"720\" height=\"480\" src=\"https:\/\/visitantes.auger.org.ar\/wp-content\/uploads\/2019\/12\/DSC_0071-Small.jpg\" alt=\"\" data-id=\"3419\" data-link=\"https:\/\/visitantes.auger.org.ar\/?attachment_id=3419\" class=\"wp-image-3419\" srcset=\"https:\/\/visitantes.auger.org.ar\/wp-content\/uploads\/2019\/12\/DSC_0071-Small.jpg 720w, https:\/\/visitantes.auger.org.ar\/wp-content\/uploads\/2019\/12\/DSC_0071-Small-300x200.jpg 300w, https:\/\/visitantes.auger.org.ar\/wp-content\/uploads\/2019\/12\/DSC_0071-Small-219x146.jpg 219w, https:\/\/visitantes.auger.org.ar\/wp-content\/uploads\/2019\/12\/DSC_0071-Small-50x33.jpg 50w, https:\/\/visitantes.auger.org.ar\/wp-content\/uploads\/2019\/12\/DSC_0071-Small-113x75.jpg 113w\" sizes=\"(max-width: 720px) 100vw, 720px\" \/><\/figure><\/li><li class=\"blocks-gallery-item\"><figure><img loading=\"lazy\" decoding=\"async\" width=\"720\" height=\"480\" src=\"https:\/\/visitantes.auger.org.ar\/wp-content\/uploads\/2019\/12\/DSC_0081-Small.jpg\" alt=\"\" data-id=\"3420\" data-link=\"https:\/\/visitantes.auger.org.ar\/?attachment_id=3420\" class=\"wp-image-3420\" srcset=\"https:\/\/visitantes.auger.org.ar\/wp-content\/uploads\/2019\/12\/DSC_0081-Small.jpg 720w, https:\/\/visitantes.auger.org.ar\/wp-content\/uploads\/2019\/12\/DSC_0081-Small-300x200.jpg 300w, https:\/\/visitantes.auger.org.ar\/wp-content\/uploads\/2019\/12\/DSC_0081-Small-219x146.jpg 219w, https:\/\/visitantes.auger.org.ar\/wp-content\/uploads\/2019\/12\/DSC_0081-Small-50x33.jpg 50w, https:\/\/visitantes.auger.org.ar\/wp-content\/uploads\/2019\/12\/DSC_0081-Small-113x75.jpg 113w\" sizes=\"(max-width: 720px) 100vw, 720px\" \/><\/figure><\/li><li class=\"blocks-gallery-item\"><figure><img loading=\"lazy\" decoding=\"async\" width=\"720\" height=\"480\" src=\"https:\/\/visitantes.auger.org.ar\/wp-content\/uploads\/2019\/12\/DSC_0095-Small.jpg\" alt=\"\" data-id=\"3421\" data-link=\"https:\/\/visitantes.auger.org.ar\/?attachment_id=3421\" class=\"wp-image-3421\" srcset=\"https:\/\/visitantes.auger.org.ar\/wp-content\/uploads\/2019\/12\/DSC_0095-Small.jpg 720w, https:\/\/visitantes.auger.org.ar\/wp-content\/uploads\/2019\/12\/DSC_0095-Small-300x200.jpg 300w, https:\/\/visitantes.auger.org.ar\/wp-content\/uploads\/2019\/12\/DSC_0095-Small-219x146.jpg 219w, https:\/\/visitantes.auger.org.ar\/wp-content\/uploads\/2019\/12\/DSC_0095-Small-50x33.jpg 50w, https:\/\/visitantes.auger.org.ar\/wp-content\/uploads\/2019\/12\/DSC_0095-Small-113x75.jpg 113w\" sizes=\"(max-width: 720px) 100vw, 720px\" \/><\/figure><\/li><li class=\"blocks-gallery-item\"><figure><img loading=\"lazy\" decoding=\"async\" width=\"720\" height=\"480\" src=\"https:\/\/visitantes.auger.org.ar\/wp-content\/uploads\/2019\/12\/DSC_0105-Small.jpg\" alt=\"\" data-id=\"3422\" data-link=\"https:\/\/visitantes.auger.org.ar\/?attachment_id=3422\" class=\"wp-image-3422\" srcset=\"https:\/\/visitantes.auger.org.ar\/wp-content\/uploads\/2019\/12\/DSC_0105-Small.jpg 720w, https:\/\/visitantes.auger.org.ar\/wp-content\/uploads\/2019\/12\/DSC_0105-Small-300x200.jpg 300w, https:\/\/visitantes.auger.org.ar\/wp-content\/uploads\/2019\/12\/DSC_0105-Small-219x146.jpg 219w, https:\/\/visitantes.auger.org.ar\/wp-content\/uploads\/2019\/12\/DSC_0105-Small-50x33.jpg 50w, https:\/\/visitantes.auger.org.ar\/wp-content\/uploads\/2019\/12\/DSC_0105-Small-113x75.jpg 113w\" sizes=\"(max-width: 720px) 100vw, 720px\" \/><\/figure><\/li><li class=\"blocks-gallery-item\"><figure><img loading=\"lazy\" decoding=\"async\" width=\"720\" height=\"480\" src=\"https:\/\/visitantes.auger.org.ar\/wp-content\/uploads\/2019\/12\/DSC_0111-Small.jpg\" alt=\"\" data-id=\"3423\" data-link=\"https:\/\/visitantes.auger.org.ar\/?attachment_id=3423\" class=\"wp-image-3423\" srcset=\"https:\/\/visitantes.auger.org.ar\/wp-content\/uploads\/2019\/12\/DSC_0111-Small.jpg 720w, https:\/\/visitantes.auger.org.ar\/wp-content\/uploads\/2019\/12\/DSC_0111-Small-300x200.jpg 300w, https:\/\/visitantes.auger.org.ar\/wp-content\/uploads\/2019\/12\/DSC_0111-Small-219x146.jpg 219w, https:\/\/visitantes.auger.org.ar\/wp-content\/uploads\/2019\/12\/DSC_0111-Small-50x33.jpg 50w, https:\/\/visitantes.auger.org.ar\/wp-content\/uploads\/2019\/12\/DSC_0111-Small-113x75.jpg 113w\" sizes=\"(max-width: 720px) 100vw, 720px\" \/><\/figure><\/li><li class=\"blocks-gallery-item\"><figure><img loading=\"lazy\" decoding=\"async\" width=\"720\" height=\"480\" src=\"https:\/\/visitantes.auger.org.ar\/wp-content\/uploads\/2019\/12\/DSC_0116-Small.jpg\" alt=\"\" data-id=\"3424\" data-link=\"https:\/\/visitantes.auger.org.ar\/?attachment_id=3424\" class=\"wp-image-3424\" srcset=\"https:\/\/visitantes.auger.org.ar\/wp-content\/uploads\/2019\/12\/DSC_0116-Small.jpg 720w, https:\/\/visitantes.auger.org.ar\/wp-content\/uploads\/2019\/12\/DSC_0116-Small-300x200.jpg 300w, https:\/\/visitantes.auger.org.ar\/wp-content\/uploads\/2019\/12\/DSC_0116-Small-219x146.jpg 219w, https:\/\/visitantes.auger.org.ar\/wp-content\/uploads\/2019\/12\/DSC_0116-Small-50x33.jpg 50w, https:\/\/visitantes.auger.org.ar\/wp-content\/uploads\/2019\/12\/DSC_0116-Small-113x75.jpg 113w\" sizes=\"(max-width: 720px) 100vw, 720px\" \/><\/figure><\/li><li class=\"blocks-gallery-item\"><figure><img loading=\"lazy\" decoding=\"async\" width=\"720\" height=\"480\" src=\"https:\/\/visitantes.auger.org.ar\/wp-content\/uploads\/2019\/12\/DSC_0118-Small.jpg\" alt=\"\" data-id=\"3425\" data-link=\"https:\/\/visitantes.auger.org.ar\/?attachment_id=3425\" class=\"wp-image-3425\" srcset=\"https:\/\/visitantes.auger.org.ar\/wp-content\/uploads\/2019\/12\/DSC_0118-Small.jpg 720w, https:\/\/visitantes.auger.org.ar\/wp-content\/uploads\/2019\/12\/DSC_0118-Small-300x200.jpg 300w, https:\/\/visitantes.auger.org.ar\/wp-content\/uploads\/2019\/12\/DSC_0118-Small-219x146.jpg 219w, https:\/\/visitantes.auger.org.ar\/wp-content\/uploads\/2019\/12\/DSC_0118-Small-50x33.jpg 50w, https:\/\/visitantes.auger.org.ar\/wp-content\/uploads\/2019\/12\/DSC_0118-Small-113x75.jpg 113w\" sizes=\"(max-width: 720px) 100vw, 720px\" \/><\/figure><\/li><li class=\"blocks-gallery-item\"><figure><img loading=\"lazy\" decoding=\"async\" width=\"720\" height=\"480\" src=\"https:\/\/visitantes.auger.org.ar\/wp-content\/uploads\/2019\/12\/DSC_0123-Small.jpg\" alt=\"\" data-id=\"3426\" data-link=\"https:\/\/visitantes.auger.org.ar\/?attachment_id=3426\" class=\"wp-image-3426\" srcset=\"https:\/\/visitantes.auger.org.ar\/wp-content\/uploads\/2019\/12\/DSC_0123-Small.jpg 720w, https:\/\/visitantes.auger.org.ar\/wp-content\/uploads\/2019\/12\/DSC_0123-Small-300x200.jpg 300w, https:\/\/visitantes.auger.org.ar\/wp-content\/uploads\/2019\/12\/DSC_0123-Small-219x146.jpg 219w, https:\/\/visitantes.auger.org.ar\/wp-content\/uploads\/2019\/12\/DSC_0123-Small-50x33.jpg 50w, https:\/\/visitantes.auger.org.ar\/wp-content\/uploads\/2019\/12\/DSC_0123-Small-113x75.jpg 113w\" sizes=\"(max-width: 720px) 100vw, 720px\" \/><\/figure><\/li><li class=\"blocks-gallery-item\"><figure><img loading=\"lazy\" decoding=\"async\" width=\"720\" height=\"480\" src=\"https:\/\/visitantes.auger.org.ar\/wp-content\/uploads\/2019\/12\/DSC_0124-Small.jpg\" alt=\"\" data-id=\"3427\" data-link=\"https:\/\/visitantes.auger.org.ar\/?attachment_id=3427\" class=\"wp-image-3427\" srcset=\"https:\/\/visitantes.auger.org.ar\/wp-content\/uploads\/2019\/12\/DSC_0124-Small.jpg 720w, https:\/\/visitantes.auger.org.ar\/wp-content\/uploads\/2019\/12\/DSC_0124-Small-300x200.jpg 300w, https:\/\/visitantes.auger.org.ar\/wp-content\/uploads\/2019\/12\/DSC_0124-Small-219x146.jpg 219w, https:\/\/visitantes.auger.org.ar\/wp-content\/uploads\/2019\/12\/DSC_0124-Small-50x33.jpg 50w, https:\/\/visitantes.auger.org.ar\/wp-content\/uploads\/2019\/12\/DSC_0124-Small-113x75.jpg 113w\" sizes=\"(max-width: 720px) 100vw, 720px\" \/><\/figure><\/li><li class=\"blocks-gallery-item\"><figure><img loading=\"lazy\" decoding=\"async\" width=\"720\" height=\"480\" src=\"https:\/\/visitantes.auger.org.ar\/wp-content\/uploads\/2019\/12\/DSC_0139-Small.jpg\" alt=\"\" data-id=\"3428\" data-link=\"https:\/\/visitantes.auger.org.ar\/?attachment_id=3428\" class=\"wp-image-3428\" srcset=\"https:\/\/visitantes.auger.org.ar\/wp-content\/uploads\/2019\/12\/DSC_0139-Small.jpg 720w, https:\/\/visitantes.auger.org.ar\/wp-content\/uploads\/2019\/12\/DSC_0139-Small-300x200.jpg 300w, https:\/\/visitantes.auger.org.ar\/wp-content\/uploads\/2019\/12\/DSC_0139-Small-219x146.jpg 219w, https:\/\/visitantes.auger.org.ar\/wp-content\/uploads\/2019\/12\/DSC_0139-Small-50x33.jpg 50w, https:\/\/visitantes.auger.org.ar\/wp-content\/uploads\/2019\/12\/DSC_0139-Small-113x75.jpg 113w\" sizes=\"(max-width: 720px) 100vw, 720px\" \/><\/figure><\/li><li class=\"blocks-gallery-item\"><figure><img loading=\"lazy\" decoding=\"async\" width=\"720\" height=\"480\" src=\"https:\/\/visitantes.auger.org.ar\/wp-content\/uploads\/2019\/12\/DSC_0141-Small.jpg\" alt=\"\" data-id=\"3429\" data-link=\"https:\/\/visitantes.auger.org.ar\/?attachment_id=3429\" class=\"wp-image-3429\" srcset=\"https:\/\/visitantes.auger.org.ar\/wp-content\/uploads\/2019\/12\/DSC_0141-Small.jpg 720w, https:\/\/visitantes.auger.org.ar\/wp-content\/uploads\/2019\/12\/DSC_0141-Small-300x200.jpg 300w, https:\/\/visitantes.auger.org.ar\/wp-content\/uploads\/2019\/12\/DSC_0141-Small-219x146.jpg 219w, https:\/\/visitantes.auger.org.ar\/wp-content\/uploads\/2019\/12\/DSC_0141-Small-50x33.jpg 50w, https:\/\/visitantes.auger.org.ar\/wp-content\/uploads\/2019\/12\/DSC_0141-Small-113x75.jpg 113w\" sizes=\"(max-width: 720px) 100vw, 720px\" \/><\/figure><\/li><li class=\"blocks-gallery-item\"><figure><img loading=\"lazy\" decoding=\"async\" width=\"720\" height=\"480\" src=\"https:\/\/visitantes.auger.org.ar\/wp-content\/uploads\/2019\/12\/DSC_0144-Small.jpg\" alt=\"\" data-id=\"3430\" data-link=\"https:\/\/visitantes.auger.org.ar\/?attachment_id=3430\" class=\"wp-image-3430\" srcset=\"https:\/\/visitantes.auger.org.ar\/wp-content\/uploads\/2019\/12\/DSC_0144-Small.jpg 720w, https:\/\/visitantes.auger.org.ar\/wp-content\/uploads\/2019\/12\/DSC_0144-Small-300x200.jpg 300w, https:\/\/visitantes.auger.org.ar\/wp-content\/uploads\/2019\/12\/DSC_0144-Small-219x146.jpg 219w, https:\/\/visitantes.auger.org.ar\/wp-content\/uploads\/2019\/12\/DSC_0144-Small-50x33.jpg 50w, https:\/\/visitantes.auger.org.ar\/wp-content\/uploads\/2019\/12\/DSC_0144-Small-113x75.jpg 113w\" sizes=\"(max-width: 720px) 100vw, 720px\" \/><\/figure><\/li><li class=\"blocks-gallery-item\"><figure><img loading=\"lazy\" decoding=\"async\" width=\"720\" height=\"480\" src=\"https:\/\/visitantes.auger.org.ar\/wp-content\/uploads\/2019\/12\/DSC_0163-Small.jpg\" alt=\"\" data-id=\"3431\" data-link=\"https:\/\/visitantes.auger.org.ar\/?attachment_id=3431\" class=\"wp-image-3431\" srcset=\"https:\/\/visitantes.auger.org.ar\/wp-content\/uploads\/2019\/12\/DSC_0163-Small.jpg 720w, https:\/\/visitantes.auger.org.ar\/wp-content\/uploads\/2019\/12\/DSC_0163-Small-300x200.jpg 300w, https:\/\/visitantes.auger.org.ar\/wp-content\/uploads\/2019\/12\/DSC_0163-Small-219x146.jpg 219w, https:\/\/visitantes.auger.org.ar\/wp-content\/uploads\/2019\/12\/DSC_0163-Small-50x33.jpg 50w, https:\/\/visitantes.auger.org.ar\/wp-content\/uploads\/2019\/12\/DSC_0163-Small-113x75.jpg 113w\" sizes=\"(max-width: 720px) 100vw, 720px\" \/><\/figure><\/li><li class=\"blocks-gallery-item\"><figure><img loading=\"lazy\" decoding=\"async\" width=\"720\" height=\"480\" src=\"https:\/\/visitantes.auger.org.ar\/wp-content\/uploads\/2019\/12\/DSC_0165-Small.jpg\" alt=\"\" data-id=\"3432\" data-link=\"https:\/\/visitantes.auger.org.ar\/?attachment_id=3432\" class=\"wp-image-3432\" srcset=\"https:\/\/visitantes.auger.org.ar\/wp-content\/uploads\/2019\/12\/DSC_0165-Small.jpg 720w, https:\/\/visitantes.auger.org.ar\/wp-content\/uploads\/2019\/12\/DSC_0165-Small-300x200.jpg 300w, https:\/\/visitantes.auger.org.ar\/wp-content\/uploads\/2019\/12\/DSC_0165-Small-219x146.jpg 219w, https:\/\/visitantes.auger.org.ar\/wp-content\/uploads\/2019\/12\/DSC_0165-Small-50x33.jpg 50w, https:\/\/visitantes.auger.org.ar\/wp-content\/uploads\/2019\/12\/DSC_0165-Small-113x75.jpg 113w\" sizes=\"(max-width: 720px) 100vw, 720px\" \/><\/figure><\/li><li class=\"blocks-gallery-item\"><figure><img loading=\"lazy\" decoding=\"async\" width=\"720\" height=\"480\" src=\"https:\/\/visitantes.auger.org.ar\/wp-content\/uploads\/2019\/12\/DSC_0172-Small.jpg\" alt=\"\" data-id=\"3433\" data-link=\"https:\/\/visitantes.auger.org.ar\/?attachment_id=3433\" class=\"wp-image-3433\" srcset=\"https:\/\/visitantes.auger.org.ar\/wp-content\/uploads\/2019\/12\/DSC_0172-Small.jpg 720w, https:\/\/visitantes.auger.org.ar\/wp-content\/uploads\/2019\/12\/DSC_0172-Small-300x200.jpg 300w, https:\/\/visitantes.auger.org.ar\/wp-content\/uploads\/2019\/12\/DSC_0172-Small-219x146.jpg 219w, https:\/\/visitantes.auger.org.ar\/wp-content\/uploads\/2019\/12\/DSC_0172-Small-50x33.jpg 50w, https:\/\/visitantes.auger.org.ar\/wp-content\/uploads\/2019\/12\/DSC_0172-Small-113x75.jpg 113w\" sizes=\"(max-width: 720px) 100vw, 720px\" \/><\/figure><\/li><\/ul>\n\n\n\n<p>El d\u00eda s\u00e1bado 16 de noviembre participamos del Desfile por el Aniversario de Malarg\u00fce y por la tarde se llevo a cabo el acto de apertura para celebrar el 20\u00b0 Aniversario del Observatorio Pierre Auger, celebrar los resultados que se han obtenido hasta el momento, por ellos, venerables cient\u00edficos de la colaboraci\u00f3n, as\u00ed como los representantes de las agencias de financiaci\u00f3n, y pol\u00edticos locales, se dirigieron al publico y felicitaron a la colaboraci\u00f3n no solo por los \u00e9xitos cient\u00edficos, sino tambi\u00e9n por la relevancia social y el impacto del proyecto en el pa\u00eds. <\/p>\n\n\n\n<ul class=\"wp-block-gallery columns-3 is-cropped wp-block-gallery-3 is-layout-flex wp-block-gallery-is-layout-flex\"><li class=\"blocks-gallery-item\"><figure><img loading=\"lazy\" decoding=\"async\" width=\"720\" height=\"480\" src=\"https:\/\/visitantes.auger.org.ar\/wp-content\/uploads\/2019\/12\/DSC_0214-Small.jpg\" alt=\"\" data-id=\"3434\" class=\"wp-image-3434\" srcset=\"https:\/\/visitantes.auger.org.ar\/wp-content\/uploads\/2019\/12\/DSC_0214-Small.jpg 720w, https:\/\/visitantes.auger.org.ar\/wp-content\/uploads\/2019\/12\/DSC_0214-Small-300x200.jpg 300w, https:\/\/visitantes.auger.org.ar\/wp-content\/uploads\/2019\/12\/DSC_0214-Small-219x146.jpg 219w, https:\/\/visitantes.auger.org.ar\/wp-content\/uploads\/2019\/12\/DSC_0214-Small-50x33.jpg 50w, https:\/\/visitantes.auger.org.ar\/wp-content\/uploads\/2019\/12\/DSC_0214-Small-113x75.jpg 113w\" sizes=\"(max-width: 720px) 100vw, 720px\" \/><\/figure><\/li><li class=\"blocks-gallery-item\"><figure><img loading=\"lazy\" decoding=\"async\" width=\"720\" height=\"480\" src=\"https:\/\/visitantes.auger.org.ar\/wp-content\/uploads\/2019\/12\/DSC_0211-Small.jpg\" alt=\"\" data-id=\"3435\" data-link=\"https:\/\/visitantes.auger.org.ar\/?attachment_id=3435\" class=\"wp-image-3435\" srcset=\"https:\/\/visitantes.auger.org.ar\/wp-content\/uploads\/2019\/12\/DSC_0211-Small.jpg 720w, https:\/\/visitantes.auger.org.ar\/wp-content\/uploads\/2019\/12\/DSC_0211-Small-300x200.jpg 300w, https:\/\/visitantes.auger.org.ar\/wp-content\/uploads\/2019\/12\/DSC_0211-Small-219x146.jpg 219w, https:\/\/visitantes.auger.org.ar\/wp-content\/uploads\/2019\/12\/DSC_0211-Small-50x33.jpg 50w, https:\/\/visitantes.auger.org.ar\/wp-content\/uploads\/2019\/12\/DSC_0211-Small-113x75.jpg 113w\" sizes=\"(max-width: 720px) 100vw, 720px\" \/><\/figure><\/li><li class=\"blocks-gallery-item\"><figure><img loading=\"lazy\" decoding=\"async\" width=\"720\" height=\"480\" src=\"https:\/\/visitantes.auger.org.ar\/wp-content\/uploads\/2019\/12\/DSC_0229-Small.jpg\" alt=\"\" data-id=\"3437\" data-link=\"https:\/\/visitantes.auger.org.ar\/?attachment_id=3437\" class=\"wp-image-3437\" srcset=\"https:\/\/visitantes.auger.org.ar\/wp-content\/uploads\/2019\/12\/DSC_0229-Small.jpg 720w, https:\/\/visitantes.auger.org.ar\/wp-content\/uploads\/2019\/12\/DSC_0229-Small-300x200.jpg 300w, https:\/\/visitantes.auger.org.ar\/wp-content\/uploads\/2019\/12\/DSC_0229-Small-219x146.jpg 219w, https:\/\/visitantes.auger.org.ar\/wp-content\/uploads\/2019\/12\/DSC_0229-Small-50x33.jpg 50w, https:\/\/visitantes.auger.org.ar\/wp-content\/uploads\/2019\/12\/DSC_0229-Small-113x75.jpg 113w\" sizes=\"(max-width: 720px) 100vw, 720px\" \/><\/figure><\/li><li class=\"blocks-gallery-item\"><figure><img loading=\"lazy\" decoding=\"async\" width=\"720\" height=\"480\" src=\"https:\/\/visitantes.auger.org.ar\/wp-content\/uploads\/2019\/12\/DSC_0230-Small.jpg\" alt=\"\" data-id=\"3438\" data-link=\"https:\/\/visitantes.auger.org.ar\/?attachment_id=3438\" class=\"wp-image-3438\" srcset=\"https:\/\/visitantes.auger.org.ar\/wp-content\/uploads\/2019\/12\/DSC_0230-Small.jpg 720w, https:\/\/visitantes.auger.org.ar\/wp-content\/uploads\/2019\/12\/DSC_0230-Small-300x200.jpg 300w, https:\/\/visitantes.auger.org.ar\/wp-content\/uploads\/2019\/12\/DSC_0230-Small-219x146.jpg 219w, https:\/\/visitantes.auger.org.ar\/wp-content\/uploads\/2019\/12\/DSC_0230-Small-50x33.jpg 50w, https:\/\/visitantes.auger.org.ar\/wp-content\/uploads\/2019\/12\/DSC_0230-Small-113x75.jpg 113w\" sizes=\"(max-width: 720px) 100vw, 720px\" \/><\/figure><\/li><li class=\"blocks-gallery-item\"><figure><img loading=\"lazy\" decoding=\"async\" width=\"720\" height=\"480\" src=\"https:\/\/visitantes.auger.org.ar\/wp-content\/uploads\/2019\/12\/DSC_0231-Small.jpg\" alt=\"\" data-id=\"3439\" data-link=\"https:\/\/visitantes.auger.org.ar\/?attachment_id=3439\" class=\"wp-image-3439\" srcset=\"https:\/\/visitantes.auger.org.ar\/wp-content\/uploads\/2019\/12\/DSC_0231-Small.jpg 720w, https:\/\/visitantes.auger.org.ar\/wp-content\/uploads\/2019\/12\/DSC_0231-Small-300x200.jpg 300w, https:\/\/visitantes.auger.org.ar\/wp-content\/uploads\/2019\/12\/DSC_0231-Small-219x146.jpg 219w, https:\/\/visitantes.auger.org.ar\/wp-content\/uploads\/2019\/12\/DSC_0231-Small-50x33.jpg 50w, https:\/\/visitantes.auger.org.ar\/wp-content\/uploads\/2019\/12\/DSC_0231-Small-113x75.jpg 113w\" sizes=\"(max-width: 720px) 100vw, 720px\" \/><\/figure><\/li><li class=\"blocks-gallery-item\"><figure><img loading=\"lazy\" decoding=\"async\" width=\"720\" height=\"480\" src=\"https:\/\/visitantes.auger.org.ar\/wp-content\/uploads\/2019\/12\/DSC_0345-Small.jpg\" alt=\"\" data-id=\"3444\" data-link=\"https:\/\/visitantes.auger.org.ar\/?attachment_id=3444\" class=\"wp-image-3444\" srcset=\"https:\/\/visitantes.auger.org.ar\/wp-content\/uploads\/2019\/12\/DSC_0345-Small.jpg 720w, https:\/\/visitantes.auger.org.ar\/wp-content\/uploads\/2019\/12\/DSC_0345-Small-300x200.jpg 300w, https:\/\/visitantes.auger.org.ar\/wp-content\/uploads\/2019\/12\/DSC_0345-Small-219x146.jpg 219w, https:\/\/visitantes.auger.org.ar\/wp-content\/uploads\/2019\/12\/DSC_0345-Small-50x33.jpg 50w, https:\/\/visitantes.auger.org.ar\/wp-content\/uploads\/2019\/12\/DSC_0345-Small-113x75.jpg 113w\" sizes=\"(max-width: 720px) 100vw, 720px\" \/><figcaption><em>Dr. Ralph Engel<br>Director<\/em><\/figcaption><\/figure><\/li><li class=\"blocks-gallery-item\"><figure><img loading=\"lazy\" decoding=\"async\" width=\"720\" height=\"480\" src=\"https:\/\/visitantes.auger.org.ar\/wp-content\/uploads\/2019\/12\/DSC_0349-Small.jpg\" alt=\"\" data-id=\"3445\" data-link=\"https:\/\/visitantes.auger.org.ar\/?attachment_id=3445\" class=\"wp-image-3445\" srcset=\"https:\/\/visitantes.auger.org.ar\/wp-content\/uploads\/2019\/12\/DSC_0349-Small.jpg 720w, https:\/\/visitantes.auger.org.ar\/wp-content\/uploads\/2019\/12\/DSC_0349-Small-300x200.jpg 300w, https:\/\/visitantes.auger.org.ar\/wp-content\/uploads\/2019\/12\/DSC_0349-Small-219x146.jpg 219w, https:\/\/visitantes.auger.org.ar\/wp-content\/uploads\/2019\/12\/DSC_0349-Small-50x33.jpg 50w, https:\/\/visitantes.auger.org.ar\/wp-content\/uploads\/2019\/12\/DSC_0349-Small-113x75.jpg 113w\" sizes=\"(max-width: 720px) 100vw, 720px\" \/><\/figure><\/li><li class=\"blocks-gallery-item\"><figure><img loading=\"lazy\" decoding=\"async\" width=\"720\" height=\"480\" src=\"https:\/\/visitantes.auger.org.ar\/wp-content\/uploads\/2019\/12\/DSC_0350-Small.jpg\" alt=\"\" data-id=\"3446\" data-link=\"https:\/\/visitantes.auger.org.ar\/?attachment_id=3446\" class=\"wp-image-3446\" srcset=\"https:\/\/visitantes.auger.org.ar\/wp-content\/uploads\/2019\/12\/DSC_0350-Small.jpg 720w, https:\/\/visitantes.auger.org.ar\/wp-content\/uploads\/2019\/12\/DSC_0350-Small-300x200.jpg 300w, https:\/\/visitantes.auger.org.ar\/wp-content\/uploads\/2019\/12\/DSC_0350-Small-219x146.jpg 219w, https:\/\/visitantes.auger.org.ar\/wp-content\/uploads\/2019\/12\/DSC_0350-Small-50x33.jpg 50w, https:\/\/visitantes.auger.org.ar\/wp-content\/uploads\/2019\/12\/DSC_0350-Small-113x75.jpg 113w\" sizes=\"(max-width: 720px) 100vw, 720px\" \/><\/figure><\/li><li class=\"blocks-gallery-item\"><figure><img loading=\"lazy\" decoding=\"async\" width=\"720\" height=\"480\" src=\"https:\/\/visitantes.auger.org.ar\/wp-content\/uploads\/2019\/12\/DSC_0362-Small.jpg\" alt=\"\" data-id=\"3447\" data-link=\"https:\/\/visitantes.auger.org.ar\/?attachment_id=3447\" class=\"wp-image-3447\" srcset=\"https:\/\/visitantes.auger.org.ar\/wp-content\/uploads\/2019\/12\/DSC_0362-Small.jpg 720w, https:\/\/visitantes.auger.org.ar\/wp-content\/uploads\/2019\/12\/DSC_0362-Small-300x200.jpg 300w, https:\/\/visitantes.auger.org.ar\/wp-content\/uploads\/2019\/12\/DSC_0362-Small-219x146.jpg 219w, https:\/\/visitantes.auger.org.ar\/wp-content\/uploads\/2019\/12\/DSC_0362-Small-50x33.jpg 50w, https:\/\/visitantes.auger.org.ar\/wp-content\/uploads\/2019\/12\/DSC_0362-Small-113x75.jpg 113w\" sizes=\"(max-width: 720px) 100vw, 720px\" \/><\/figure><\/li><li class=\"blocks-gallery-item\"><figure><img loading=\"lazy\" decoding=\"async\" width=\"720\" height=\"480\" src=\"https:\/\/visitantes.auger.org.ar\/wp-content\/uploads\/2019\/12\/DSC_0365-Small.jpg\" alt=\"\" data-id=\"3448\" data-link=\"https:\/\/visitantes.auger.org.ar\/?attachment_id=3448\" class=\"wp-image-3448\" srcset=\"https:\/\/visitantes.auger.org.ar\/wp-content\/uploads\/2019\/12\/DSC_0365-Small.jpg 720w, https:\/\/visitantes.auger.org.ar\/wp-content\/uploads\/2019\/12\/DSC_0365-Small-300x200.jpg 300w, https:\/\/visitantes.auger.org.ar\/wp-content\/uploads\/2019\/12\/DSC_0365-Small-219x146.jpg 219w, https:\/\/visitantes.auger.org.ar\/wp-content\/uploads\/2019\/12\/DSC_0365-Small-50x33.jpg 50w, https:\/\/visitantes.auger.org.ar\/wp-content\/uploads\/2019\/12\/DSC_0365-Small-113x75.jpg 113w\" sizes=\"(max-width: 720px) 100vw, 720px\" \/><\/figure><\/li><li class=\"blocks-gallery-item\"><figure><img loading=\"lazy\" decoding=\"async\" width=\"720\" height=\"480\" src=\"https:\/\/visitantes.auger.org.ar\/wp-content\/uploads\/2019\/12\/DSC_0369-Small.jpg\" alt=\"\" data-id=\"3449\" data-link=\"https:\/\/visitantes.auger.org.ar\/?attachment_id=3449\" class=\"wp-image-3449\" srcset=\"https:\/\/visitantes.auger.org.ar\/wp-content\/uploads\/2019\/12\/DSC_0369-Small.jpg 720w, https:\/\/visitantes.auger.org.ar\/wp-content\/uploads\/2019\/12\/DSC_0369-Small-300x200.jpg 300w, https:\/\/visitantes.auger.org.ar\/wp-content\/uploads\/2019\/12\/DSC_0369-Small-219x146.jpg 219w, https:\/\/visitantes.auger.org.ar\/wp-content\/uploads\/2019\/12\/DSC_0369-Small-50x33.jpg 50w, https:\/\/visitantes.auger.org.ar\/wp-content\/uploads\/2019\/12\/DSC_0369-Small-113x75.jpg 113w\" sizes=\"(max-width: 720px) 100vw, 720px\" \/><\/figure><\/li><li class=\"blocks-gallery-item\"><figure><img loading=\"lazy\" decoding=\"async\" width=\"720\" height=\"480\" src=\"https:\/\/visitantes.auger.org.ar\/wp-content\/uploads\/2019\/12\/DSC_0375-Small.jpg\" alt=\"\" data-id=\"3450\" data-link=\"https:\/\/visitantes.auger.org.ar\/?attachment_id=3450\" class=\"wp-image-3450\" srcset=\"https:\/\/visitantes.auger.org.ar\/wp-content\/uploads\/2019\/12\/DSC_0375-Small.jpg 720w, https:\/\/visitantes.auger.org.ar\/wp-content\/uploads\/2019\/12\/DSC_0375-Small-300x200.jpg 300w, https:\/\/visitantes.auger.org.ar\/wp-content\/uploads\/2019\/12\/DSC_0375-Small-219x146.jpg 219w, https:\/\/visitantes.auger.org.ar\/wp-content\/uploads\/2019\/12\/DSC_0375-Small-50x33.jpg 50w, https:\/\/visitantes.auger.org.ar\/wp-content\/uploads\/2019\/12\/DSC_0375-Small-113x75.jpg 113w\" sizes=\"(max-width: 720px) 100vw, 720px\" \/><\/figure><\/li><li class=\"blocks-gallery-item\"><figure><img loading=\"lazy\" decoding=\"async\" width=\"720\" height=\"480\" src=\"https:\/\/visitantes.auger.org.ar\/wp-content\/uploads\/2019\/12\/DSC_0376-Small.jpg\" alt=\"\" data-id=\"3451\" data-link=\"https:\/\/visitantes.auger.org.ar\/?attachment_id=3451\" class=\"wp-image-3451\" srcset=\"https:\/\/visitantes.auger.org.ar\/wp-content\/uploads\/2019\/12\/DSC_0376-Small.jpg 720w, https:\/\/visitantes.auger.org.ar\/wp-content\/uploads\/2019\/12\/DSC_0376-Small-300x200.jpg 300w, https:\/\/visitantes.auger.org.ar\/wp-content\/uploads\/2019\/12\/DSC_0376-Small-219x146.jpg 219w, https:\/\/visitantes.auger.org.ar\/wp-content\/uploads\/2019\/12\/DSC_0376-Small-50x33.jpg 50w, https:\/\/visitantes.auger.org.ar\/wp-content\/uploads\/2019\/12\/DSC_0376-Small-113x75.jpg 113w\" sizes=\"(max-width: 720px) 100vw, 720px\" \/><\/figure><\/li><li class=\"blocks-gallery-item\"><figure><img loading=\"lazy\" decoding=\"async\" width=\"720\" height=\"480\" src=\"https:\/\/visitantes.auger.org.ar\/wp-content\/uploads\/2019\/12\/DSC_0377-Small.jpg\" alt=\"\" data-id=\"3452\" data-link=\"https:\/\/visitantes.auger.org.ar\/?attachment_id=3452\" class=\"wp-image-3452\" srcset=\"https:\/\/visitantes.auger.org.ar\/wp-content\/uploads\/2019\/12\/DSC_0377-Small.jpg 720w, https:\/\/visitantes.auger.org.ar\/wp-content\/uploads\/2019\/12\/DSC_0377-Small-300x200.jpg 300w, https:\/\/visitantes.auger.org.ar\/wp-content\/uploads\/2019\/12\/DSC_0377-Small-219x146.jpg 219w, https:\/\/visitantes.auger.org.ar\/wp-content\/uploads\/2019\/12\/DSC_0377-Small-50x33.jpg 50w, https:\/\/visitantes.auger.org.ar\/wp-content\/uploads\/2019\/12\/DSC_0377-Small-113x75.jpg 113w\" sizes=\"(max-width: 720px) 100vw, 720px\" \/><\/figure><\/li><li class=\"blocks-gallery-item\"><figure><img loading=\"lazy\" decoding=\"async\" width=\"720\" height=\"480\" src=\"https:\/\/visitantes.auger.org.ar\/wp-content\/uploads\/2019\/12\/DSC_0385-Small.jpg\" alt=\"\" data-id=\"3453\" data-link=\"https:\/\/visitantes.auger.org.ar\/?attachment_id=3453\" class=\"wp-image-3453\" srcset=\"https:\/\/visitantes.auger.org.ar\/wp-content\/uploads\/2019\/12\/DSC_0385-Small.jpg 720w, https:\/\/visitantes.auger.org.ar\/wp-content\/uploads\/2019\/12\/DSC_0385-Small-300x200.jpg 300w, https:\/\/visitantes.auger.org.ar\/wp-content\/uploads\/2019\/12\/DSC_0385-Small-219x146.jpg 219w, https:\/\/visitantes.auger.org.ar\/wp-content\/uploads\/2019\/12\/DSC_0385-Small-50x33.jpg 50w, https:\/\/visitantes.auger.org.ar\/wp-content\/uploads\/2019\/12\/DSC_0385-Small-113x75.jpg 113w\" sizes=\"(max-width: 720px) 100vw, 720px\" \/><\/figure><\/li><li class=\"blocks-gallery-item\"><figure><img loading=\"lazy\" decoding=\"async\" width=\"725\" height=\"480\" src=\"https:\/\/visitantes.auger.org.ar\/wp-content\/uploads\/2019\/12\/DSC_3503-Small.jpg\" alt=\"\" data-id=\"3466\" data-link=\"https:\/\/visitantes.auger.org.ar\/index.php\/celebrando-los-20-anos-del-observatorio-pierre-auger\/dsc_3503-small\/\" class=\"wp-image-3466\" srcset=\"https:\/\/visitantes.auger.org.ar\/wp-content\/uploads\/2019\/12\/DSC_3503-Small.jpg 725w, https:\/\/visitantes.auger.org.ar\/wp-content\/uploads\/2019\/12\/DSC_3503-Small-300x199.jpg 300w, https:\/\/visitantes.auger.org.ar\/wp-content\/uploads\/2019\/12\/DSC_3503-Small-221x146.jpg 221w, https:\/\/visitantes.auger.org.ar\/wp-content\/uploads\/2019\/12\/DSC_3503-Small-50x33.jpg 50w, https:\/\/visitantes.auger.org.ar\/wp-content\/uploads\/2019\/12\/DSC_3503-Small-113x75.jpg 113w\" sizes=\"(max-width: 725px) 100vw, 725px\" \/><figcaption><em>Roberto Rivarola (Director de CONICET), Fernando Ferroni (Miembro del comit\u00e9 de finanzas), Ingo Allekotte (Gerente del Observatorio Pierre Auger), Jorge Vergara Mart\u00ednez (Intendente de Malarg\u00fce), Paula Nahir\u00f1ak (Sub-secretaria del Ministerio de Ciencia y Tecnolog\u00eda de la Naci\u00f3n), Osvaldo Calzetta (Presidente de CNEA), Prof. Ralph Engel (Director Observatorio Pierre Auger), Prof. Alberto Etchegoyen (Director de sitio), Julio Cobos (Senador Nacioanl de la Provincia de Mendoza), Laura Montero (Vice-gobernadora de la Provincia de Mendoza), Dr. Ernesto Maqueda (CNEA), Prof. Alan Watson (Director em\u00e9rito del Pierre Auger Observatory) &#8211; (foto: Miguel Martin)<\/em> <\/figcaption><\/figure><\/li><\/ul>\n\n\n\n<p>Un punto destacado de la ceremonia fue la menci\u00f3n de honor &#8220;Senador Domingo Faustino Sarmiento&#8221; al Observatorio Pierre Auger por el Honorable Senado de la Naci\u00f3n Argentina. Despu\u00e9s se presento una escultura de Juan Pezzani que simboliza el papel de los 20 a\u00f1os del  Observatorio Pierre Auger en Argentina.<\/p>\n\n\n\n<div class=\"wp-block-image\"><figure class=\"aligncenter\"><img loading=\"lazy\" decoding=\"async\" width=\"725\" height=\"480\" src=\"https:\/\/visitantes.auger.org.ar\/wp-content\/uploads\/2019\/12\/DSC_3522-Small.jpg\" alt=\"\" class=\"wp-image-3463\" srcset=\"https:\/\/visitantes.auger.org.ar\/wp-content\/uploads\/2019\/12\/DSC_3522-Small.jpg 725w, https:\/\/visitantes.auger.org.ar\/wp-content\/uploads\/2019\/12\/DSC_3522-Small-300x199.jpg 300w, https:\/\/visitantes.auger.org.ar\/wp-content\/uploads\/2019\/12\/DSC_3522-Small-221x146.jpg 221w, https:\/\/visitantes.auger.org.ar\/wp-content\/uploads\/2019\/12\/DSC_3522-Small-50x33.jpg 50w, https:\/\/visitantes.auger.org.ar\/wp-content\/uploads\/2019\/12\/DSC_3522-Small-113x75.jpg 113w\" sizes=\"(max-width: 725px) 100vw, 725px\" \/><\/figure><\/div>\n\n\n\n<p>La reuni\u00f3n concluy\u00f3 con un banquete, t\u00edpico asado y vino argentino. <\/p>\n","protected":false},"excerpt":{"rendered":"<p>Durante tres d\u00edas se llevaron a cabo diversas actividades festejando los 20 a\u00f1os del Observatorio Pierre Auger. El d\u00eda jueves 14 de noviembre fue la apertura por la ma\u00f1ana en el Centro de Convenciones y Exposiciones &#8220;Thesaurus&#8221; y durante el d\u00eda se realizaron un simposio cient\u00edfico por los invitados de las distintos proyectos del mundo [&hellip;]<\/p>\n","protected":false},"author":7,"featured_media":3464,"comment_status":"closed","ping_status":"open","sticky":false,"template":"","format":"standard","meta":{"_jetpack_memberships_contains_paid_content":false,"footnotes":""},"categories":[10,1],"tags":[],"class_list":["post-3388","post","type-post","status-publish","format-standard","has-post-thumbnail","hentry","category-novedades","category-uncategorized"],"jetpack_featured_media_url":"https:\/\/visitantes.auger.org.ar\/wp-content\/uploads\/2019\/12\/DSC_3527-Small.jpg","jetpack_sharing_enabled":true,"rttpg_featured_image_url":{"full":["https:\/\/visitantes.auger.org.ar\/wp-content\/uploads\/2019\/12\/DSC_3527-Small.jpg",725,480,false],"landscape":["https:\/\/visitantes.auger.org.ar\/wp-content\/uploads\/2019\/12\/DSC_3527-Small.jpg",725,480,false],"portraits":["https:\/\/visitantes.auger.org.ar\/wp-content\/uploads\/2019\/12\/DSC_3527-Small.jpg",725,480,false],"thumbnail":["https:\/\/visitantes.auger.org.ar\/wp-content\/uploads\/2019\/12\/DSC_3527-Small-250x250.jpg",250,250,true],"medium":["https:\/\/visitantes.auger.org.ar\/wp-content\/uploads\/2019\/12\/DSC_3527-Small-300x199.jpg",300,199,true],"large":["https:\/\/visitantes.auger.org.ar\/wp-content\/uploads\/2019\/12\/DSC_3527-Small.jpg",725,480,false],"1536x1536":["https:\/\/visitantes.auger.org.ar\/wp-content\/uploads\/2019\/12\/DSC_3527-Small.jpg",725,480,false],"2048x2048":["https:\/\/visitantes.auger.org.ar\/wp-content\/uploads\/2019\/12\/DSC_3527-Small.jpg",725,480,false]},"rttpg_author":{"display_name":"Admin WP","author_link":"https:\/\/visitantes.auger.org.ar\/index.php\/author\/adminuserwp\/"},"rttpg_comment":0,"rttpg_category":"<a href=\"https:\/\/visitantes.auger.org.ar\/index.php\/category\/auger\/novedades\/\" rel=\"category tag\">Novedades<\/a> <a href=\"https:\/\/visitantes.auger.org.ar\/index.php\/category\/uncategorized\/\" rel=\"category tag\">Uncategorized<\/a>","rttpg_excerpt":"Durante tres d\u00edas se llevaron a cabo diversas actividades festejando los 20 a\u00f1os del Observatorio Pierre Auger. El d\u00eda jueves 14 de noviembre fue la apertura por la ma\u00f1ana en el Centro de Convenciones y Exposiciones &#8220;Thesaurus&#8221; y durante el d\u00eda se realizaron un simposio cient\u00edfico por los invitados de las distintos proyectos del mundo&hellip;","_links":{"self":[{"href":"https:\/\/visitantes.auger.org.ar\/index.php\/wp-json\/wp\/v2\/posts\/3388","targetHints":{"allow":["GET"]}}],"collection":[{"href":"https:\/\/visitantes.auger.org.ar\/index.php\/wp-json\/wp\/v2\/posts"}],"about":[{"href":"https:\/\/visitantes.auger.org.ar\/index.php\/wp-json\/wp\/v2\/types\/post"}],"author":[{"embeddable":true,"href":"https:\/\/visitantes.auger.org.ar\/index.php\/wp-json\/wp\/v2\/users\/7"}],"replies":[{"embeddable":true,"href":"https:\/\/visitantes.auger.org.ar\/index.php\/wp-json\/wp\/v2\/comments?post=3388"}],"version-history":[{"count":3,"href":"https:\/\/visitantes.auger.org.ar\/index.php\/wp-json\/wp\/v2\/posts\/3388\/revisions"}],"predecessor-version":[{"id":3468,"href":"https:\/\/visitantes.auger.org.ar\/index.php\/wp-json\/wp\/v2\/posts\/3388\/revisions\/3468"}],"wp:featuredmedia":[{"embeddable":true,"href":"https:\/\/visitantes.auger.org.ar\/index.php\/wp-json\/wp\/v2\/media\/3464"}],"wp:attachment":[{"href":"https:\/\/visitantes.auger.org.ar\/index.php\/wp-json\/wp\/v2\/media?parent=3388"}],"wp:term":[{"taxonomy":"category","embeddable":true,"href":"https:\/\/visitantes.auger.org.ar\/index.php\/wp-json\/wp\/v2\/categories?post=3388"},{"taxonomy":"post_tag","embeddable":true,"href":"https:\/\/visitantes.auger.org.ar\/index.php\/wp-json\/wp\/v2\/tags?post=3388"}],"curies":[{"name":"wp","href":"https:\/\/api.w.org\/{rel}","templated":true}]}}