{"id":3471,"date":"2019-12-17T18:51:17","date_gmt":"2019-12-17T18:51:17","guid":{"rendered":"https:\/\/visitantes.auger.org.ar\/?p=3471"},"modified":"2019-12-17T18:53:29","modified_gmt":"2019-12-17T18:53:29","slug":"pasantes-escuela-n-4-228-ing-eugenio-izsaky","status":"publish","type":"post","link":"https:\/\/visitantes.auger.org.ar\/index.php\/pasantes-escuela-n-4-228-ing-eugenio-izsaky\/","title":{"rendered":"Pasantes Escuela N\u00b0 4-228 &#8220;Ing. Eugenio Izsaky&#8221;"},"content":{"rendered":"\n<p style=\"text-align:left\">El d\u00eda martes 3 de septiembre de 2019, se dio inicio por segunda vez a las practicas profesionales, formato pasantias a los alumnos del 6\u00b0 a\u00f1o de la Escuela Eugenio Izsaky. Un trayecto fundamental para fortalecer los conocimientos de la formaci\u00f3n t\u00e9cnico profesional en el Observatorio Pierre Auger.<\/p>\n\n\n\n<ul class=\"wp-block-gallery columns-3 is-cropped wp-block-gallery-1 is-layout-flex wp-block-gallery-is-layout-flex\"><li class=\"blocks-gallery-item\"><figure><img fetchpriority=\"high\" decoding=\"async\" width=\"960\" height=\"720\" src=\"https:\/\/visitantes.auger.org.ar\/wp-content\/uploads\/2019\/12\/69433998_965012960502042_6119467371821268992_n.jpg\" alt=\"\" data-id=\"3472\" class=\"wp-image-3472\" srcset=\"https:\/\/visitantes.auger.org.ar\/wp-content\/uploads\/2019\/12\/69433998_965012960502042_6119467371821268992_n.jpg 960w, https:\/\/visitantes.auger.org.ar\/wp-content\/uploads\/2019\/12\/69433998_965012960502042_6119467371821268992_n-300x225.jpg 300w, https:\/\/visitantes.auger.org.ar\/wp-content\/uploads\/2019\/12\/69433998_965012960502042_6119467371821268992_n-768x576.jpg 768w, https:\/\/visitantes.auger.org.ar\/wp-content\/uploads\/2019\/12\/69433998_965012960502042_6119467371821268992_n-195x146.jpg 195w, https:\/\/visitantes.auger.org.ar\/wp-content\/uploads\/2019\/12\/69433998_965012960502042_6119467371821268992_n-50x38.jpg 50w, https:\/\/visitantes.auger.org.ar\/wp-content\/uploads\/2019\/12\/69433998_965012960502042_6119467371821268992_n-100x75.jpg 100w\" sizes=\"(max-width: 960px) 100vw, 960px\" \/><figcaption><em>Fotos facebook: Pablo Hidalgo<\/em><\/figcaption><\/figure><\/li><li class=\"blocks-gallery-item\"><figure><img decoding=\"async\" width=\"960\" height=\"720\" src=\"https:\/\/visitantes.auger.org.ar\/wp-content\/uploads\/2019\/12\/69493603_965012857168719_8523063909706366976_n.jpg\" alt=\"\" data-id=\"3473\" data-link=\"https:\/\/visitantes.auger.org.ar\/?attachment_id=3473\" class=\"wp-image-3473\" srcset=\"https:\/\/visitantes.auger.org.ar\/wp-content\/uploads\/2019\/12\/69493603_965012857168719_8523063909706366976_n.jpg 960w, https:\/\/visitantes.auger.org.ar\/wp-content\/uploads\/2019\/12\/69493603_965012857168719_8523063909706366976_n-300x225.jpg 300w, https:\/\/visitantes.auger.org.ar\/wp-content\/uploads\/2019\/12\/69493603_965012857168719_8523063909706366976_n-768x576.jpg 768w, https:\/\/visitantes.auger.org.ar\/wp-content\/uploads\/2019\/12\/69493603_965012857168719_8523063909706366976_n-195x146.jpg 195w, https:\/\/visitantes.auger.org.ar\/wp-content\/uploads\/2019\/12\/69493603_965012857168719_8523063909706366976_n-50x38.jpg 50w, https:\/\/visitantes.auger.org.ar\/wp-content\/uploads\/2019\/12\/69493603_965012857168719_8523063909706366976_n-100x75.jpg 100w\" sizes=\"(max-width: 960px) 100vw, 960px\" \/><\/figure><\/li><li class=\"blocks-gallery-item\"><figure><img decoding=\"async\" width=\"960\" height=\"720\" src=\"https:\/\/visitantes.auger.org.ar\/wp-content\/uploads\/2019\/12\/70407294_965012777168727_7792346400489996288_n.jpg\" alt=\"\" data-id=\"3475\" data-link=\"https:\/\/visitantes.auger.org.ar\/?attachment_id=3475\" class=\"wp-image-3475\" srcset=\"https:\/\/visitantes.auger.org.ar\/wp-content\/uploads\/2019\/12\/70407294_965012777168727_7792346400489996288_n.jpg 960w, https:\/\/visitantes.auger.org.ar\/wp-content\/uploads\/2019\/12\/70407294_965012777168727_7792346400489996288_n-300x225.jpg 300w, https:\/\/visitantes.auger.org.ar\/wp-content\/uploads\/2019\/12\/70407294_965012777168727_7792346400489996288_n-768x576.jpg 768w, https:\/\/visitantes.auger.org.ar\/wp-content\/uploads\/2019\/12\/70407294_965012777168727_7792346400489996288_n-195x146.jpg 195w, https:\/\/visitantes.auger.org.ar\/wp-content\/uploads\/2019\/12\/70407294_965012777168727_7792346400489996288_n-50x38.jpg 50w, https:\/\/visitantes.auger.org.ar\/wp-content\/uploads\/2019\/12\/70407294_965012777168727_7792346400489996288_n-100x75.jpg 100w\" sizes=\"(max-width: 960px) 100vw, 960px\" \/><\/figure><\/li><li class=\"blocks-gallery-item\"><figure><img loading=\"lazy\" decoding=\"async\" width=\"960\" height=\"720\" src=\"https:\/\/visitantes.auger.org.ar\/wp-content\/uploads\/2019\/12\/69889216_965012733835398_8513464292727586816_n.jpg\" alt=\"\" data-id=\"3477\" data-link=\"https:\/\/visitantes.auger.org.ar\/?attachment_id=3477\" class=\"wp-image-3477\" srcset=\"https:\/\/visitantes.auger.org.ar\/wp-content\/uploads\/2019\/12\/69889216_965012733835398_8513464292727586816_n.jpg 960w, https:\/\/visitantes.auger.org.ar\/wp-content\/uploads\/2019\/12\/69889216_965012733835398_8513464292727586816_n-300x225.jpg 300w, https:\/\/visitantes.auger.org.ar\/wp-content\/uploads\/2019\/12\/69889216_965012733835398_8513464292727586816_n-768x576.jpg 768w, https:\/\/visitantes.auger.org.ar\/wp-content\/uploads\/2019\/12\/69889216_965012733835398_8513464292727586816_n-195x146.jpg 195w, https:\/\/visitantes.auger.org.ar\/wp-content\/uploads\/2019\/12\/69889216_965012733835398_8513464292727586816_n-50x38.jpg 50w, https:\/\/visitantes.auger.org.ar\/wp-content\/uploads\/2019\/12\/69889216_965012733835398_8513464292727586816_n-100x75.jpg 100w\" sizes=\"(max-width: 960px) 100vw, 960px\" \/><\/figure><\/li><li class=\"blocks-gallery-item\"><figure><img loading=\"lazy\" decoding=\"async\" width=\"960\" height=\"720\" src=\"https:\/\/visitantes.auger.org.ar\/wp-content\/uploads\/2019\/12\/69858827_965012920502046_7434097358649950208_n-1.jpg\" alt=\"\" data-id=\"3479\" data-link=\"https:\/\/visitantes.auger.org.ar\/?attachment_id=3479\" class=\"wp-image-3479\" srcset=\"https:\/\/visitantes.auger.org.ar\/wp-content\/uploads\/2019\/12\/69858827_965012920502046_7434097358649950208_n-1.jpg 960w, https:\/\/visitantes.auger.org.ar\/wp-content\/uploads\/2019\/12\/69858827_965012920502046_7434097358649950208_n-1-300x225.jpg 300w, https:\/\/visitantes.auger.org.ar\/wp-content\/uploads\/2019\/12\/69858827_965012920502046_7434097358649950208_n-1-768x576.jpg 768w, https:\/\/visitantes.auger.org.ar\/wp-content\/uploads\/2019\/12\/69858827_965012920502046_7434097358649950208_n-1-195x146.jpg 195w, https:\/\/visitantes.auger.org.ar\/wp-content\/uploads\/2019\/12\/69858827_965012920502046_7434097358649950208_n-1-50x38.jpg 50w, https:\/\/visitantes.auger.org.ar\/wp-content\/uploads\/2019\/12\/69858827_965012920502046_7434097358649950208_n-1-100x75.jpg 100w\" sizes=\"(max-width: 960px) 100vw, 960px\" \/><\/figure><\/li><li class=\"blocks-gallery-item\"><figure><img loading=\"lazy\" decoding=\"async\" width=\"960\" height=\"720\" src=\"https:\/\/visitantes.auger.org.ar\/wp-content\/uploads\/2019\/12\/69861476_965013057168699_908089960505016320_n.jpg\" alt=\"\" data-id=\"3480\" data-link=\"https:\/\/visitantes.auger.org.ar\/?attachment_id=3480\" class=\"wp-image-3480\" srcset=\"https:\/\/visitantes.auger.org.ar\/wp-content\/uploads\/2019\/12\/69861476_965013057168699_908089960505016320_n.jpg 960w, https:\/\/visitantes.auger.org.ar\/wp-content\/uploads\/2019\/12\/69861476_965013057168699_908089960505016320_n-300x225.jpg 300w, https:\/\/visitantes.auger.org.ar\/wp-content\/uploads\/2019\/12\/69861476_965013057168699_908089960505016320_n-768x576.jpg 768w, https:\/\/visitantes.auger.org.ar\/wp-content\/uploads\/2019\/12\/69861476_965013057168699_908089960505016320_n-195x146.jpg 195w, https:\/\/visitantes.auger.org.ar\/wp-content\/uploads\/2019\/12\/69861476_965013057168699_908089960505016320_n-50x38.jpg 50w, https:\/\/visitantes.auger.org.ar\/wp-content\/uploads\/2019\/12\/69861476_965013057168699_908089960505016320_n-100x75.jpg 100w\" sizes=\"(max-width: 960px) 100vw, 960px\" \/><\/figure><\/li><li class=\"blocks-gallery-item\"><figure><img loading=\"lazy\" decoding=\"async\" width=\"960\" height=\"720\" src=\"https:\/\/visitantes.auger.org.ar\/wp-content\/uploads\/2019\/12\/69791692_965013137168691_1360360612458135552_n.jpg\" alt=\"\" data-id=\"3481\" data-link=\"https:\/\/visitantes.auger.org.ar\/?attachment_id=3481\" class=\"wp-image-3481\" srcset=\"https:\/\/visitantes.auger.org.ar\/wp-content\/uploads\/2019\/12\/69791692_965013137168691_1360360612458135552_n.jpg 960w, https:\/\/visitantes.auger.org.ar\/wp-content\/uploads\/2019\/12\/69791692_965013137168691_1360360612458135552_n-300x225.jpg 300w, https:\/\/visitantes.auger.org.ar\/wp-content\/uploads\/2019\/12\/69791692_965013137168691_1360360612458135552_n-768x576.jpg 768w, https:\/\/visitantes.auger.org.ar\/wp-content\/uploads\/2019\/12\/69791692_965013137168691_1360360612458135552_n-195x146.jpg 195w, https:\/\/visitantes.auger.org.ar\/wp-content\/uploads\/2019\/12\/69791692_965013137168691_1360360612458135552_n-50x38.jpg 50w, https:\/\/visitantes.auger.org.ar\/wp-content\/uploads\/2019\/12\/69791692_965013137168691_1360360612458135552_n-100x75.jpg 100w\" sizes=\"(max-width: 960px) 100vw, 960px\" \/><\/figure><\/li><li class=\"blocks-gallery-item\"><figure><img loading=\"lazy\" decoding=\"async\" width=\"960\" height=\"720\" src=\"https:\/\/visitantes.auger.org.ar\/wp-content\/uploads\/2019\/12\/69272504_965013107168694_98474009435308032_n.jpg\" alt=\"\" data-id=\"3482\" data-link=\"https:\/\/visitantes.auger.org.ar\/?attachment_id=3482\" class=\"wp-image-3482\" srcset=\"https:\/\/visitantes.auger.org.ar\/wp-content\/uploads\/2019\/12\/69272504_965013107168694_98474009435308032_n.jpg 960w, https:\/\/visitantes.auger.org.ar\/wp-content\/uploads\/2019\/12\/69272504_965013107168694_98474009435308032_n-300x225.jpg 300w, https:\/\/visitantes.auger.org.ar\/wp-content\/uploads\/2019\/12\/69272504_965013107168694_98474009435308032_n-768x576.jpg 768w, https:\/\/visitantes.auger.org.ar\/wp-content\/uploads\/2019\/12\/69272504_965013107168694_98474009435308032_n-195x146.jpg 195w, https:\/\/visitantes.auger.org.ar\/wp-content\/uploads\/2019\/12\/69272504_965013107168694_98474009435308032_n-50x38.jpg 50w, https:\/\/visitantes.auger.org.ar\/wp-content\/uploads\/2019\/12\/69272504_965013107168694_98474009435308032_n-100x75.jpg 100w\" sizes=\"(max-width: 960px) 100vw, 960px\" \/><\/figure><\/li><li class=\"blocks-gallery-item\"><figure><img loading=\"lazy\" decoding=\"async\" width=\"960\" height=\"720\" src=\"https:\/\/visitantes.auger.org.ar\/wp-content\/uploads\/2019\/12\/69549487_965012883835383_5977374941543137280_n.jpg\" alt=\"\" data-id=\"3483\" data-link=\"https:\/\/visitantes.auger.org.ar\/?attachment_id=3483\" class=\"wp-image-3483\" srcset=\"https:\/\/visitantes.auger.org.ar\/wp-content\/uploads\/2019\/12\/69549487_965012883835383_5977374941543137280_n.jpg 960w, https:\/\/visitantes.auger.org.ar\/wp-content\/uploads\/2019\/12\/69549487_965012883835383_5977374941543137280_n-300x225.jpg 300w, https:\/\/visitantes.auger.org.ar\/wp-content\/uploads\/2019\/12\/69549487_965012883835383_5977374941543137280_n-768x576.jpg 768w, https:\/\/visitantes.auger.org.ar\/wp-content\/uploads\/2019\/12\/69549487_965012883835383_5977374941543137280_n-195x146.jpg 195w, https:\/\/visitantes.auger.org.ar\/wp-content\/uploads\/2019\/12\/69549487_965012883835383_5977374941543137280_n-50x38.jpg 50w, https:\/\/visitantes.auger.org.ar\/wp-content\/uploads\/2019\/12\/69549487_965012883835383_5977374941543137280_n-100x75.jpg 100w\" sizes=\"(max-width: 960px) 100vw, 960px\" \/><\/figure><\/li><li class=\"blocks-gallery-item\"><figure><img loading=\"lazy\" decoding=\"async\" width=\"960\" height=\"720\" src=\"https:\/\/visitantes.auger.org.ar\/wp-content\/uploads\/2019\/12\/70170441_965012993835372_4389134750317543424_n-1.jpg\" alt=\"\" data-id=\"3484\" data-link=\"https:\/\/visitantes.auger.org.ar\/?attachment_id=3484\" class=\"wp-image-3484\" srcset=\"https:\/\/visitantes.auger.org.ar\/wp-content\/uploads\/2019\/12\/70170441_965012993835372_4389134750317543424_n-1.jpg 960w, https:\/\/visitantes.auger.org.ar\/wp-content\/uploads\/2019\/12\/70170441_965012993835372_4389134750317543424_n-1-300x225.jpg 300w, https:\/\/visitantes.auger.org.ar\/wp-content\/uploads\/2019\/12\/70170441_965012993835372_4389134750317543424_n-1-768x576.jpg 768w, https:\/\/visitantes.auger.org.ar\/wp-content\/uploads\/2019\/12\/70170441_965012993835372_4389134750317543424_n-1-195x146.jpg 195w, https:\/\/visitantes.auger.org.ar\/wp-content\/uploads\/2019\/12\/70170441_965012993835372_4389134750317543424_n-1-50x38.jpg 50w, https:\/\/visitantes.auger.org.ar\/wp-content\/uploads\/2019\/12\/70170441_965012993835372_4389134750317543424_n-1-100x75.jpg 100w\" sizes=\"(max-width: 960px) 100vw, 960px\" \/><\/figure><\/li><\/ul>\n\n\n\n<p>Durante tres meses estuvieron siendo parte de nuestras actividades y trabajando en diferentes \u00e1reas. La formaci\u00f3n t\u00e9cnica de los estudiantes y objetivos planteados por ellos, fueron base fundamental para trabajar en el Observatorio de rayos c\u00f3smicos m\u00e1s grande del mundo.  <\/p>\n\n\n\n<ul class=\"wp-block-gallery columns-2 is-cropped wp-block-gallery-2 is-layout-flex wp-block-gallery-is-layout-flex\"><li class=\"blocks-gallery-item\"><figure><img loading=\"lazy\" decoding=\"async\" width=\"960\" height=\"720\" src=\"https:\/\/visitantes.auger.org.ar\/wp-content\/uploads\/2019\/12\/71294968_986092188394119_4624252564454506496_n.jpg\" alt=\"\" data-id=\"3493\" class=\"wp-image-3493\" srcset=\"https:\/\/visitantes.auger.org.ar\/wp-content\/uploads\/2019\/12\/71294968_986092188394119_4624252564454506496_n.jpg 960w, https:\/\/visitantes.auger.org.ar\/wp-content\/uploads\/2019\/12\/71294968_986092188394119_4624252564454506496_n-300x225.jpg 300w, https:\/\/visitantes.auger.org.ar\/wp-content\/uploads\/2019\/12\/71294968_986092188394119_4624252564454506496_n-768x576.jpg 768w, https:\/\/visitantes.auger.org.ar\/wp-content\/uploads\/2019\/12\/71294968_986092188394119_4624252564454506496_n-195x146.jpg 195w, https:\/\/visitantes.auger.org.ar\/wp-content\/uploads\/2019\/12\/71294968_986092188394119_4624252564454506496_n-50x38.jpg 50w, https:\/\/visitantes.auger.org.ar\/wp-content\/uploads\/2019\/12\/71294968_986092188394119_4624252564454506496_n-100x75.jpg 100w\" sizes=\"(max-width: 960px) 100vw, 960px\" \/><figcaption><em>Fotos facebook: Pablo Hidalgo<\/em><\/figcaption><\/figure><\/li><li class=\"blocks-gallery-item\"><figure><img loading=\"lazy\" decoding=\"async\" width=\"960\" height=\"720\" src=\"https:\/\/visitantes.auger.org.ar\/wp-content\/uploads\/2019\/12\/71288456_986092141727457_1426648261531271168_n.jpg\" alt=\"\" data-id=\"3495\" data-link=\"https:\/\/visitantes.auger.org.ar\/?attachment_id=3495\" class=\"wp-image-3495\" srcset=\"https:\/\/visitantes.auger.org.ar\/wp-content\/uploads\/2019\/12\/71288456_986092141727457_1426648261531271168_n.jpg 960w, https:\/\/visitantes.auger.org.ar\/wp-content\/uploads\/2019\/12\/71288456_986092141727457_1426648261531271168_n-300x225.jpg 300w, https:\/\/visitantes.auger.org.ar\/wp-content\/uploads\/2019\/12\/71288456_986092141727457_1426648261531271168_n-768x576.jpg 768w, https:\/\/visitantes.auger.org.ar\/wp-content\/uploads\/2019\/12\/71288456_986092141727457_1426648261531271168_n-195x146.jpg 195w, https:\/\/visitantes.auger.org.ar\/wp-content\/uploads\/2019\/12\/71288456_986092141727457_1426648261531271168_n-50x38.jpg 50w, https:\/\/visitantes.auger.org.ar\/wp-content\/uploads\/2019\/12\/71288456_986092141727457_1426648261531271168_n-100x75.jpg 100w\" sizes=\"(max-width: 960px) 100vw, 960px\" \/><figcaption> <\/figcaption><\/figure><\/li><\/ul>\n\n\n\n<p>Tambi\u00e9n participamos el jueves 21 y viernes 22 de noviembre en la inauguraci\u00f3n del taller y muestra anual de trabajos y estuvimos visitando los diferentes stand con los trabajos realizados durante el a\u00f1o.<\/p>\n\n\n\n<ul class=\"wp-block-gallery columns-3 is-cropped wp-block-gallery-3 is-layout-flex wp-block-gallery-is-layout-flex\"><li class=\"blocks-gallery-item\"><figure><img loading=\"lazy\" decoding=\"async\" width=\"1024\" height=\"768\" src=\"https:\/\/visitantes.auger.org.ar\/wp-content\/uploads\/2019\/12\/WhatsApp-Image-2019-11-22-at-18.48.29-3-1024x768.jpeg\" alt=\"\" data-id=\"3485\" class=\"wp-image-3485\" srcset=\"https:\/\/visitantes.auger.org.ar\/wp-content\/uploads\/2019\/12\/WhatsApp-Image-2019-11-22-at-18.48.29-3-1024x768.jpeg 1024w, https:\/\/visitantes.auger.org.ar\/wp-content\/uploads\/2019\/12\/WhatsApp-Image-2019-11-22-at-18.48.29-3-300x225.jpeg 300w, https:\/\/visitantes.auger.org.ar\/wp-content\/uploads\/2019\/12\/WhatsApp-Image-2019-11-22-at-18.48.29-3-768x576.jpeg 768w, https:\/\/visitantes.auger.org.ar\/wp-content\/uploads\/2019\/12\/WhatsApp-Image-2019-11-22-at-18.48.29-3-195x146.jpeg 195w, https:\/\/visitantes.auger.org.ar\/wp-content\/uploads\/2019\/12\/WhatsApp-Image-2019-11-22-at-18.48.29-3-50x38.jpeg 50w, https:\/\/visitantes.auger.org.ar\/wp-content\/uploads\/2019\/12\/WhatsApp-Image-2019-11-22-at-18.48.29-3-100x75.jpeg 100w, https:\/\/visitantes.auger.org.ar\/wp-content\/uploads\/2019\/12\/WhatsApp-Image-2019-11-22-at-18.48.29-3.jpeg 1280w\" sizes=\"(max-width: 1024px) 100vw, 1024px\" \/><\/figure><\/li><li class=\"blocks-gallery-item\"><figure><img loading=\"lazy\" decoding=\"async\" width=\"1024\" height=\"768\" src=\"https:\/\/visitantes.auger.org.ar\/wp-content\/uploads\/2019\/12\/WhatsApp-Image-2019-11-22-at-18.48.45-1024x768.jpeg\" alt=\"\" data-id=\"3486\" data-link=\"https:\/\/visitantes.auger.org.ar\/?attachment_id=3486\" class=\"wp-image-3486\" srcset=\"https:\/\/visitantes.auger.org.ar\/wp-content\/uploads\/2019\/12\/WhatsApp-Image-2019-11-22-at-18.48.45-1024x768.jpeg 1024w, https:\/\/visitantes.auger.org.ar\/wp-content\/uploads\/2019\/12\/WhatsApp-Image-2019-11-22-at-18.48.45-300x225.jpeg 300w, https:\/\/visitantes.auger.org.ar\/wp-content\/uploads\/2019\/12\/WhatsApp-Image-2019-11-22-at-18.48.45-768x576.jpeg 768w, https:\/\/visitantes.auger.org.ar\/wp-content\/uploads\/2019\/12\/WhatsApp-Image-2019-11-22-at-18.48.45-195x146.jpeg 195w, https:\/\/visitantes.auger.org.ar\/wp-content\/uploads\/2019\/12\/WhatsApp-Image-2019-11-22-at-18.48.45-50x38.jpeg 50w, https:\/\/visitantes.auger.org.ar\/wp-content\/uploads\/2019\/12\/WhatsApp-Image-2019-11-22-at-18.48.45-100x75.jpeg 100w, https:\/\/visitantes.auger.org.ar\/wp-content\/uploads\/2019\/12\/WhatsApp-Image-2019-11-22-at-18.48.45.jpeg 1280w\" sizes=\"(max-width: 1024px) 100vw, 1024px\" \/><\/figure><\/li><li class=\"blocks-gallery-item\"><figure><img loading=\"lazy\" decoding=\"async\" width=\"1024\" height=\"768\" src=\"https:\/\/visitantes.auger.org.ar\/wp-content\/uploads\/2019\/12\/WhatsApp-Image-2019-11-22-at-18.48.44-1024x768.jpeg\" alt=\"\" data-id=\"3487\" data-link=\"https:\/\/visitantes.auger.org.ar\/?attachment_id=3487\" class=\"wp-image-3487\" srcset=\"https:\/\/visitantes.auger.org.ar\/wp-content\/uploads\/2019\/12\/WhatsApp-Image-2019-11-22-at-18.48.44-1024x768.jpeg 1024w, https:\/\/visitantes.auger.org.ar\/wp-content\/uploads\/2019\/12\/WhatsApp-Image-2019-11-22-at-18.48.44-300x225.jpeg 300w, https:\/\/visitantes.auger.org.ar\/wp-content\/uploads\/2019\/12\/WhatsApp-Image-2019-11-22-at-18.48.44-768x576.jpeg 768w, https:\/\/visitantes.auger.org.ar\/wp-content\/uploads\/2019\/12\/WhatsApp-Image-2019-11-22-at-18.48.44-195x146.jpeg 195w, https:\/\/visitantes.auger.org.ar\/wp-content\/uploads\/2019\/12\/WhatsApp-Image-2019-11-22-at-18.48.44-50x38.jpeg 50w, https:\/\/visitantes.auger.org.ar\/wp-content\/uploads\/2019\/12\/WhatsApp-Image-2019-11-22-at-18.48.44-100x75.jpeg 100w, https:\/\/visitantes.auger.org.ar\/wp-content\/uploads\/2019\/12\/WhatsApp-Image-2019-11-22-at-18.48.44.jpeg 1280w\" sizes=\"(max-width: 1024px) 100vw, 1024px\" \/><\/figure><\/li><li class=\"blocks-gallery-item\"><figure><img loading=\"lazy\" decoding=\"async\" width=\"1024\" height=\"768\" src=\"https:\/\/visitantes.auger.org.ar\/wp-content\/uploads\/2019\/12\/WhatsApp-Image-2019-11-22-at-18.48.30-1024x768.jpeg\" alt=\"\" data-id=\"3488\" data-link=\"https:\/\/visitantes.auger.org.ar\/?attachment_id=3488\" class=\"wp-image-3488\" srcset=\"https:\/\/visitantes.auger.org.ar\/wp-content\/uploads\/2019\/12\/WhatsApp-Image-2019-11-22-at-18.48.30-1024x768.jpeg 1024w, https:\/\/visitantes.auger.org.ar\/wp-content\/uploads\/2019\/12\/WhatsApp-Image-2019-11-22-at-18.48.30-300x225.jpeg 300w, https:\/\/visitantes.auger.org.ar\/wp-content\/uploads\/2019\/12\/WhatsApp-Image-2019-11-22-at-18.48.30-768x576.jpeg 768w, https:\/\/visitantes.auger.org.ar\/wp-content\/uploads\/2019\/12\/WhatsApp-Image-2019-11-22-at-18.48.30-195x146.jpeg 195w, https:\/\/visitantes.auger.org.ar\/wp-content\/uploads\/2019\/12\/WhatsApp-Image-2019-11-22-at-18.48.30-50x38.jpeg 50w, https:\/\/visitantes.auger.org.ar\/wp-content\/uploads\/2019\/12\/WhatsApp-Image-2019-11-22-at-18.48.30-100x75.jpeg 100w, https:\/\/visitantes.auger.org.ar\/wp-content\/uploads\/2019\/12\/WhatsApp-Image-2019-11-22-at-18.48.30.jpeg 1280w\" sizes=\"(max-width: 1024px) 100vw, 1024px\" \/><\/figure><\/li><li class=\"blocks-gallery-item\"><figure><img loading=\"lazy\" decoding=\"async\" width=\"1024\" height=\"768\" src=\"https:\/\/visitantes.auger.org.ar\/wp-content\/uploads\/2019\/12\/WhatsApp-Image-2019-11-22-at-18.48.29-1-1024x768.jpeg\" alt=\"\" data-id=\"3489\" data-link=\"https:\/\/visitantes.auger.org.ar\/?attachment_id=3489\" class=\"wp-image-3489\" srcset=\"https:\/\/visitantes.auger.org.ar\/wp-content\/uploads\/2019\/12\/WhatsApp-Image-2019-11-22-at-18.48.29-1-1024x768.jpeg 1024w, https:\/\/visitantes.auger.org.ar\/wp-content\/uploads\/2019\/12\/WhatsApp-Image-2019-11-22-at-18.48.29-1-300x225.jpeg 300w, https:\/\/visitantes.auger.org.ar\/wp-content\/uploads\/2019\/12\/WhatsApp-Image-2019-11-22-at-18.48.29-1-768x576.jpeg 768w, https:\/\/visitantes.auger.org.ar\/wp-content\/uploads\/2019\/12\/WhatsApp-Image-2019-11-22-at-18.48.29-1-195x146.jpeg 195w, https:\/\/visitantes.auger.org.ar\/wp-content\/uploads\/2019\/12\/WhatsApp-Image-2019-11-22-at-18.48.29-1-50x38.jpeg 50w, https:\/\/visitantes.auger.org.ar\/wp-content\/uploads\/2019\/12\/WhatsApp-Image-2019-11-22-at-18.48.29-1-100x75.jpeg 100w, https:\/\/visitantes.auger.org.ar\/wp-content\/uploads\/2019\/12\/WhatsApp-Image-2019-11-22-at-18.48.29-1.jpeg 1280w\" sizes=\"(max-width: 1024px) 100vw, 1024px\" \/><\/figure><\/li><li class=\"blocks-gallery-item\"><figure><img loading=\"lazy\" decoding=\"async\" width=\"1024\" height=\"768\" src=\"https:\/\/visitantes.auger.org.ar\/wp-content\/uploads\/2019\/12\/WhatsApp-Image-2019-11-22-at-18.48.29-1024x768.jpeg\" alt=\"\" data-id=\"3490\" data-link=\"https:\/\/visitantes.auger.org.ar\/?attachment_id=3490\" class=\"wp-image-3490\" srcset=\"https:\/\/visitantes.auger.org.ar\/wp-content\/uploads\/2019\/12\/WhatsApp-Image-2019-11-22-at-18.48.29-1024x768.jpeg 1024w, https:\/\/visitantes.auger.org.ar\/wp-content\/uploads\/2019\/12\/WhatsApp-Image-2019-11-22-at-18.48.29-300x225.jpeg 300w, https:\/\/visitantes.auger.org.ar\/wp-content\/uploads\/2019\/12\/WhatsApp-Image-2019-11-22-at-18.48.29-768x576.jpeg 768w, https:\/\/visitantes.auger.org.ar\/wp-content\/uploads\/2019\/12\/WhatsApp-Image-2019-11-22-at-18.48.29-195x146.jpeg 195w, https:\/\/visitantes.auger.org.ar\/wp-content\/uploads\/2019\/12\/WhatsApp-Image-2019-11-22-at-18.48.29-50x38.jpeg 50w, https:\/\/visitantes.auger.org.ar\/wp-content\/uploads\/2019\/12\/WhatsApp-Image-2019-11-22-at-18.48.29-100x75.jpeg 100w, https:\/\/visitantes.auger.org.ar\/wp-content\/uploads\/2019\/12\/WhatsApp-Image-2019-11-22-at-18.48.29.jpeg 1280w\" sizes=\"(max-width: 1024px) 100vw, 1024px\" \/><\/figure><\/li><li class=\"blocks-gallery-item\"><figure><img loading=\"lazy\" decoding=\"async\" width=\"1024\" height=\"768\" src=\"https:\/\/visitantes.auger.org.ar\/wp-content\/uploads\/2019\/12\/WhatsApp-Image-2019-11-22-at-18.48.28-1-1024x768.jpeg\" alt=\"\" data-id=\"3491\" data-link=\"https:\/\/visitantes.auger.org.ar\/?attachment_id=3491\" class=\"wp-image-3491\" srcset=\"https:\/\/visitantes.auger.org.ar\/wp-content\/uploads\/2019\/12\/WhatsApp-Image-2019-11-22-at-18.48.28-1-1024x768.jpeg 1024w, https:\/\/visitantes.auger.org.ar\/wp-content\/uploads\/2019\/12\/WhatsApp-Image-2019-11-22-at-18.48.28-1-300x225.jpeg 300w, https:\/\/visitantes.auger.org.ar\/wp-content\/uploads\/2019\/12\/WhatsApp-Image-2019-11-22-at-18.48.28-1-768x576.jpeg 768w, https:\/\/visitantes.auger.org.ar\/wp-content\/uploads\/2019\/12\/WhatsApp-Image-2019-11-22-at-18.48.28-1-195x146.jpeg 195w, https:\/\/visitantes.auger.org.ar\/wp-content\/uploads\/2019\/12\/WhatsApp-Image-2019-11-22-at-18.48.28-1-50x38.jpeg 50w, https:\/\/visitantes.auger.org.ar\/wp-content\/uploads\/2019\/12\/WhatsApp-Image-2019-11-22-at-18.48.28-1-100x75.jpeg 100w, https:\/\/visitantes.auger.org.ar\/wp-content\/uploads\/2019\/12\/WhatsApp-Image-2019-11-22-at-18.48.28-1.jpeg 1280w\" sizes=\"(max-width: 1024px) 100vw, 1024px\" \/><\/figure><\/li><li class=\"blocks-gallery-item\"><figure><img loading=\"lazy\" decoding=\"async\" width=\"1024\" height=\"768\" src=\"https:\/\/visitantes.auger.org.ar\/wp-content\/uploads\/2019\/12\/WhatsApp-Image-2019-11-22-at-18.48.28-1024x768.jpeg\" alt=\"\" data-id=\"3492\" data-link=\"https:\/\/visitantes.auger.org.ar\/?attachment_id=3492\" class=\"wp-image-3492\" srcset=\"https:\/\/visitantes.auger.org.ar\/wp-content\/uploads\/2019\/12\/WhatsApp-Image-2019-11-22-at-18.48.28-1024x768.jpeg 1024w, https:\/\/visitantes.auger.org.ar\/wp-content\/uploads\/2019\/12\/WhatsApp-Image-2019-11-22-at-18.48.28-300x225.jpeg 300w, https:\/\/visitantes.auger.org.ar\/wp-content\/uploads\/2019\/12\/WhatsApp-Image-2019-11-22-at-18.48.28-768x576.jpeg 768w, https:\/\/visitantes.auger.org.ar\/wp-content\/uploads\/2019\/12\/WhatsApp-Image-2019-11-22-at-18.48.28-195x146.jpeg 195w, https:\/\/visitantes.auger.org.ar\/wp-content\/uploads\/2019\/12\/WhatsApp-Image-2019-11-22-at-18.48.28-50x38.jpeg 50w, https:\/\/visitantes.auger.org.ar\/wp-content\/uploads\/2019\/12\/WhatsApp-Image-2019-11-22-at-18.48.28-100x75.jpeg 100w, https:\/\/visitantes.auger.org.ar\/wp-content\/uploads\/2019\/12\/WhatsApp-Image-2019-11-22-at-18.48.28.jpeg 1280w\" sizes=\"(max-width: 1024px) 100vw, 1024px\" \/><\/figure><\/li><\/ul>\n\n\n\n<p>Y por \u00faltimo estuvimos presentes este martes 17 de diciembre al acto de colaci\u00f3n de los alumnos, donde recibimos un reconocimiento por parte de los directivos del colegio. Asistio parte del staff local,  Mario Rodr\u00edguez, Nicolas Leal y Fabi\u00e1n Gobbi. Tambi\u00e9n le dimos unos presentes a los pasantes por el periodo que estuvieron trabajando y siendo parte de nuestras de nuestras actividades. <\/p>\n\n\n\n<p><\/p>\n\n\n\n<ul class=\"wp-block-gallery columns-3 is-cropped wp-block-gallery-4 is-layout-flex wp-block-gallery-is-layout-flex\"><li class=\"blocks-gallery-item\"><figure><img loading=\"lazy\" decoding=\"async\" width=\"1024\" height=\"768\" src=\"https:\/\/visitantes.auger.org.ar\/wp-content\/uploads\/2019\/12\/WhatsApp-Image-2019-12-17-at-15.30.48-1-1024x768.jpeg\" alt=\"\" data-id=\"3501\" class=\"wp-image-3501\" srcset=\"https:\/\/visitantes.auger.org.ar\/wp-content\/uploads\/2019\/12\/WhatsApp-Image-2019-12-17-at-15.30.48-1-1024x768.jpeg 1024w, https:\/\/visitantes.auger.org.ar\/wp-content\/uploads\/2019\/12\/WhatsApp-Image-2019-12-17-at-15.30.48-1-300x225.jpeg 300w, https:\/\/visitantes.auger.org.ar\/wp-content\/uploads\/2019\/12\/WhatsApp-Image-2019-12-17-at-15.30.48-1-768x576.jpeg 768w, https:\/\/visitantes.auger.org.ar\/wp-content\/uploads\/2019\/12\/WhatsApp-Image-2019-12-17-at-15.30.48-1-195x146.jpeg 195w, https:\/\/visitantes.auger.org.ar\/wp-content\/uploads\/2019\/12\/WhatsApp-Image-2019-12-17-at-15.30.48-1-50x38.jpeg 50w, https:\/\/visitantes.auger.org.ar\/wp-content\/uploads\/2019\/12\/WhatsApp-Image-2019-12-17-at-15.30.48-1-100x75.jpeg 100w, https:\/\/visitantes.auger.org.ar\/wp-content\/uploads\/2019\/12\/WhatsApp-Image-2019-12-17-at-15.30.48-1.jpeg 1040w\" sizes=\"(max-width: 1024px) 100vw, 1024px\" \/><\/figure><\/li><li class=\"blocks-gallery-item\"><figure><img loading=\"lazy\" decoding=\"async\" width=\"1024\" height=\"768\" src=\"https:\/\/visitantes.auger.org.ar\/wp-content\/uploads\/2019\/12\/WhatsApp-Image-2019-12-17-at-15.43.13-1-1024x768.jpeg\" alt=\"\" data-id=\"3506\" data-link=\"https:\/\/visitantes.auger.org.ar\/?attachment_id=3506\" class=\"wp-image-3506\" srcset=\"https:\/\/visitantes.auger.org.ar\/wp-content\/uploads\/2019\/12\/WhatsApp-Image-2019-12-17-at-15.43.13-1-1024x768.jpeg 1024w, https:\/\/visitantes.auger.org.ar\/wp-content\/uploads\/2019\/12\/WhatsApp-Image-2019-12-17-at-15.43.13-1-300x225.jpeg 300w, https:\/\/visitantes.auger.org.ar\/wp-content\/uploads\/2019\/12\/WhatsApp-Image-2019-12-17-at-15.43.13-1-768x576.jpeg 768w, https:\/\/visitantes.auger.org.ar\/wp-content\/uploads\/2019\/12\/WhatsApp-Image-2019-12-17-at-15.43.13-1-195x146.jpeg 195w, https:\/\/visitantes.auger.org.ar\/wp-content\/uploads\/2019\/12\/WhatsApp-Image-2019-12-17-at-15.43.13-1-50x38.jpeg 50w, https:\/\/visitantes.auger.org.ar\/wp-content\/uploads\/2019\/12\/WhatsApp-Image-2019-12-17-at-15.43.13-1-100x75.jpeg 100w, https:\/\/visitantes.auger.org.ar\/wp-content\/uploads\/2019\/12\/WhatsApp-Image-2019-12-17-at-15.43.13-1.jpeg 1040w\" sizes=\"(max-width: 1024px) 100vw, 1024px\" \/><\/figure><\/li><li class=\"blocks-gallery-item\"><figure><img loading=\"lazy\" decoding=\"async\" width=\"1024\" height=\"768\" src=\"https:\/\/visitantes.auger.org.ar\/wp-content\/uploads\/2019\/12\/WhatsApp-Image-2019-12-17-at-15.33.07-2-2-1024x768.jpeg\" alt=\"\" data-id=\"3510\" data-link=\"https:\/\/visitantes.auger.org.ar\/index.php\/pasantes-escuela-n-4-228-ing-eugenio-izsaky\/whatsapp-image-2019-12-17-at-15-33-07-2-2\/\" class=\"wp-image-3510\" srcset=\"https:\/\/visitantes.auger.org.ar\/wp-content\/uploads\/2019\/12\/WhatsApp-Image-2019-12-17-at-15.33.07-2-2-1024x768.jpeg 1024w, https:\/\/visitantes.auger.org.ar\/wp-content\/uploads\/2019\/12\/WhatsApp-Image-2019-12-17-at-15.33.07-2-2-300x225.jpeg 300w, https:\/\/visitantes.auger.org.ar\/wp-content\/uploads\/2019\/12\/WhatsApp-Image-2019-12-17-at-15.33.07-2-2-768x576.jpeg 768w, https:\/\/visitantes.auger.org.ar\/wp-content\/uploads\/2019\/12\/WhatsApp-Image-2019-12-17-at-15.33.07-2-2-195x146.jpeg 195w, https:\/\/visitantes.auger.org.ar\/wp-content\/uploads\/2019\/12\/WhatsApp-Image-2019-12-17-at-15.33.07-2-2-50x38.jpeg 50w, https:\/\/visitantes.auger.org.ar\/wp-content\/uploads\/2019\/12\/WhatsApp-Image-2019-12-17-at-15.33.07-2-2-100x75.jpeg 100w, https:\/\/visitantes.auger.org.ar\/wp-content\/uploads\/2019\/12\/WhatsApp-Image-2019-12-17-at-15.33.07-2-2.jpeg 1280w\" sizes=\"(max-width: 1024px) 100vw, 1024px\" \/><\/figure><\/li><\/ul>\n","protected":false},"excerpt":{"rendered":"<p>El d\u00eda martes 3 de septiembre de 2019, se dio inicio por segunda vez a las practicas profesionales, formato pasantias a los alumnos del 6\u00b0 a\u00f1o de la Escuela Eugenio Izsaky. Un trayecto fundamental para fortalecer los conocimientos de la formaci\u00f3n t\u00e9cnico profesional en el Observatorio Pierre Auger. Durante tres meses estuvieron siendo parte de [&hellip;]<\/p>\n","protected":false},"author":7,"featured_media":3496,"comment_status":"closed","ping_status":"open","sticky":false,"template":"","format":"standard","meta":{"_jetpack_memberships_contains_paid_content":false,"footnotes":""},"categories":[10,1],"tags":[],"class_list":["post-3471","post","type-post","status-publish","format-standard","has-post-thumbnail","hentry","category-novedades","category-uncategorized"],"jetpack_featured_media_url":"https:\/\/visitantes.auger.org.ar\/wp-content\/uploads\/2019\/12\/WhatsApp-Image-2019-12-17-at-15.33.07.jpeg","jetpack_sharing_enabled":true,"rttpg_featured_image_url":{"full":["https:\/\/visitantes.auger.org.ar\/wp-content\/uploads\/2019\/12\/WhatsApp-Image-2019-12-17-at-15.33.07.jpeg",1280,960,false],"landscape":["https:\/\/visitantes.auger.org.ar\/wp-content\/uploads\/2019\/12\/WhatsApp-Image-2019-12-17-at-15.33.07.jpeg",1280,960,false],"portraits":["https:\/\/visitantes.auger.org.ar\/wp-content\/uploads\/2019\/12\/WhatsApp-Image-2019-12-17-at-15.33.07.jpeg",1280,960,false],"thumbnail":["https:\/\/visitantes.auger.org.ar\/wp-content\/uploads\/2019\/12\/WhatsApp-Image-2019-12-17-at-15.33.07-250x250.jpeg",250,250,true],"medium":["https:\/\/visitantes.auger.org.ar\/wp-content\/uploads\/2019\/12\/WhatsApp-Image-2019-12-17-at-15.33.07-300x225.jpeg",300,225,true],"large":["https:\/\/visitantes.auger.org.ar\/wp-content\/uploads\/2019\/12\/WhatsApp-Image-2019-12-17-at-15.33.07-1024x768.jpeg",800,600,true],"1536x1536":["https:\/\/visitantes.auger.org.ar\/wp-content\/uploads\/2019\/12\/WhatsApp-Image-2019-12-17-at-15.33.07.jpeg",1280,960,false],"2048x2048":["https:\/\/visitantes.auger.org.ar\/wp-content\/uploads\/2019\/12\/WhatsApp-Image-2019-12-17-at-15.33.07.jpeg",1280,960,false]},"rttpg_author":{"display_name":"Admin WP","author_link":"https:\/\/visitantes.auger.org.ar\/index.php\/author\/adminuserwp\/"},"rttpg_comment":0,"rttpg_category":"<a href=\"https:\/\/visitantes.auger.org.ar\/index.php\/category\/auger\/novedades\/\" rel=\"category tag\">Novedades<\/a> <a href=\"https:\/\/visitantes.auger.org.ar\/index.php\/category\/uncategorized\/\" rel=\"category tag\">Uncategorized<\/a>","rttpg_excerpt":"El d\u00eda martes 3 de septiembre de 2019, se dio inicio por segunda vez a las practicas profesionales, formato pasantias a los alumnos del 6\u00b0 a\u00f1o de la Escuela Eugenio Izsaky. Un trayecto fundamental para fortalecer los conocimientos de la formaci\u00f3n t\u00e9cnico profesional en el Observatorio Pierre Auger. Durante tres meses estuvieron siendo parte de&hellip;","_links":{"self":[{"href":"https:\/\/visitantes.auger.org.ar\/index.php\/wp-json\/wp\/v2\/posts\/3471","targetHints":{"allow":["GET"]}}],"collection":[{"href":"https:\/\/visitantes.auger.org.ar\/index.php\/wp-json\/wp\/v2\/posts"}],"about":[{"href":"https:\/\/visitantes.auger.org.ar\/index.php\/wp-json\/wp\/v2\/types\/post"}],"author":[{"embeddable":true,"href":"https:\/\/visitantes.auger.org.ar\/index.php\/wp-json\/wp\/v2\/users\/7"}],"replies":[{"embeddable":true,"href":"https:\/\/visitantes.auger.org.ar\/index.php\/wp-json\/wp\/v2\/comments?post=3471"}],"version-history":[{"count":2,"href":"https:\/\/visitantes.auger.org.ar\/index.php\/wp-json\/wp\/v2\/posts\/3471\/revisions"}],"predecessor-version":[{"id":3511,"href":"https:\/\/visitantes.auger.org.ar\/index.php\/wp-json\/wp\/v2\/posts\/3471\/revisions\/3511"}],"wp:featuredmedia":[{"embeddable":true,"href":"https:\/\/visitantes.auger.org.ar\/index.php\/wp-json\/wp\/v2\/media\/3496"}],"wp:attachment":[{"href":"https:\/\/visitantes.auger.org.ar\/index.php\/wp-json\/wp\/v2\/media?parent=3471"}],"wp:term":[{"taxonomy":"category","embeddable":true,"href":"https:\/\/visitantes.auger.org.ar\/index.php\/wp-json\/wp\/v2\/categories?post=3471"},{"taxonomy":"post_tag","embeddable":true,"href":"https:\/\/visitantes.auger.org.ar\/index.php\/wp-json\/wp\/v2\/tags?post=3471"}],"curies":[{"name":"wp","href":"https:\/\/api.w.org\/{rel}","templated":true}]}}