{"id":3690,"date":"2021-02-11T15:57:51","date_gmt":"2021-02-11T15:57:51","guid":{"rendered":"https:\/\/visitantes.auger.org.ar\/?p=3690"},"modified":"2021-02-12T13:48:23","modified_gmt":"2021-02-12T13:48:23","slug":"international-day-of-women-and-girls-in-science-dia-internacional-de-la-mujer-y-la-nina-en-la-ciencia","status":"publish","type":"post","link":"https:\/\/visitantes.auger.org.ar\/index.php\/international-day-of-women-and-girls-in-science-dia-internacional-de-la-mujer-y-la-nina-en-la-ciencia\/","title":{"rendered":"International Day of Women and Girls in Science \/ D\u00eda Internacional de la Mujer y la Ni\u00f1a en la Ciencia"},"content":{"rendered":"\n<p>En diciembre de 2015, la Asamblea General de las Naciones Unidas estableci\u00f3 al 11 de febrero como el D\u00eda Internacional de la Mujer y la Ni\u00f1a en la Ciencia. El patrocinio de m\u00e1s de 65 pa\u00edses y la aprobaci\u00f3n de todos los Miembros de los Estados a la resoluci\u00f3n, indican el inter\u00e9s de la comunidad mundial en transformar nuestro mundo mediante el logro de la paridad de g\u00e9nero en las oportunidades educativas y en la participaci\u00f3n en la ciencia <\/p>\n\n\n\n<p>En este contexto, nos gustar\u00eda llamar su atenci\u00f3n sobre la exposici\u00f3n en l\u00ednea &#8220;<a href=\"https:\/\/izi.travel\/en\/c824-las-mujeres-sostienen-la-mitad-del-cielo\/es\">Las Mujeres sostienen la mitad del cielo<\/a>&#8221; (Versi\u00f3n en espa\u00f1ol), &#8220;<a href=\"https:\/\/izi.travel\/es\/c824-women-hold-up-half-the-sky\/en\">Women hold up half the Sky<\/a>&#8221; (Versi\u00f3n en ingl\u00e9s), y tambi\u00e9n la versi\u00f3n mejorada en franc\u00e9s &#8220;<a href=\"https:\/\/izi.travel\/en\/c824-les-femmes-supportent-la-moitie-du-ciel\/fr\">Les femmes supportent la moiti\u00e9 du ciel<\/a>&#8220;.<\/p>\n\n\n\n<p>Nosotras, las mujeres de la Colaboraci\u00f3n Pierre Auger, queremos animar a las mujeres y ni\u00f1as que deseen estudiar y trabajar en Ciencias, compartiendo con ellas nuestras experiencias: <\/p>\n\n\n\n<p><a href=\"https:\/\/www.auger.org\/index.php\/edu-outreach\/women-in-science\">https:\/\/www.auger.org\/index.php\/edu-outreach\/women-in-science<\/a><\/p>\n\n\n\n<figure class=\"wp-block-embed-youtube wp-block-embed is-type-video is-provider-youtube wp-embed-aspect-16-9 wp-has-aspect-ratio\"><div class=\"wp-block-embed__wrapper\">\n<iframe title=\"Women in Science \u2013 Pierre Auger Observatory\" width=\"800\" height=\"450\" src=\"https:\/\/www.youtube.com\/embed\/e69ccX5RwOY?feature=oembed\" frameborder=\"0\" allow=\"accelerometer; autoplay; clipboard-write; encrypted-media; gyroscope; picture-in-picture; web-share\" allowfullscreen><\/iframe>\n<\/div><\/figure>\n\n\n\n<figure class=\"wp-block-embed\"><div class=\"wp-block-embed__wrapper\">\nhttps:\/\/www.auger.org\/index.php\/edu-outreach\/women-in-science\n<\/div><\/figure>\n","protected":false},"excerpt":{"rendered":"<p>En diciembre de 2015, la Asamblea General de las Naciones Unidas estableci\u00f3 al 11 de febrero como el D\u00eda Internacional de la Mujer y la Ni\u00f1a en la Ciencia. El patrocinio de m\u00e1s de 65 pa\u00edses y la aprobaci\u00f3n de todos los Miembros de los Estados a la resoluci\u00f3n, indican el inter\u00e9s de la comunidad [&hellip;]<\/p>\n","protected":false},"author":4,"featured_media":3696,"comment_status":"closed","ping_status":"open","sticky":false,"template":"","format":"standard","meta":{"_jetpack_memberships_contains_paid_content":false,"footnotes":""},"categories":[10,1],"tags":[],"class_list":["post-3690","post","type-post","status-publish","format-standard","has-post-thumbnail","hentry","category-novedades","category-uncategorized"],"jetpack_featured_media_url":"https:\/\/visitantes.auger.org.ar\/wp-content\/uploads\/2021\/02\/2021-02_intl-day-women-in-science_b-Small.jpg","jetpack_sharing_enabled":true,"rttpg_featured_image_url":{"full":["https:\/\/visitantes.auger.org.ar\/wp-content\/uploads\/2021\/02\/2021-02_intl-day-women-in-science_b-Small.jpg",854,342,false],"landscape":["https:\/\/visitantes.auger.org.ar\/wp-content\/uploads\/2021\/02\/2021-02_intl-day-women-in-science_b-Small.jpg",854,342,false],"portraits":["https:\/\/visitantes.auger.org.ar\/wp-content\/uploads\/2021\/02\/2021-02_intl-day-women-in-science_b-Small.jpg",854,342,false],"thumbnail":["https:\/\/visitantes.auger.org.ar\/wp-content\/uploads\/2021\/02\/2021-02_intl-day-women-in-science_b-Small-250x250.jpg",250,250,true],"medium":["https:\/\/visitantes.auger.org.ar\/wp-content\/uploads\/2021\/02\/2021-02_intl-day-women-in-science_b-Small-300x120.jpg",300,120,true],"large":["https:\/\/visitantes.auger.org.ar\/wp-content\/uploads\/2021\/02\/2021-02_intl-day-women-in-science_b-Small.jpg",800,320,false],"1536x1536":["https:\/\/visitantes.auger.org.ar\/wp-content\/uploads\/2021\/02\/2021-02_intl-day-women-in-science_b-Small.jpg",854,342,false],"2048x2048":["https:\/\/visitantes.auger.org.ar\/wp-content\/uploads\/2021\/02\/2021-02_intl-day-women-in-science_b-Small.jpg",854,342,false]},"rttpg_author":{"display_name":"Jesica Velazquez","author_link":"https:\/\/visitantes.auger.org.ar\/index.php\/author\/jesicauser\/"},"rttpg_comment":0,"rttpg_category":"<a href=\"https:\/\/visitantes.auger.org.ar\/index.php\/category\/auger\/novedades\/\" rel=\"category tag\">Novedades<\/a> <a href=\"https:\/\/visitantes.auger.org.ar\/index.php\/category\/uncategorized\/\" rel=\"category tag\">Uncategorized<\/a>","rttpg_excerpt":"En diciembre de 2015, la Asamblea General de las Naciones Unidas estableci\u00f3 al 11 de febrero como el D\u00eda Internacional de la Mujer y la Ni\u00f1a en la Ciencia. El patrocinio de m\u00e1s de 65 pa\u00edses y la aprobaci\u00f3n de todos los Miembros de los Estados a la resoluci\u00f3n, indican el inter\u00e9s de la comunidad&hellip;","_links":{"self":[{"href":"https:\/\/visitantes.auger.org.ar\/index.php\/wp-json\/wp\/v2\/posts\/3690","targetHints":{"allow":["GET"]}}],"collection":[{"href":"https:\/\/visitantes.auger.org.ar\/index.php\/wp-json\/wp\/v2\/posts"}],"about":[{"href":"https:\/\/visitantes.auger.org.ar\/index.php\/wp-json\/wp\/v2\/types\/post"}],"author":[{"embeddable":true,"href":"https:\/\/visitantes.auger.org.ar\/index.php\/wp-json\/wp\/v2\/users\/4"}],"replies":[{"embeddable":true,"href":"https:\/\/visitantes.auger.org.ar\/index.php\/wp-json\/wp\/v2\/comments?post=3690"}],"version-history":[{"count":5,"href":"https:\/\/visitantes.auger.org.ar\/index.php\/wp-json\/wp\/v2\/posts\/3690\/revisions"}],"predecessor-version":[{"id":3768,"href":"https:\/\/visitantes.auger.org.ar\/index.php\/wp-json\/wp\/v2\/posts\/3690\/revisions\/3768"}],"wp:featuredmedia":[{"embeddable":true,"href":"https:\/\/visitantes.auger.org.ar\/index.php\/wp-json\/wp\/v2\/media\/3696"}],"wp:attachment":[{"href":"https:\/\/visitantes.auger.org.ar\/index.php\/wp-json\/wp\/v2\/media?parent=3690"}],"wp:term":[{"taxonomy":"category","embeddable":true,"href":"https:\/\/visitantes.auger.org.ar\/index.php\/wp-json\/wp\/v2\/categories?post=3690"},{"taxonomy":"post_tag","embeddable":true,"href":"https:\/\/visitantes.auger.org.ar\/index.php\/wp-json\/wp\/v2\/tags?post=3690"}],"curies":[{"name":"wp","href":"https:\/\/api.w.org\/{rel}","templated":true}]}}