{"id":3705,"date":"2021-02-25T14:52:56","date_gmt":"2021-02-25T14:52:56","guid":{"rendered":"https:\/\/visitantes.auger.org.ar\/?p=3705"},"modified":"2021-02-25T14:54:06","modified_gmt":"2021-02-25T14:54:06","slug":"el-observatorio-pierre-auger-publica-datos-sobre-los-rayos-cosmicos-para-su-uso-en-ciencia-y-educacion","status":"publish","type":"post","link":"https:\/\/visitantes.auger.org.ar\/index.php\/el-observatorio-pierre-auger-publica-datos-sobre-los-rayos-cosmicos-para-su-uso-en-ciencia-y-educacion\/","title":{"rendered":"El Observatorio Pierre Auger publica datos sobre los rayos c\u00f3smicos para su uso en ciencia y educaci\u00f3n"},"content":{"rendered":"\n<p style=\"text-align:left\"> El Observatorio Pierre Auger pone a disposici\u00f3n el 10% de los datos registrados por el mayor detector de rayos c\u00f3smicos del mundo. Los mismos podr\u00e1n ser utilizados con fines educativos por profesionales y cient\u00edficos. <\/p>\n\n\n\n<p>Ver m\u00e1s en la siguiente nota:<\/p>\n\n\n\n<p><a href=\"https:\/\/www.argentina.gob.ar\/noticias\/el-observatorio-pierre-auger-publica-datos-sobre-los-rayos-cosmicos-para-su-uso-en-ciencia\">https:\/\/www.argentina.gob.ar\/noticias\/el-observatorio-pierre-auger-publica-datos-sobre-los-rayos-cosmicos-para-su-uso-en-ciencia<\/a><\/p>\n","protected":false},"excerpt":{"rendered":"<p>El Observatorio Pierre Auger pone a disposici\u00f3n el 10% de los datos registrados por el mayor detector de rayos c\u00f3smicos del mundo. Los mismos podr\u00e1n ser utilizados con fines educativos por profesionales y cient\u00edficos. Ver m\u00e1s en la siguiente nota: https:\/\/www.argentina.gob.ar\/noticias\/el-observatorio-pierre-auger-publica-datos-sobre-los-rayos-cosmicos-para-su-uso-en-ciencia<\/p>\n","protected":false},"author":7,"featured_media":3707,"comment_status":"closed","ping_status":"open","sticky":false,"template":"","format":"standard","meta":{"_jetpack_memberships_contains_paid_content":false,"footnotes":""},"categories":[10,1],"tags":[],"class_list":["post-3705","post","type-post","status-publish","format-standard","has-post-thumbnail","hentry","category-novedades","category-uncategorized"],"jetpack_featured_media_url":"https:\/\/visitantes.auger.org.ar\/wp-content\/uploads\/2021\/02\/Los_Morados-Small.jpg","jetpack_sharing_enabled":true,"rttpg_featured_image_url":{"full":["https:\/\/visitantes.auger.org.ar\/wp-content\/uploads\/2021\/02\/Los_Morados-Small.jpg",854,381,false],"landscape":["https:\/\/visitantes.auger.org.ar\/wp-content\/uploads\/2021\/02\/Los_Morados-Small.jpg",854,381,false],"portraits":["https:\/\/visitantes.auger.org.ar\/wp-content\/uploads\/2021\/02\/Los_Morados-Small.jpg",854,381,false],"thumbnail":["https:\/\/visitantes.auger.org.ar\/wp-content\/uploads\/2021\/02\/Los_Morados-Small-250x250.jpg",250,250,true],"medium":["https:\/\/visitantes.auger.org.ar\/wp-content\/uploads\/2021\/02\/Los_Morados-Small-300x134.jpg",300,134,true],"large":["https:\/\/visitantes.auger.org.ar\/wp-content\/uploads\/2021\/02\/Los_Morados-Small.jpg",800,357,false],"1536x1536":["https:\/\/visitantes.auger.org.ar\/wp-content\/uploads\/2021\/02\/Los_Morados-Small.jpg",854,381,false],"2048x2048":["https:\/\/visitantes.auger.org.ar\/wp-content\/uploads\/2021\/02\/Los_Morados-Small.jpg",854,381,false]},"rttpg_author":{"display_name":"Admin WP","author_link":"https:\/\/visitantes.auger.org.ar\/index.php\/author\/adminuserwp\/"},"rttpg_comment":0,"rttpg_category":"<a href=\"https:\/\/visitantes.auger.org.ar\/index.php\/category\/auger\/novedades\/\" rel=\"category tag\">Novedades<\/a> <a href=\"https:\/\/visitantes.auger.org.ar\/index.php\/category\/uncategorized\/\" rel=\"category tag\">Uncategorized<\/a>","rttpg_excerpt":"El Observatorio Pierre Auger pone a disposici\u00f3n el 10% de los datos registrados por el mayor detector de rayos c\u00f3smicos del mundo. Los mismos podr\u00e1n ser utilizados con fines educativos por profesionales y cient\u00edficos. Ver m\u00e1s en la siguiente nota: https:\/\/www.argentina.gob.ar\/noticias\/el-observatorio-pierre-auger-publica-datos-sobre-los-rayos-cosmicos-para-su-uso-en-ciencia","_links":{"self":[{"href":"https:\/\/visitantes.auger.org.ar\/index.php\/wp-json\/wp\/v2\/posts\/3705","targetHints":{"allow":["GET"]}}],"collection":[{"href":"https:\/\/visitantes.auger.org.ar\/index.php\/wp-json\/wp\/v2\/posts"}],"about":[{"href":"https:\/\/visitantes.auger.org.ar\/index.php\/wp-json\/wp\/v2\/types\/post"}],"author":[{"embeddable":true,"href":"https:\/\/visitantes.auger.org.ar\/index.php\/wp-json\/wp\/v2\/users\/7"}],"replies":[{"embeddable":true,"href":"https:\/\/visitantes.auger.org.ar\/index.php\/wp-json\/wp\/v2\/comments?post=3705"}],"version-history":[{"count":2,"href":"https:\/\/visitantes.auger.org.ar\/index.php\/wp-json\/wp\/v2\/posts\/3705\/revisions"}],"predecessor-version":[{"id":3708,"href":"https:\/\/visitantes.auger.org.ar\/index.php\/wp-json\/wp\/v2\/posts\/3705\/revisions\/3708"}],"wp:featuredmedia":[{"embeddable":true,"href":"https:\/\/visitantes.auger.org.ar\/index.php\/wp-json\/wp\/v2\/media\/3707"}],"wp:attachment":[{"href":"https:\/\/visitantes.auger.org.ar\/index.php\/wp-json\/wp\/v2\/media?parent=3705"}],"wp:term":[{"taxonomy":"category","embeddable":true,"href":"https:\/\/visitantes.auger.org.ar\/index.php\/wp-json\/wp\/v2\/categories?post=3705"},{"taxonomy":"post_tag","embeddable":true,"href":"https:\/\/visitantes.auger.org.ar\/index.php\/wp-json\/wp\/v2\/tags?post=3705"}],"curies":[{"name":"wp","href":"https:\/\/api.w.org\/{rel}","templated":true}]}}