{"id":3946,"date":"2022-06-23T15:42:34","date_gmt":"2022-06-23T15:42:34","guid":{"rendered":"https:\/\/visitantes.auger.org.ar\/?p=3946"},"modified":"2022-12-07T13:22:42","modified_gmt":"2022-12-07T13:22:42","slug":"feria-de-ciencias-2022","status":"publish","type":"post","link":"https:\/\/visitantes.auger.org.ar\/index.php\/feria-de-ciencias-2022\/","title":{"rendered":"Feria de Ciencias 2022"},"content":{"rendered":"\n<p class=\"has-text-align-center\"><strong>El <a href=\"http:\/\/www.auger.org\">Observatorio Pierre Auger <\/a>abre la convocatoria a la edici\u00f3n 2022 de su<\/strong> <strong>Feria de Ciencias<\/strong><\/p>\n\n\n\n<p class=\"has-text-align-center\"><em>Destinada a estudiantes de todo el pa\u00eds, la Feria de Ciencias 2022 del <a href=\"http:\/\/www.auger.org\">Observatorio Pierre Auger <\/a>de rayos c\u00f3smicos de ultra elevada energ\u00eda,&nbsp; ubicado en Malarg\u00fce \u2013 Mendoza, se realizar\u00e1 los d\u00edas 16 y 17 de noviembre de 2022, en una edici\u00f3n especial con ejes tem\u00e1ticos relacionados con el<\/em><br><em><a href=\"https:\/\/www.iybssd2022.org\/es\/inicio\/\">A\u00f1o Internacional de las Ciencias B\u00e1sicas para el Desarrollo Sostenible.<\/a><\/em><\/p>\n\n\n\n<div class=\"wp-block-image\"><figure class=\"aligncenter size-large is-resized\"><img fetchpriority=\"high\" decoding=\"async\" src=\"https:\/\/visitantes.auger.org.ar\/wp-content\/uploads\/2022\/06\/afiche-Feria-de-ciencias2022-Vfinal_para-difundir2-724x1024.jpg\" alt=\"\" class=\"wp-image-3941\" width=\"362\" height=\"512\" srcset=\"https:\/\/visitantes.auger.org.ar\/wp-content\/uploads\/2022\/06\/afiche-Feria-de-ciencias2022-Vfinal_para-difundir2-724x1024.jpg 724w, https:\/\/visitantes.auger.org.ar\/wp-content\/uploads\/2022\/06\/afiche-Feria-de-ciencias2022-Vfinal_para-difundir2-212x300.jpg 212w, https:\/\/visitantes.auger.org.ar\/wp-content\/uploads\/2022\/06\/afiche-Feria-de-ciencias2022-Vfinal_para-difundir2-768x1086.jpg 768w, https:\/\/visitantes.auger.org.ar\/wp-content\/uploads\/2022\/06\/afiche-Feria-de-ciencias2022-Vfinal_para-difundir2-1086x1536.jpg 1086w, https:\/\/visitantes.auger.org.ar\/wp-content\/uploads\/2022\/06\/afiche-Feria-de-ciencias2022-Vfinal_para-difundir2-1448x2048.jpg 1448w, https:\/\/visitantes.auger.org.ar\/wp-content\/uploads\/2022\/06\/afiche-Feria-de-ciencias2022-Vfinal_para-difundir2-103x146.jpg 103w, https:\/\/visitantes.auger.org.ar\/wp-content\/uploads\/2022\/06\/afiche-Feria-de-ciencias2022-Vfinal_para-difundir2-35x50.jpg 35w, https:\/\/visitantes.auger.org.ar\/wp-content\/uploads\/2022\/06\/afiche-Feria-de-ciencias2022-Vfinal_para-difundir2-53x75.jpg 53w, https:\/\/visitantes.auger.org.ar\/wp-content\/uploads\/2022\/06\/afiche-Feria-de-ciencias2022-Vfinal_para-difundir2-scaled.jpg 1131w\" sizes=\"(max-width: 362px) 100vw, 362px\" \/><\/figure><\/div>\n\n\n\n<p>No s\u00f3lo podr\u00e1n exponer sus trabajos desarrollados junto con sus compa\u00f1eros bajo la gu\u00eda de sus docentes, sino que tambi\u00e9n los compartir\u00e1n en un \u00e1mbito donde ser\u00e1n orientados y orientadas sobre el m\u00e9todo cient\u00edfico, alentando el intercambio entres expositores&nbsp;e investigadores del Observatorio.<\/p>\n\n\n\n<p><strong>M\u00e1s informaci\u00f3n <a href=\"https:\/\/visitantes.auger.org.ar\/index.php\/feria-de-ciencias-auger-2022\/\">AQUI<\/a><\/strong><\/p>\n","protected":false},"excerpt":{"rendered":"<p>El Observatorio Pierre Auger abre la convocatoria a la edici\u00f3n 2022 de su Feria de Ciencias Destinada a estudiantes de todo el pa\u00eds, la Feria de Ciencias 2022 del Observatorio Pierre Auger de rayos c\u00f3smicos de ultra elevada energ\u00eda,&nbsp; ubicado en Malarg\u00fce \u2013 Mendoza, se realizar\u00e1 los d\u00edas 16 y 17 de noviembre de 2022, [&hellip;]<\/p>\n","protected":false},"author":6,"featured_media":3953,"comment_status":"closed","ping_status":"open","sticky":false,"template":"","format":"standard","meta":{"_jetpack_memberships_contains_paid_content":false,"footnotes":""},"categories":[5,10],"tags":[],"class_list":["post-3946","post","type-post","status-publish","format-standard","has-post-thumbnail","hentry","category-auger","category-novedades"],"jetpack_featured_media_url":"https:\/\/visitantes.auger.org.ar\/wp-content\/uploads\/2022\/06\/LOGO-FC_instagram-e1670418780101.jpg","jetpack_sharing_enabled":true,"rttpg_featured_image_url":{"full":["https:\/\/visitantes.auger.org.ar\/wp-content\/uploads\/2022\/06\/LOGO-FC_instagram-e1670418780101.jpg",800,800,false],"landscape":["https:\/\/visitantes.auger.org.ar\/wp-content\/uploads\/2022\/06\/LOGO-FC_instagram-e1670418780101.jpg",800,800,false],"portraits":["https:\/\/visitantes.auger.org.ar\/wp-content\/uploads\/2022\/06\/LOGO-FC_instagram-e1670418780101.jpg",800,800,false],"thumbnail":["https:\/\/visitantes.auger.org.ar\/wp-content\/uploads\/2022\/06\/LOGO-FC_instagram-250x250.jpg",250,250,true],"medium":["https:\/\/visitantes.auger.org.ar\/wp-content\/uploads\/2022\/06\/LOGO-FC_instagram-300x300.jpg",300,300,true],"large":["https:\/\/visitantes.auger.org.ar\/wp-content\/uploads\/2022\/06\/LOGO-FC_instagram-1024x1024.jpg",800,800,true],"1536x1536":["https:\/\/visitantes.auger.org.ar\/wp-content\/uploads\/2022\/06\/LOGO-FC_instagram-1536x1536.jpg",1536,1536,true],"2048x2048":["https:\/\/visitantes.auger.org.ar\/wp-content\/uploads\/2022\/06\/LOGO-FC_instagram-2048x2048.jpg",2048,2048,true]},"rttpg_author":{"display_name":"Beatriz Garcia","author_link":"https:\/\/visitantes.auger.org.ar\/index.php\/author\/beatriz\/"},"rttpg_comment":0,"rttpg_category":"<a href=\"https:\/\/visitantes.auger.org.ar\/index.php\/category\/auger\/\" rel=\"category tag\">Auger<\/a> <a href=\"https:\/\/visitantes.auger.org.ar\/index.php\/category\/auger\/novedades\/\" rel=\"category tag\">Novedades<\/a>","rttpg_excerpt":"El Observatorio Pierre Auger abre la convocatoria a la edici\u00f3n 2022 de su Feria de Ciencias Destinada a estudiantes de todo el pa\u00eds, la Feria de Ciencias 2022 del Observatorio Pierre Auger de rayos c\u00f3smicos de ultra elevada energ\u00eda,&nbsp; ubicado en Malarg\u00fce \u2013 Mendoza, se realizar\u00e1 los d\u00edas 16 y 17 de noviembre de 2022,&hellip;","_links":{"self":[{"href":"https:\/\/visitantes.auger.org.ar\/index.php\/wp-json\/wp\/v2\/posts\/3946","targetHints":{"allow":["GET"]}}],"collection":[{"href":"https:\/\/visitantes.auger.org.ar\/index.php\/wp-json\/wp\/v2\/posts"}],"about":[{"href":"https:\/\/visitantes.auger.org.ar\/index.php\/wp-json\/wp\/v2\/types\/post"}],"author":[{"embeddable":true,"href":"https:\/\/visitantes.auger.org.ar\/index.php\/wp-json\/wp\/v2\/users\/6"}],"replies":[{"embeddable":true,"href":"https:\/\/visitantes.auger.org.ar\/index.php\/wp-json\/wp\/v2\/comments?post=3946"}],"version-history":[{"count":5,"href":"https:\/\/visitantes.auger.org.ar\/index.php\/wp-json\/wp\/v2\/posts\/3946\/revisions"}],"predecessor-version":[{"id":3991,"href":"https:\/\/visitantes.auger.org.ar\/index.php\/wp-json\/wp\/v2\/posts\/3946\/revisions\/3991"}],"wp:featuredmedia":[{"embeddable":true,"href":"https:\/\/visitantes.auger.org.ar\/index.php\/wp-json\/wp\/v2\/media\/3953"}],"wp:attachment":[{"href":"https:\/\/visitantes.auger.org.ar\/index.php\/wp-json\/wp\/v2\/media?parent=3946"}],"wp:term":[{"taxonomy":"category","embeddable":true,"href":"https:\/\/visitantes.auger.org.ar\/index.php\/wp-json\/wp\/v2\/categories?post=3946"},{"taxonomy":"post_tag","embeddable":true,"href":"https:\/\/visitantes.auger.org.ar\/index.php\/wp-json\/wp\/v2\/tags?post=3946"}],"curies":[{"name":"wp","href":"https:\/\/api.w.org\/{rel}","templated":true}]}}