{"id":4407,"date":"2022-12-27T15:14:01","date_gmt":"2022-12-27T15:14:01","guid":{"rendered":"https:\/\/visitantes.auger.org.ar\/?p=4407"},"modified":"2023-01-02T22:41:43","modified_gmt":"2023-01-02T22:41:43","slug":"cierre-del-ano-2022-y-reunion-de-la-colaboracion","status":"publish","type":"post","link":"https:\/\/visitantes.auger.org.ar\/index.php\/cierre-del-ano-2022-y-reunion-de-la-colaboracion\/","title":{"rendered":"Cierre del a\u00f1o 2022 y reuni\u00f3n de la colaboraci\u00f3n"},"content":{"rendered":"\n<p>El a\u00f1o 2022 ha tra\u00eddo cambios excepcionales al mundo a escala global. La Colaboraci\u00f3n ha hecho la transici\u00f3n de reuniones totalmente remotas\/en l\u00ednea a reuniones presenciales. Si bien la reuni\u00f3n de marzo en Malarg\u00fce fue un evento realizado principalmente en l\u00ednea, la dedicada a an\u00e1lisis de datos en Wuppertal y la <strong>reuni\u00f3n de noviembre en Malarg\u00fce <\/strong>fueron eventos presenciales con una gran asistencia. Disfrutamos de las interacciones directas en estas reuniones y nos dimos cuenta nuevamente de lo importante que es poder estar juntos. Esta es tambi\u00e9n la raz\u00f3n por la que la reuni\u00f3n de marzo de 2023 volver\u00e1 a ser una reuni\u00f3n presencial.<\/p>\n","protected":false},"excerpt":{"rendered":"<p>El a\u00f1o 2022 ha tra\u00eddo cambios excepcionales al mundo a escala global. La Colaboraci\u00f3n ha hecho la transici\u00f3n de reuniones totalmente remotas\/en l\u00ednea a reuniones presenciales. Si bien la reuni\u00f3n de marzo en Malarg\u00fce fue un evento realizado principalmente en l\u00ednea, la dedicada a an\u00e1lisis de datos en Wuppertal y la reuni\u00f3n de noviembre en [&hellip;]<\/p>\n","protected":false},"author":6,"featured_media":4400,"comment_status":"closed","ping_status":"open","sticky":false,"template":"","format":"standard","meta":{"_jetpack_memberships_contains_paid_content":false,"footnotes":""},"categories":[5,10],"tags":[],"class_list":["post-4407","post","type-post","status-publish","format-standard","has-post-thumbnail","hentry","category-auger","category-novedades"],"jetpack_featured_media_url":"https:\/\/visitantes.auger.org.ar\/wp-content\/uploads\/2022\/12\/Coll2022-Nov.jpg","jetpack_sharing_enabled":true,"rttpg_featured_image_url":{"full":["https:\/\/visitantes.auger.org.ar\/wp-content\/uploads\/2022\/12\/Coll2022-Nov.jpg",1280,705,false],"landscape":["https:\/\/visitantes.auger.org.ar\/wp-content\/uploads\/2022\/12\/Coll2022-Nov.jpg",1280,705,false],"portraits":["https:\/\/visitantes.auger.org.ar\/wp-content\/uploads\/2022\/12\/Coll2022-Nov.jpg",1280,705,false],"thumbnail":["https:\/\/visitantes.auger.org.ar\/wp-content\/uploads\/2022\/12\/Coll2022-Nov-250x250.jpg",250,250,true],"medium":["https:\/\/visitantes.auger.org.ar\/wp-content\/uploads\/2022\/12\/Coll2022-Nov-300x165.jpg",300,165,true],"large":["https:\/\/visitantes.auger.org.ar\/wp-content\/uploads\/2022\/12\/Coll2022-Nov-1024x564.jpg",800,441,true],"1536x1536":["https:\/\/visitantes.auger.org.ar\/wp-content\/uploads\/2022\/12\/Coll2022-Nov.jpg",1280,705,false],"2048x2048":["https:\/\/visitantes.auger.org.ar\/wp-content\/uploads\/2022\/12\/Coll2022-Nov.jpg",1280,705,false]},"rttpg_author":{"display_name":"Beatriz Garcia","author_link":"https:\/\/visitantes.auger.org.ar\/index.php\/author\/beatriz\/"},"rttpg_comment":0,"rttpg_category":"<a href=\"https:\/\/visitantes.auger.org.ar\/index.php\/category\/auger\/\" rel=\"category tag\">Auger<\/a> <a href=\"https:\/\/visitantes.auger.org.ar\/index.php\/category\/auger\/novedades\/\" rel=\"category tag\">Novedades<\/a>","rttpg_excerpt":"El a\u00f1o 2022 ha tra\u00eddo cambios excepcionales al mundo a escala global. La Colaboraci\u00f3n ha hecho la transici\u00f3n de reuniones totalmente remotas\/en l\u00ednea a reuniones presenciales. Si bien la reuni\u00f3n de marzo en Malarg\u00fce fue un evento realizado principalmente en l\u00ednea, la dedicada a an\u00e1lisis de datos en Wuppertal y la reuni\u00f3n de noviembre en&hellip;","_links":{"self":[{"href":"https:\/\/visitantes.auger.org.ar\/index.php\/wp-json\/wp\/v2\/posts\/4407","targetHints":{"allow":["GET"]}}],"collection":[{"href":"https:\/\/visitantes.auger.org.ar\/index.php\/wp-json\/wp\/v2\/posts"}],"about":[{"href":"https:\/\/visitantes.auger.org.ar\/index.php\/wp-json\/wp\/v2\/types\/post"}],"author":[{"embeddable":true,"href":"https:\/\/visitantes.auger.org.ar\/index.php\/wp-json\/wp\/v2\/users\/6"}],"replies":[{"embeddable":true,"href":"https:\/\/visitantes.auger.org.ar\/index.php\/wp-json\/wp\/v2\/comments?post=4407"}],"version-history":[{"count":2,"href":"https:\/\/visitantes.auger.org.ar\/index.php\/wp-json\/wp\/v2\/posts\/4407\/revisions"}],"predecessor-version":[{"id":4480,"href":"https:\/\/visitantes.auger.org.ar\/index.php\/wp-json\/wp\/v2\/posts\/4407\/revisions\/4480"}],"wp:featuredmedia":[{"embeddable":true,"href":"https:\/\/visitantes.auger.org.ar\/index.php\/wp-json\/wp\/v2\/media\/4400"}],"wp:attachment":[{"href":"https:\/\/visitantes.auger.org.ar\/index.php\/wp-json\/wp\/v2\/media?parent=4407"}],"wp:term":[{"taxonomy":"category","embeddable":true,"href":"https:\/\/visitantes.auger.org.ar\/index.php\/wp-json\/wp\/v2\/categories?post=4407"},{"taxonomy":"post_tag","embeddable":true,"href":"https:\/\/visitantes.auger.org.ar\/index.php\/wp-json\/wp\/v2\/tags?post=4407"}],"curies":[{"name":"wp","href":"https:\/\/api.w.org\/{rel}","templated":true}]}}