{"id":5,"date":"2009-06-11T06:11:38","date_gmt":"2009-06-11T06:11:38","guid":{"rendered":"http:\/\/web.auger.org.ar\/visitantes\/animus\/index.php\/2009\/06\/11\/planetario-malarguee\/"},"modified":"2009-06-11T06:11:38","modified_gmt":"2009-06-11T06:11:38","slug":"planetario-malarguee","status":"publish","type":"post","link":"https:\/\/visitantes.auger.org.ar\/index.php\/planetario-malarguee\/","title":{"rendered":"Planetario Malarg\u00fce"},"content":{"rendered":"<\/p>\n<p>El Planetario Malarg\u00fce, permite\u00a0 viajar libremente en el espacio y el tiempo, explorando las maravillas del Universo. Estudiantes, investigadores, cient\u00edficos y p\u00fablico en general, podr\u00e1n observar el cielo en forma completa, es decir los hemisferios sur y norte,\u00a0 disfrutar del movimiento de los objetos y fen\u00f3menos\u00a0 celestes, entre otras tantas actividades que se desarrollar\u00e1n en el Planetario,\u00a0 una experiencia inolvidable para el visitante.<\/p>\n<p>  <!--more-->  <\/p>\n<p>\u00a0<\/p>\n<p>El complejo est\u00e1 ubicado en un predio de una hect\u00e1rea y media de extensi\u00f3n, sobre Esquivel Aldao, entre Comandante Rodr\u00edguez y General Villegas. La obra, es un conjunto\u00a0 de cuatro edificios que cubren 1.600 metros cuadrados y est\u00e1n ordenados volum\u00e9tricamente\u00a0 en una matriz de dise\u00f1o de generaci\u00f3n radial. Los espacios exteriores componen peatonales con espacios verdes y secos, organizados para que los recorridos propicien encuentros y visitas de elementos particulares como relojes solares, fuentes y naturaleza circundante.<\/p>\n","protected":false},"excerpt":{"rendered":"<p>El Planetario Malarg\u00fce, permite\u00a0 viajar libremente en el espacio y el tiempo, explorando las maravillas del Universo. Estudiantes, investigadores, cient\u00edficos y p\u00fablico en general, podr\u00e1n observar el cielo en forma completa, es decir los hemisferios sur y norte,\u00a0 disfrutar del movimiento de los objetos y fen\u00f3menos\u00a0 celestes, entre otras tantas actividades que se desarrollar\u00e1n en [&hellip;]<\/p>\n","protected":false},"author":1,"featured_media":4,"comment_status":"open","ping_status":"open","sticky":false,"template":"","format":"standard","meta":{"_jetpack_memberships_contains_paid_content":false,"footnotes":""},"categories":[10],"tags":[],"class_list":["post-5","post","type-post","status-publish","format-standard","has-post-thumbnail","hentry","category-novedades"],"jetpack_featured_media_url":"https:\/\/visitantes.auger.org.ar\/wp-content\/uploads\/2009\/06\/planetario.jpg","jetpack_sharing_enabled":true,"rttpg_featured_image_url":{"full":["https:\/\/visitantes.auger.org.ar\/wp-content\/uploads\/2009\/06\/planetario.jpg",460,226,false],"landscape":["https:\/\/visitantes.auger.org.ar\/wp-content\/uploads\/2009\/06\/planetario.jpg",460,226,false],"portraits":["https:\/\/visitantes.auger.org.ar\/wp-content\/uploads\/2009\/06\/planetario.jpg",460,226,false],"thumbnail":["https:\/\/visitantes.auger.org.ar\/wp-content\/uploads\/2009\/06\/planetario-250x226.jpg",250,226,true],"medium":["https:\/\/visitantes.auger.org.ar\/wp-content\/uploads\/2009\/06\/planetario-300x147.jpg",300,147,true],"large":["https:\/\/visitantes.auger.org.ar\/wp-content\/uploads\/2009\/06\/planetario.jpg",460,226,false],"1536x1536":["https:\/\/visitantes.auger.org.ar\/wp-content\/uploads\/2009\/06\/planetario.jpg",460,226,false],"2048x2048":["https:\/\/visitantes.auger.org.ar\/wp-content\/uploads\/2009\/06\/planetario.jpg",460,226,false]},"rttpg_author":{"display_name":"PierreUser","author_link":"https:\/\/visitantes.auger.org.ar\/index.php\/author\/pierreuser\/"},"rttpg_comment":0,"rttpg_category":"<a href=\"https:\/\/visitantes.auger.org.ar\/index.php\/category\/auger\/novedades\/\" rel=\"category tag\">Novedades<\/a>","rttpg_excerpt":"El Planetario Malarg\u00fce, permite\u00a0 viajar libremente en el espacio y el tiempo, explorando las maravillas del Universo. Estudiantes, investigadores, cient\u00edficos y p\u00fablico en general, podr\u00e1n observar el cielo en forma completa, es decir los hemisferios sur y norte,\u00a0 disfrutar del movimiento de los objetos y fen\u00f3menos\u00a0 celestes, entre otras tantas actividades que se desarrollar\u00e1n en&hellip;","_links":{"self":[{"href":"https:\/\/visitantes.auger.org.ar\/index.php\/wp-json\/wp\/v2\/posts\/5","targetHints":{"allow":["GET"]}}],"collection":[{"href":"https:\/\/visitantes.auger.org.ar\/index.php\/wp-json\/wp\/v2\/posts"}],"about":[{"href":"https:\/\/visitantes.auger.org.ar\/index.php\/wp-json\/wp\/v2\/types\/post"}],"author":[{"embeddable":true,"href":"https:\/\/visitantes.auger.org.ar\/index.php\/wp-json\/wp\/v2\/users\/1"}],"replies":[{"embeddable":true,"href":"https:\/\/visitantes.auger.org.ar\/index.php\/wp-json\/wp\/v2\/comments?post=5"}],"version-history":[{"count":0,"href":"https:\/\/visitantes.auger.org.ar\/index.php\/wp-json\/wp\/v2\/posts\/5\/revisions"}],"wp:featuredmedia":[{"embeddable":true,"href":"https:\/\/visitantes.auger.org.ar\/index.php\/wp-json\/wp\/v2\/media\/4"}],"wp:attachment":[{"href":"https:\/\/visitantes.auger.org.ar\/index.php\/wp-json\/wp\/v2\/media?parent=5"}],"wp:term":[{"taxonomy":"category","embeddable":true,"href":"https:\/\/visitantes.auger.org.ar\/index.php\/wp-json\/wp\/v2\/categories?post=5"},{"taxonomy":"post_tag","embeddable":true,"href":"https:\/\/visitantes.auger.org.ar\/index.php\/wp-json\/wp\/v2\/tags?post=5"}],"curies":[{"name":"wp","href":"https:\/\/api.w.org\/{rel}","templated":true}]}}