{"id":5978,"date":"2023-11-11T21:05:09","date_gmt":"2023-11-11T21:05:09","guid":{"rendered":"https:\/\/visitantes.auger.org.ar\/?p=5978"},"modified":"2023-11-11T21:05:37","modified_gmt":"2023-11-11T21:05:37","slug":"revision-cientifica-de-augerprime","status":"publish","type":"post","link":"https:\/\/visitantes.auger.org.ar\/index.php\/revision-cientifica-de-augerprime\/","title":{"rendered":"Revisi\u00f3n cient\u00edfica de AugerPrime"},"content":{"rendered":"\n<p>Los d\u00edas 8 y 9 de noviembre se realiz\u00f3 en Malarg\u00fce la revisi\u00f3n cient\u00edfica de AugerPrime, para evaluar la extensi\u00f3n del tiempo de toma de datos del Observatorio Auger. La revisi\u00f3n incluy\u00f3 una visita a diferentes instalaciones del Observatorio. En la foto, el comit\u00e9 revisor, acompa\u00f1ado por los directores del Pierre Auger, en el detector de superficie conocido como \u201cRamiro\u201d.<\/p>\n","protected":false},"excerpt":{"rendered":"<p>Los d\u00edas 8 y 9 de noviembre se realiz\u00f3 en Malarg\u00fce la revisi\u00f3n cient\u00edfica de AugerPrime, para evaluar la extensi\u00f3n del tiempo de toma de datos del Observatorio Auger. La revisi\u00f3n incluy\u00f3 una visita a diferentes instalaciones del Observatorio. En la foto, el comit\u00e9 revisor, acompa\u00f1ado por los directores del Pierre Auger, en el detector [&hellip;]<\/p>\n","protected":false},"author":6,"featured_media":5981,"comment_status":"closed","ping_status":"open","sticky":false,"template":"","format":"standard","meta":{"_jetpack_memberships_contains_paid_content":false,"footnotes":""},"categories":[5],"tags":[],"class_list":["post-5978","post","type-post","status-publish","format-standard","has-post-thumbnail","hentry","category-auger"],"jetpack_featured_media_url":"https:\/\/visitantes.auger.org.ar\/wp-content\/uploads\/2023\/11\/WhatsApp-Image-2023-11-11-at-17.15.01.jpeg","jetpack_sharing_enabled":true,"rttpg_featured_image_url":{"full":["https:\/\/visitantes.auger.org.ar\/wp-content\/uploads\/2023\/11\/WhatsApp-Image-2023-11-11-at-17.15.01.jpeg",1280,960,false],"landscape":["https:\/\/visitantes.auger.org.ar\/wp-content\/uploads\/2023\/11\/WhatsApp-Image-2023-11-11-at-17.15.01.jpeg",1280,960,false],"portraits":["https:\/\/visitantes.auger.org.ar\/wp-content\/uploads\/2023\/11\/WhatsApp-Image-2023-11-11-at-17.15.01.jpeg",1280,960,false],"thumbnail":["https:\/\/visitantes.auger.org.ar\/wp-content\/uploads\/2023\/11\/WhatsApp-Image-2023-11-11-at-17.15.01-250x250.jpeg",250,250,true],"medium":["https:\/\/visitantes.auger.org.ar\/wp-content\/uploads\/2023\/11\/WhatsApp-Image-2023-11-11-at-17.15.01-300x225.jpeg",300,225,true],"large":["https:\/\/visitantes.auger.org.ar\/wp-content\/uploads\/2023\/11\/WhatsApp-Image-2023-11-11-at-17.15.01-1024x768.jpeg",800,600,true],"1536x1536":["https:\/\/visitantes.auger.org.ar\/wp-content\/uploads\/2023\/11\/WhatsApp-Image-2023-11-11-at-17.15.01.jpeg",1280,960,false],"2048x2048":["https:\/\/visitantes.auger.org.ar\/wp-content\/uploads\/2023\/11\/WhatsApp-Image-2023-11-11-at-17.15.01.jpeg",1280,960,false]},"rttpg_author":{"display_name":"Beatriz Garcia","author_link":"https:\/\/visitantes.auger.org.ar\/index.php\/author\/beatriz\/"},"rttpg_comment":0,"rttpg_category":"<a href=\"https:\/\/visitantes.auger.org.ar\/index.php\/category\/auger\/\" rel=\"category tag\">Auger<\/a>","rttpg_excerpt":"Los d\u00edas 8 y 9 de noviembre se realiz\u00f3 en Malarg\u00fce la revisi\u00f3n cient\u00edfica de AugerPrime, para evaluar la extensi\u00f3n del tiempo de toma de datos del Observatorio Auger. La revisi\u00f3n incluy\u00f3 una visita a diferentes instalaciones del Observatorio. En la foto, el comit\u00e9 revisor, acompa\u00f1ado por los directores del Pierre Auger, en el detector&hellip;","_links":{"self":[{"href":"https:\/\/visitantes.auger.org.ar\/index.php\/wp-json\/wp\/v2\/posts\/5978","targetHints":{"allow":["GET"]}}],"collection":[{"href":"https:\/\/visitantes.auger.org.ar\/index.php\/wp-json\/wp\/v2\/posts"}],"about":[{"href":"https:\/\/visitantes.auger.org.ar\/index.php\/wp-json\/wp\/v2\/types\/post"}],"author":[{"embeddable":true,"href":"https:\/\/visitantes.auger.org.ar\/index.php\/wp-json\/wp\/v2\/users\/6"}],"replies":[{"embeddable":true,"href":"https:\/\/visitantes.auger.org.ar\/index.php\/wp-json\/wp\/v2\/comments?post=5978"}],"version-history":[{"count":1,"href":"https:\/\/visitantes.auger.org.ar\/index.php\/wp-json\/wp\/v2\/posts\/5978\/revisions"}],"predecessor-version":[{"id":5984,"href":"https:\/\/visitantes.auger.org.ar\/index.php\/wp-json\/wp\/v2\/posts\/5978\/revisions\/5984"}],"wp:featuredmedia":[{"embeddable":true,"href":"https:\/\/visitantes.auger.org.ar\/index.php\/wp-json\/wp\/v2\/media\/5981"}],"wp:attachment":[{"href":"https:\/\/visitantes.auger.org.ar\/index.php\/wp-json\/wp\/v2\/media?parent=5978"}],"wp:term":[{"taxonomy":"category","embeddable":true,"href":"https:\/\/visitantes.auger.org.ar\/index.php\/wp-json\/wp\/v2\/categories?post=5978"},{"taxonomy":"post_tag","embeddable":true,"href":"https:\/\/visitantes.auger.org.ar\/index.php\/wp-json\/wp\/v2\/tags?post=5978"}],"curies":[{"name":"wp","href":"https:\/\/api.w.org\/{rel}","templated":true}]}}