{"id":6632,"date":"2024-04-14T21:16:27","date_gmt":"2024-04-14T21:16:27","guid":{"rendered":"https:\/\/visitantes.auger.org.ar\/?p=6632"},"modified":"2024-04-14T21:16:30","modified_gmt":"2024-04-14T21:16:30","slug":"reunion-de-la-colaboracion-internacional-en-el-observatorio-pierre-auger","status":"publish","type":"post","link":"https:\/\/visitantes.auger.org.ar\/index.php\/reunion-de-la-colaboracion-internacional-en-el-observatorio-pierre-auger\/","title":{"rendered":"Reuni\u00f3n de la Colaboraci\u00f3n Internacional en el Observatorio Pierre Auger"},"content":{"rendered":"\n<p>Entre el 14 y el 19 de abril de 2024 se realiza en Malarg\u00fce la Reuni\u00f3n de la Colaboraci\u00f3n Internacional en el Observatorio Pierre Auger. Durante la semana se discutir\u00e1 sobre las tareas de investigaci\u00f3n y desarrollo tecnol\u00f3gico que m\u00e1s de 400 cient\u00edficos, ingenieros y t\u00e9cnicos de la Colaboraci\u00f3n realizan. <\/p>\n\n\n\n<p>Es tambi\u00e9n una semana durante la cual los cient\u00edficos del Pierre Auger comparten su tiempo con los habitantes de Malarg\u00fce y los visitantes en las oficinas del Observatorio.<\/p>\n","protected":false},"excerpt":{"rendered":"<p>Entre el 14 y el 19 de abril de 2024 se realiza en Malarg\u00fce la Reuni\u00f3n de la Colaboraci\u00f3n Internacional en el Observatorio Pierre Auger. Durante la semana se discutir\u00e1 sobre las tareas de investigaci\u00f3n y desarrollo tecnol\u00f3gico que m\u00e1s de 400 cient\u00edficos, ingenieros y t\u00e9cnicos de la Colaboraci\u00f3n realizan. Es tambi\u00e9n una semana durante [&hellip;]<\/p>\n","protected":false},"author":6,"featured_media":6629,"comment_status":"closed","ping_status":"open","sticky":false,"template":"","format":"standard","meta":{"_jetpack_memberships_contains_paid_content":false,"footnotes":""},"categories":[5],"tags":[],"class_list":["post-6632","post","type-post","status-publish","format-standard","has-post-thumbnail","hentry","category-auger"],"jetpack_featured_media_url":"https:\/\/visitantes.auger.org.ar\/wp-content\/uploads\/2024\/04\/meeting2024.png","jetpack_sharing_enabled":true,"rttpg_featured_image_url":{"full":["https:\/\/visitantes.auger.org.ar\/wp-content\/uploads\/2024\/04\/meeting2024.png",1095,528,false],"landscape":["https:\/\/visitantes.auger.org.ar\/wp-content\/uploads\/2024\/04\/meeting2024.png",1095,528,false],"portraits":["https:\/\/visitantes.auger.org.ar\/wp-content\/uploads\/2024\/04\/meeting2024.png",1095,528,false],"thumbnail":["https:\/\/visitantes.auger.org.ar\/wp-content\/uploads\/2024\/04\/meeting2024-250x250.png",250,250,true],"medium":["https:\/\/visitantes.auger.org.ar\/wp-content\/uploads\/2024\/04\/meeting2024-300x145.png",300,145,true],"large":["https:\/\/visitantes.auger.org.ar\/wp-content\/uploads\/2024\/04\/meeting2024-1024x494.png",800,386,true],"1536x1536":["https:\/\/visitantes.auger.org.ar\/wp-content\/uploads\/2024\/04\/meeting2024.png",1095,528,false],"2048x2048":["https:\/\/visitantes.auger.org.ar\/wp-content\/uploads\/2024\/04\/meeting2024.png",1095,528,false]},"rttpg_author":{"display_name":"Beatriz Garcia","author_link":"https:\/\/visitantes.auger.org.ar\/index.php\/author\/beatriz\/"},"rttpg_comment":0,"rttpg_category":"<a href=\"https:\/\/visitantes.auger.org.ar\/index.php\/category\/auger\/\" rel=\"category tag\">Auger<\/a>","rttpg_excerpt":"Entre el 14 y el 19 de abril de 2024 se realiza en Malarg\u00fce la Reuni\u00f3n de la Colaboraci\u00f3n Internacional en el Observatorio Pierre Auger. Durante la semana se discutir\u00e1 sobre las tareas de investigaci\u00f3n y desarrollo tecnol\u00f3gico que m\u00e1s de 400 cient\u00edficos, ingenieros y t\u00e9cnicos de la Colaboraci\u00f3n realizan. Es tambi\u00e9n una semana durante&hellip;","_links":{"self":[{"href":"https:\/\/visitantes.auger.org.ar\/index.php\/wp-json\/wp\/v2\/posts\/6632","targetHints":{"allow":["GET"]}}],"collection":[{"href":"https:\/\/visitantes.auger.org.ar\/index.php\/wp-json\/wp\/v2\/posts"}],"about":[{"href":"https:\/\/visitantes.auger.org.ar\/index.php\/wp-json\/wp\/v2\/types\/post"}],"author":[{"embeddable":true,"href":"https:\/\/visitantes.auger.org.ar\/index.php\/wp-json\/wp\/v2\/users\/6"}],"replies":[{"embeddable":true,"href":"https:\/\/visitantes.auger.org.ar\/index.php\/wp-json\/wp\/v2\/comments?post=6632"}],"version-history":[{"count":1,"href":"https:\/\/visitantes.auger.org.ar\/index.php\/wp-json\/wp\/v2\/posts\/6632\/revisions"}],"predecessor-version":[{"id":6635,"href":"https:\/\/visitantes.auger.org.ar\/index.php\/wp-json\/wp\/v2\/posts\/6632\/revisions\/6635"}],"wp:featuredmedia":[{"embeddable":true,"href":"https:\/\/visitantes.auger.org.ar\/index.php\/wp-json\/wp\/v2\/media\/6629"}],"wp:attachment":[{"href":"https:\/\/visitantes.auger.org.ar\/index.php\/wp-json\/wp\/v2\/media?parent=6632"}],"wp:term":[{"taxonomy":"category","embeddable":true,"href":"https:\/\/visitantes.auger.org.ar\/index.php\/wp-json\/wp\/v2\/categories?post=6632"},{"taxonomy":"post_tag","embeddable":true,"href":"https:\/\/visitantes.auger.org.ar\/index.php\/wp-json\/wp\/v2\/tags?post=6632"}],"curies":[{"name":"wp","href":"https:\/\/api.w.org\/{rel}","templated":true}]}}