{"id":6668,"date":"2024-05-17T16:17:03","date_gmt":"2024-05-17T16:17:03","guid":{"rendered":"https:\/\/visitantes.auger.org.ar\/?p=6668"},"modified":"2024-05-17T16:30:33","modified_gmt":"2024-05-17T16:30:33","slug":"dia-internacional-de-la-luz-2024","status":"publish","type":"post","link":"https:\/\/visitantes.auger.org.ar\/index.php\/dia-internacional-de-la-luz-2024\/","title":{"rendered":"D\u00eda Internacional de la Luz 2024"},"content":{"rendered":"\n<p>El Observatorio Pierre Auger particip\u00f3 del D\u00eda Internacional de la Luz, 16 de mayo, con una serie de actividades especiales, que incluyeron material explicativo para el p\u00fablico, el desarrollo del <a href=\"http:\/\/sion2.frm.utn.edu.ar\/agora\/\" title=\"\">Proyecto \u00c1gora <\/a> y en cooperaci\u00f3n con el Planetario Malarg\u00fce, el reestreno de la <a href=\"https:\/\/planetario.malargue.gov.ar\/transmedia-educativa-viajeros-de-la-luz\/\" title=\"\">Transmedia educativa Viajeros de la Luz<\/a>, que incluy\u00f3 visitas guiadas especial para alumnos y docentes, la promoci\u00f3n del material educativo relacionado con el A\u00f1o y el D\u00eda Internacional de la Luz y la proyecci\u00f3n del show para planetario digital.<\/p>\n\n\n\n<p><\/p>\n\n\n\n<p><\/p>\n","protected":false},"excerpt":{"rendered":"<p>El Observatorio Pierre Auger particip\u00f3 del D\u00eda Internacional de la Luz, 16 de mayo, con una serie de actividades especiales, que incluyeron material explicativo para el p\u00fablico, el desarrollo del Proyecto \u00c1gora y en cooperaci\u00f3n con el Planetario Malarg\u00fce, el reestreno de la Transmedia educativa Viajeros de la Luz, que incluy\u00f3 visitas guiadas especial para [&hellip;]<\/p>\n","protected":false},"author":6,"featured_media":6683,"comment_status":"closed","ping_status":"open","sticky":false,"template":"","format":"standard","meta":{"_jetpack_memberships_contains_paid_content":false,"footnotes":""},"categories":[5,1],"tags":[],"class_list":["post-6668","post","type-post","status-publish","format-standard","has-post-thumbnail","hentry","category-auger","category-uncategorized"],"jetpack_featured_media_url":"https:\/\/visitantes.auger.org.ar\/wp-content\/uploads\/2024\/05\/Viajeros2024.jpg","jetpack_sharing_enabled":true,"rttpg_featured_image_url":{"full":["https:\/\/visitantes.auger.org.ar\/wp-content\/uploads\/2024\/05\/Viajeros2024.jpg",1080,810,false],"landscape":["https:\/\/visitantes.auger.org.ar\/wp-content\/uploads\/2024\/05\/Viajeros2024.jpg",1080,810,false],"portraits":["https:\/\/visitantes.auger.org.ar\/wp-content\/uploads\/2024\/05\/Viajeros2024.jpg",1080,810,false],"thumbnail":["https:\/\/visitantes.auger.org.ar\/wp-content\/uploads\/2024\/05\/Viajeros2024-250x250.jpg",250,250,true],"medium":["https:\/\/visitantes.auger.org.ar\/wp-content\/uploads\/2024\/05\/Viajeros2024-300x225.jpg",300,225,true],"large":["https:\/\/visitantes.auger.org.ar\/wp-content\/uploads\/2024\/05\/Viajeros2024-1024x768.jpg",800,600,true],"1536x1536":["https:\/\/visitantes.auger.org.ar\/wp-content\/uploads\/2024\/05\/Viajeros2024.jpg",1080,810,false],"2048x2048":["https:\/\/visitantes.auger.org.ar\/wp-content\/uploads\/2024\/05\/Viajeros2024.jpg",1080,810,false]},"rttpg_author":{"display_name":"Beatriz Garcia","author_link":"https:\/\/visitantes.auger.org.ar\/index.php\/author\/beatriz\/"},"rttpg_comment":0,"rttpg_category":"<a href=\"https:\/\/visitantes.auger.org.ar\/index.php\/category\/auger\/\" rel=\"category tag\">Auger<\/a> <a href=\"https:\/\/visitantes.auger.org.ar\/index.php\/category\/uncategorized\/\" rel=\"category tag\">Uncategorized<\/a>","rttpg_excerpt":"El Observatorio Pierre Auger particip\u00f3 del D\u00eda Internacional de la Luz, 16 de mayo, con una serie de actividades especiales, que incluyeron material explicativo para el p\u00fablico, el desarrollo del Proyecto \u00c1gora y en cooperaci\u00f3n con el Planetario Malarg\u00fce, el reestreno de la Transmedia educativa Viajeros de la Luz, que incluy\u00f3 visitas guiadas especial para&hellip;","_links":{"self":[{"href":"https:\/\/visitantes.auger.org.ar\/index.php\/wp-json\/wp\/v2\/posts\/6668","targetHints":{"allow":["GET"]}}],"collection":[{"href":"https:\/\/visitantes.auger.org.ar\/index.php\/wp-json\/wp\/v2\/posts"}],"about":[{"href":"https:\/\/visitantes.auger.org.ar\/index.php\/wp-json\/wp\/v2\/types\/post"}],"author":[{"embeddable":true,"href":"https:\/\/visitantes.auger.org.ar\/index.php\/wp-json\/wp\/v2\/users\/6"}],"replies":[{"embeddable":true,"href":"https:\/\/visitantes.auger.org.ar\/index.php\/wp-json\/wp\/v2\/comments?post=6668"}],"version-history":[{"count":4,"href":"https:\/\/visitantes.auger.org.ar\/index.php\/wp-json\/wp\/v2\/posts\/6668\/revisions"}],"predecessor-version":[{"id":6689,"href":"https:\/\/visitantes.auger.org.ar\/index.php\/wp-json\/wp\/v2\/posts\/6668\/revisions\/6689"}],"wp:featuredmedia":[{"embeddable":true,"href":"https:\/\/visitantes.auger.org.ar\/index.php\/wp-json\/wp\/v2\/media\/6683"}],"wp:attachment":[{"href":"https:\/\/visitantes.auger.org.ar\/index.php\/wp-json\/wp\/v2\/media?parent=6668"}],"wp:term":[{"taxonomy":"category","embeddable":true,"href":"https:\/\/visitantes.auger.org.ar\/index.php\/wp-json\/wp\/v2\/categories?post=6668"},{"taxonomy":"post_tag","embeddable":true,"href":"https:\/\/visitantes.auger.org.ar\/index.php\/wp-json\/wp\/v2\/tags?post=6668"}],"curies":[{"name":"wp","href":"https:\/\/api.w.org\/{rel}","templated":true}]}}