{"id":69,"date":"2011-01-06T14:44:56","date_gmt":"2011-01-06T14:44:56","guid":{"rendered":"http:\/\/web.auger.org.ar\/visitantes\/animus\/index.php\/2011\/01\/06\/3o-feria-de-ciencias-del-observatorio-pierre-auger\/"},"modified":"2011-01-06T14:44:56","modified_gmt":"2011-01-06T14:44:56","slug":"3o-feria-de-ciencias-del-observatorio-pierre-auger","status":"publish","type":"post","link":"https:\/\/visitantes.auger.org.ar\/index.php\/3o-feria-de-ciencias-del-observatorio-pierre-auger\/","title":{"rendered":"3\u00ba Feria de Ciencias del Observatorio Pierre Auger"},"content":{"rendered":"<\/p>\n<p>Se realiz\u00f3 la 3\u00ba Feria de Ciencias del Observatorio Pierre Auger, los d\u00edas 19, 20 y 21 de noviembre donde convocaron no s\u00f3lo a estudiantes de Malarg\u00fce sino de otros departamentos de la provincia de Mendoza.<\/p>\n<p>\u00a0<\/p>\n<p>  <!--more-->  <\/p>\n<p>En este encuentro asistieron alumnos desde nivel inicial hasta escuelas secundarias, participando ni\u00f1os y j\u00f3venes de los departamentos de Luj\u00e1n de Cuyo, San Mart\u00edn, Tunuy\u00e1n, San Carlos, Jun\u00edn, San Rafael, General Alvear y Malarg\u00fce.<\/p>\n<p>La convocatoria se realiz\u00f3 a todas las escuelas de la provincia a trav\u00e9s del portal de la Direcci\u00f3n General de Escuelas y mediante invitaciones personales que cursaron todas las supervisiones, llegando inclusive a otras provincias, que se inscribieron para este acontecimiento.<\/p>\n<p>Las tem\u00e1ticas que se desarrollaron en esta Tercer Feria de Ciencias fueron las relacionadas con las ciencias naturales, exactas y tecnolog\u00eda, contando el certamen con un jurado de primer nivel integrado por investigadores de las dieciocho naciones que integran la comunidad cient\u00edfica del observatorio emplazado en Malarg\u00fce.<\/p>\n<p>La Feria de Ciencias del Observatorio Pierre Auger es Bienal, la cuarta edici\u00f3n coincidir\u00e1 con el centenario del descubrimiento de los rayos c\u00f3smicos ocurrido en 1912.<\/p>\n","protected":false},"excerpt":{"rendered":"<p>Se realiz\u00f3 la 3\u00ba Feria de Ciencias del Observatorio Pierre Auger, los d\u00edas 19, 20 y 21 de noviembre donde convocaron no s\u00f3lo a estudiantes de Malarg\u00fce sino de otros departamentos de la provincia de Mendoza. \u00a0<\/p>\n","protected":false},"author":1,"featured_media":68,"comment_status":"open","ping_status":"open","sticky":false,"template":"","format":"standard","meta":{"_jetpack_memberships_contains_paid_content":false,"footnotes":""},"categories":[10],"tags":[],"class_list":["post-69","post","type-post","status-publish","format-standard","has-post-thumbnail","hentry","category-novedades"],"jetpack_featured_media_url":"https:\/\/visitantes.auger.org.ar\/wp-content\/uploads\/2011\/01\/portada-feria.jpg","jetpack_sharing_enabled":true,"rttpg_featured_image_url":{"full":["https:\/\/visitantes.auger.org.ar\/wp-content\/uploads\/2011\/01\/portada-feria.jpg",460,226,false],"landscape":["https:\/\/visitantes.auger.org.ar\/wp-content\/uploads\/2011\/01\/portada-feria.jpg",460,226,false],"portraits":["https:\/\/visitantes.auger.org.ar\/wp-content\/uploads\/2011\/01\/portada-feria.jpg",460,226,false],"thumbnail":["https:\/\/visitantes.auger.org.ar\/wp-content\/uploads\/2011\/01\/portada-feria-250x226.jpg",250,226,true],"medium":["https:\/\/visitantes.auger.org.ar\/wp-content\/uploads\/2011\/01\/portada-feria-300x147.jpg",300,147,true],"large":["https:\/\/visitantes.auger.org.ar\/wp-content\/uploads\/2011\/01\/portada-feria.jpg",460,226,false],"1536x1536":["https:\/\/visitantes.auger.org.ar\/wp-content\/uploads\/2011\/01\/portada-feria.jpg",460,226,false],"2048x2048":["https:\/\/visitantes.auger.org.ar\/wp-content\/uploads\/2011\/01\/portada-feria.jpg",460,226,false]},"rttpg_author":{"display_name":"PierreUser","author_link":"https:\/\/visitantes.auger.org.ar\/index.php\/author\/pierreuser\/"},"rttpg_comment":0,"rttpg_category":"<a href=\"https:\/\/visitantes.auger.org.ar\/index.php\/category\/auger\/novedades\/\" rel=\"category tag\">Novedades<\/a>","rttpg_excerpt":"Se realiz\u00f3 la 3\u00ba Feria de Ciencias del Observatorio Pierre Auger, los d\u00edas 19, 20 y 21 de noviembre donde convocaron no s\u00f3lo a estudiantes de Malarg\u00fce sino de otros departamentos de la provincia de Mendoza. \u00a0","_links":{"self":[{"href":"https:\/\/visitantes.auger.org.ar\/index.php\/wp-json\/wp\/v2\/posts\/69","targetHints":{"allow":["GET"]}}],"collection":[{"href":"https:\/\/visitantes.auger.org.ar\/index.php\/wp-json\/wp\/v2\/posts"}],"about":[{"href":"https:\/\/visitantes.auger.org.ar\/index.php\/wp-json\/wp\/v2\/types\/post"}],"author":[{"embeddable":true,"href":"https:\/\/visitantes.auger.org.ar\/index.php\/wp-json\/wp\/v2\/users\/1"}],"replies":[{"embeddable":true,"href":"https:\/\/visitantes.auger.org.ar\/index.php\/wp-json\/wp\/v2\/comments?post=69"}],"version-history":[{"count":0,"href":"https:\/\/visitantes.auger.org.ar\/index.php\/wp-json\/wp\/v2\/posts\/69\/revisions"}],"wp:featuredmedia":[{"embeddable":true,"href":"https:\/\/visitantes.auger.org.ar\/index.php\/wp-json\/wp\/v2\/media\/68"}],"wp:attachment":[{"href":"https:\/\/visitantes.auger.org.ar\/index.php\/wp-json\/wp\/v2\/media?parent=69"}],"wp:term":[{"taxonomy":"category","embeddable":true,"href":"https:\/\/visitantes.auger.org.ar\/index.php\/wp-json\/wp\/v2\/categories?post=69"},{"taxonomy":"post_tag","embeddable":true,"href":"https:\/\/visitantes.auger.org.ar\/index.php\/wp-json\/wp\/v2\/tags?post=69"}],"curies":[{"name":"wp","href":"https:\/\/api.w.org\/{rel}","templated":true}]}}