{"id":7,"date":"2009-06-11T06:09:41","date_gmt":"2009-06-11T06:09:41","guid":{"rendered":"http:\/\/web.auger.org.ar\/visitantes\/animus\/index.php\/2009\/06\/11\/colocacion-del-ultimo-detector-de-superficie-del-observatorio\/"},"modified":"2009-06-11T06:09:41","modified_gmt":"2009-06-11T06:09:41","slug":"colocacion-del-ultimo-detector-de-superficie-del-observatorio","status":"publish","type":"post","link":"https:\/\/visitantes.auger.org.ar\/index.php\/colocacion-del-ultimo-detector-de-superficie-del-observatorio\/","title":{"rendered":"Colocaci\u00f3n del \u00faltimo detector de superficie del Observatorio"},"content":{"rendered":"<\/p>\n<p>El pasado viernes 13 de junio a las 13 hs. fue colocado en campo y llenado con agua el \u00faltimo detector de superficie del Observatorio Pierre Auger, concluyendo as\u00ed la primera fase de construcci\u00f3n del mismo.<\/p>\n","protected":false},"excerpt":{"rendered":"<p>El pasado viernes 13 de junio a las 13 hs. fue colocado en campo y llenado con agua el \u00faltimo detector de superficie del Observatorio Pierre Auger, concluyendo as\u00ed la primera fase de construcci\u00f3n del mismo.<\/p>\n","protected":false},"author":1,"featured_media":6,"comment_status":"open","ping_status":"open","sticky":false,"template":"","format":"standard","meta":{"_jetpack_memberships_contains_paid_content":false,"footnotes":""},"categories":[10],"tags":[],"class_list":["post-7","post","type-post","status-publish","format-standard","has-post-thumbnail","hentry","category-novedades"],"jetpack_featured_media_url":"https:\/\/visitantes.auger.org.ar\/wp-content\/uploads\/2009\/06\/detectores.jpg","jetpack_sharing_enabled":true,"rttpg_featured_image_url":{"full":["https:\/\/visitantes.auger.org.ar\/wp-content\/uploads\/2009\/06\/detectores.jpg",460,226,false],"landscape":["https:\/\/visitantes.auger.org.ar\/wp-content\/uploads\/2009\/06\/detectores.jpg",460,226,false],"portraits":["https:\/\/visitantes.auger.org.ar\/wp-content\/uploads\/2009\/06\/detectores.jpg",460,226,false],"thumbnail":["https:\/\/visitantes.auger.org.ar\/wp-content\/uploads\/2009\/06\/detectores-250x226.jpg",250,226,true],"medium":["https:\/\/visitantes.auger.org.ar\/wp-content\/uploads\/2009\/06\/detectores-300x147.jpg",300,147,true],"large":["https:\/\/visitantes.auger.org.ar\/wp-content\/uploads\/2009\/06\/detectores.jpg",460,226,false],"1536x1536":["https:\/\/visitantes.auger.org.ar\/wp-content\/uploads\/2009\/06\/detectores.jpg",460,226,false],"2048x2048":["https:\/\/visitantes.auger.org.ar\/wp-content\/uploads\/2009\/06\/detectores.jpg",460,226,false]},"rttpg_author":{"display_name":"PierreUser","author_link":"https:\/\/visitantes.auger.org.ar\/index.php\/author\/pierreuser\/"},"rttpg_comment":0,"rttpg_category":"<a href=\"https:\/\/visitantes.auger.org.ar\/index.php\/category\/auger\/novedades\/\" rel=\"category tag\">Novedades<\/a>","rttpg_excerpt":"El pasado viernes 13 de junio a las 13 hs. fue colocado en campo y llenado con agua el \u00faltimo detector de superficie del Observatorio Pierre Auger, concluyendo as\u00ed la primera fase de construcci\u00f3n del mismo.","_links":{"self":[{"href":"https:\/\/visitantes.auger.org.ar\/index.php\/wp-json\/wp\/v2\/posts\/7","targetHints":{"allow":["GET"]}}],"collection":[{"href":"https:\/\/visitantes.auger.org.ar\/index.php\/wp-json\/wp\/v2\/posts"}],"about":[{"href":"https:\/\/visitantes.auger.org.ar\/index.php\/wp-json\/wp\/v2\/types\/post"}],"author":[{"embeddable":true,"href":"https:\/\/visitantes.auger.org.ar\/index.php\/wp-json\/wp\/v2\/users\/1"}],"replies":[{"embeddable":true,"href":"https:\/\/visitantes.auger.org.ar\/index.php\/wp-json\/wp\/v2\/comments?post=7"}],"version-history":[{"count":0,"href":"https:\/\/visitantes.auger.org.ar\/index.php\/wp-json\/wp\/v2\/posts\/7\/revisions"}],"wp:featuredmedia":[{"embeddable":true,"href":"https:\/\/visitantes.auger.org.ar\/index.php\/wp-json\/wp\/v2\/media\/6"}],"wp:attachment":[{"href":"https:\/\/visitantes.auger.org.ar\/index.php\/wp-json\/wp\/v2\/media?parent=7"}],"wp:term":[{"taxonomy":"category","embeddable":true,"href":"https:\/\/visitantes.auger.org.ar\/index.php\/wp-json\/wp\/v2\/categories?post=7"},{"taxonomy":"post_tag","embeddable":true,"href":"https:\/\/visitantes.auger.org.ar\/index.php\/wp-json\/wp\/v2\/tags?post=7"}],"curies":[{"name":"wp","href":"https:\/\/api.w.org\/{rel}","templated":true}]}}