{"id":8322,"date":"2024-09-23T15:19:56","date_gmt":"2024-09-23T18:19:56","guid":{"rendered":"https:\/\/visitantes.auger.org.ar\/?p=8322"},"modified":"2024-09-23T15:23:37","modified_gmt":"2024-09-23T18:23:37","slug":"5-auger-en-foco","status":"publish","type":"post","link":"https:\/\/visitantes.auger.org.ar\/index.php\/5-auger-en-foco\/","title":{"rendered":"#5 Auger en Foco"},"content":{"rendered":"\t\t<div data-elementor-type=\"wp-post\" data-elementor-id=\"8322\" class=\"elementor elementor-8322\">\n\t\t\t\t\t\t<section class=\"elementor-section elementor-top-section elementor-element elementor-element-56d72728 elementor-section-boxed elementor-section-height-default elementor-section-height-default\" data-id=\"56d72728\" data-element_type=\"section\" data-e-type=\"section\">\n\t\t\t\t\t\t<div class=\"elementor-container elementor-column-gap-default\">\n\t\t\t\t\t<div class=\"elementor-column elementor-col-100 elementor-top-column elementor-element elementor-element-271b2452\" data-id=\"271b2452\" data-element_type=\"column\" data-e-type=\"column\">\n\t\t\t<div class=\"elementor-widget-wrap elementor-element-populated\">\n\t\t\t\t\t\t<div class=\"elementor-element elementor-element-63946c0b elementor-widget elementor-widget-text-editor\" data-id=\"63946c0b\" data-element_type=\"widget\" data-e-type=\"widget\" data-widget_type=\"text-editor.default\">\n\t\t\t\t<div class=\"elementor-widget-container\">\n\t\t\t\t\t\t\t\t\t\n<p>Como cada mes, el Observatorio publica su bolet\u00edn de novedades Auger en Foco (AeF). En el n\u00famero de setiembre describimos de manera sint\u00e9tica el proyecto AMIGA.<\/p>\n\n<p>Todos los n\u00fameros de esta iniciativa se pueden descargar en formato PDF desde <a href=\"https:\/\/visitantes.auger.org.ar\/index.php\/auger-en-foco\/\"><span style=\"color: #0000ff;\">el sitio web de AeF<\/span>.<\/a><\/p>\n\n<p>\u00a0<\/p>\n\t\t\t\t\t\t\t\t<\/div>\n\t\t\t\t<\/div>\n\t\t\t\t\t<\/div>\n\t\t<\/div>\n\t\t\t\t\t<\/div>\n\t\t<\/section>\n\t\t\t\t<\/div>\n\t\t","protected":false},"excerpt":{"rendered":"<p>Como cada mes, el Observatorio publica su bolet\u00edn de novedades Auger en Foco (AeF). En el n\u00famero de setiembre describimos de manera sint\u00e9tica el proyecto AMIGA. Todos los n\u00fameros de esta iniciativa se pueden descargar en formato PDF desde el sitio web de AeF. \u00a0<\/p>\n","protected":false},"author":6,"featured_media":8325,"comment_status":"closed","ping_status":"open","sticky":false,"template":"","format":"standard","meta":{"_jetpack_memberships_contains_paid_content":false,"footnotes":""},"categories":[5],"tags":[],"class_list":["post-8322","post","type-post","status-publish","format-standard","has-post-thumbnail","hentry","category-auger"],"jetpack_featured_media_url":"https:\/\/visitantes.auger.org.ar\/wp-content\/uploads\/2024\/09\/5-redes.jpg","jetpack_sharing_enabled":true,"rttpg_featured_image_url":{"full":["https:\/\/visitantes.auger.org.ar\/wp-content\/uploads\/2024\/09\/5-redes.jpg",860,608,false],"landscape":["https:\/\/visitantes.auger.org.ar\/wp-content\/uploads\/2024\/09\/5-redes.jpg",860,608,false],"portraits":["https:\/\/visitantes.auger.org.ar\/wp-content\/uploads\/2024\/09\/5-redes.jpg",860,608,false],"thumbnail":["https:\/\/visitantes.auger.org.ar\/wp-content\/uploads\/2024\/09\/5-redes-250x250.jpg",250,250,true],"medium":["https:\/\/visitantes.auger.org.ar\/wp-content\/uploads\/2024\/09\/5-redes-300x212.jpg",300,212,true],"large":["https:\/\/visitantes.auger.org.ar\/wp-content\/uploads\/2024\/09\/5-redes.jpg",800,566,false],"1536x1536":["https:\/\/visitantes.auger.org.ar\/wp-content\/uploads\/2024\/09\/5-redes.jpg",860,608,false],"2048x2048":["https:\/\/visitantes.auger.org.ar\/wp-content\/uploads\/2024\/09\/5-redes.jpg",860,608,false]},"rttpg_author":{"display_name":"Beatriz Garcia","author_link":"https:\/\/visitantes.auger.org.ar\/index.php\/author\/beatriz\/"},"rttpg_comment":0,"rttpg_category":"<a href=\"https:\/\/visitantes.auger.org.ar\/index.php\/category\/auger\/\" rel=\"category tag\">Auger<\/a>","rttpg_excerpt":"Como cada mes, el Observatorio publica su bolet\u00edn de novedades Auger en Foco (AeF). En el n\u00famero de setiembre describimos de manera sint\u00e9tica el proyecto AMIGA. Todos los n\u00fameros de esta iniciativa se pueden descargar en formato PDF desde el sitio web de AeF. \u00a0","_links":{"self":[{"href":"https:\/\/visitantes.auger.org.ar\/index.php\/wp-json\/wp\/v2\/posts\/8322","targetHints":{"allow":["GET"]}}],"collection":[{"href":"https:\/\/visitantes.auger.org.ar\/index.php\/wp-json\/wp\/v2\/posts"}],"about":[{"href":"https:\/\/visitantes.auger.org.ar\/index.php\/wp-json\/wp\/v2\/types\/post"}],"author":[{"embeddable":true,"href":"https:\/\/visitantes.auger.org.ar\/index.php\/wp-json\/wp\/v2\/users\/6"}],"replies":[{"embeddable":true,"href":"https:\/\/visitantes.auger.org.ar\/index.php\/wp-json\/wp\/v2\/comments?post=8322"}],"version-history":[{"count":5,"href":"https:\/\/visitantes.auger.org.ar\/index.php\/wp-json\/wp\/v2\/posts\/8322\/revisions"}],"predecessor-version":[{"id":8343,"href":"https:\/\/visitantes.auger.org.ar\/index.php\/wp-json\/wp\/v2\/posts\/8322\/revisions\/8343"}],"wp:featuredmedia":[{"embeddable":true,"href":"https:\/\/visitantes.auger.org.ar\/index.php\/wp-json\/wp\/v2\/media\/8325"}],"wp:attachment":[{"href":"https:\/\/visitantes.auger.org.ar\/index.php\/wp-json\/wp\/v2\/media?parent=8322"}],"wp:term":[{"taxonomy":"category","embeddable":true,"href":"https:\/\/visitantes.auger.org.ar\/index.php\/wp-json\/wp\/v2\/categories?post=8322"},{"taxonomy":"post_tag","embeddable":true,"href":"https:\/\/visitantes.auger.org.ar\/index.php\/wp-json\/wp\/v2\/tags?post=8322"}],"curies":[{"name":"wp","href":"https:\/\/api.w.org\/{rel}","templated":true}]}}