{"id":8528,"date":"2024-11-12T10:09:30","date_gmt":"2024-11-12T13:09:30","guid":{"rendered":"https:\/\/visitantes.auger.org.ar\/?p=8528"},"modified":"2024-11-12T10:27:19","modified_gmt":"2024-11-12T13:27:19","slug":"reunion-de-noviembre-de-a-colaboracion-internacional","status":"publish","type":"post","link":"https:\/\/visitantes.auger.org.ar\/index.php\/reunion-de-noviembre-de-a-colaboracion-internacional\/","title":{"rendered":"Reuni\u00f3n de Noviembre de la Colaboraci\u00f3n Internacional"},"content":{"rendered":"\n<p>Entre el 10 y el 15 de Noviembre de 2024 la Colaboraci\u00f3n Internacional en el Observatorio Pierre Auger se reune en Malarg\u00fce para resentar sus avances y descubrimientos. Una semana que comenz\u00f3 con las palabras de la Directora Cient\u00edfica del Observatorio, Antonella Castellina y continuar\u00e1 con importantes anuncios, tales como la firma de la extensi\u00f3n de funcionamiento de esta facilidad \u00fanica para el estudio de los rayos c\u00f3smicos de ultra elevada energ\u00eda hasta 2035.<\/p>\n","protected":false},"excerpt":{"rendered":"<p>Entre el 10 y el 15 de Noviembre de 2024 la Colaboraci\u00f3n Internacional en el Observatorio Pierre Auger se reune en Malarg\u00fce para resentar sus avances y descubrimientos. Una semana que comenz\u00f3 con las palabras de la Directora Cient\u00edfica del Observatorio, Antonella Castellina y continuar\u00e1 con importantes anuncios, tales como la firma de la extensi\u00f3n [&hellip;]<\/p>\n","protected":false},"author":6,"featured_media":8540,"comment_status":"closed","ping_status":"open","sticky":false,"template":"","format":"standard","meta":{"_jetpack_memberships_contains_paid_content":false,"footnotes":""},"categories":[5],"tags":[],"class_list":["post-8528","post","type-post","status-publish","format-standard","has-post-thumbnail","hentry","category-auger"],"jetpack_featured_media_url":"https:\/\/visitantes.auger.org.ar\/wp-content\/uploads\/2024\/11\/inauguraIG.jpg","jetpack_sharing_enabled":true,"rttpg_featured_image_url":{"full":["https:\/\/visitantes.auger.org.ar\/wp-content\/uploads\/2024\/11\/inauguraIG.jpg",522,419,false],"landscape":["https:\/\/visitantes.auger.org.ar\/wp-content\/uploads\/2024\/11\/inauguraIG.jpg",522,419,false],"portraits":["https:\/\/visitantes.auger.org.ar\/wp-content\/uploads\/2024\/11\/inauguraIG.jpg",522,419,false],"thumbnail":["https:\/\/visitantes.auger.org.ar\/wp-content\/uploads\/2024\/11\/inauguraIG-250x250.jpg",250,250,true],"medium":["https:\/\/visitantes.auger.org.ar\/wp-content\/uploads\/2024\/11\/inauguraIG-300x241.jpg",300,241,true],"large":["https:\/\/visitantes.auger.org.ar\/wp-content\/uploads\/2024\/11\/inauguraIG.jpg",522,419,false],"1536x1536":["https:\/\/visitantes.auger.org.ar\/wp-content\/uploads\/2024\/11\/inauguraIG.jpg",522,419,false],"2048x2048":["https:\/\/visitantes.auger.org.ar\/wp-content\/uploads\/2024\/11\/inauguraIG.jpg",522,419,false]},"rttpg_author":{"display_name":"Beatriz Garcia","author_link":"https:\/\/visitantes.auger.org.ar\/index.php\/author\/beatriz\/"},"rttpg_comment":0,"rttpg_category":"<a href=\"https:\/\/visitantes.auger.org.ar\/index.php\/category\/auger\/\" rel=\"category tag\">Auger<\/a>","rttpg_excerpt":"Entre el 10 y el 15 de Noviembre de 2024 la Colaboraci\u00f3n Internacional en el Observatorio Pierre Auger se reune en Malarg\u00fce para resentar sus avances y descubrimientos. Una semana que comenz\u00f3 con las palabras de la Directora Cient\u00edfica del Observatorio, Antonella Castellina y continuar\u00e1 con importantes anuncios, tales como la firma de la extensi\u00f3n&hellip;","_links":{"self":[{"href":"https:\/\/visitantes.auger.org.ar\/index.php\/wp-json\/wp\/v2\/posts\/8528","targetHints":{"allow":["GET"]}}],"collection":[{"href":"https:\/\/visitantes.auger.org.ar\/index.php\/wp-json\/wp\/v2\/posts"}],"about":[{"href":"https:\/\/visitantes.auger.org.ar\/index.php\/wp-json\/wp\/v2\/types\/post"}],"author":[{"embeddable":true,"href":"https:\/\/visitantes.auger.org.ar\/index.php\/wp-json\/wp\/v2\/users\/6"}],"replies":[{"embeddable":true,"href":"https:\/\/visitantes.auger.org.ar\/index.php\/wp-json\/wp\/v2\/comments?post=8528"}],"version-history":[{"count":2,"href":"https:\/\/visitantes.auger.org.ar\/index.php\/wp-json\/wp\/v2\/posts\/8528\/revisions"}],"predecessor-version":[{"id":8537,"href":"https:\/\/visitantes.auger.org.ar\/index.php\/wp-json\/wp\/v2\/posts\/8528\/revisions\/8537"}],"wp:featuredmedia":[{"embeddable":true,"href":"https:\/\/visitantes.auger.org.ar\/index.php\/wp-json\/wp\/v2\/media\/8540"}],"wp:attachment":[{"href":"https:\/\/visitantes.auger.org.ar\/index.php\/wp-json\/wp\/v2\/media?parent=8528"}],"wp:term":[{"taxonomy":"category","embeddable":true,"href":"https:\/\/visitantes.auger.org.ar\/index.php\/wp-json\/wp\/v2\/categories?post=8528"},{"taxonomy":"post_tag","embeddable":true,"href":"https:\/\/visitantes.auger.org.ar\/index.php\/wp-json\/wp\/v2\/tags?post=8528"}],"curies":[{"name":"wp","href":"https:\/\/api.w.org\/{rel}","templated":true}]}}