{"id":8780,"date":"2024-12-23T10:46:19","date_gmt":"2024-12-23T13:46:19","guid":{"rendered":"https:\/\/visitantes.auger.org.ar\/?p=8780"},"modified":"2024-12-23T10:48:09","modified_gmt":"2024-12-23T13:48:09","slug":"observatorio-pierre-auger-aparecido-de-gabriella-cataldi","status":"publish","type":"post","link":"https:\/\/visitantes.auger.org.ar\/index.php\/observatorio-pierre-auger-aparecido-de-gabriella-cataldi\/","title":{"rendered":"Observatorio Pierre Auger &#8220;Aparecido&#8221;, de Gabriella Cataldi"},"content":{"rendered":"\t\t<div data-elementor-type=\"wp-post\" data-elementor-id=\"8780\" class=\"elementor elementor-8780\">\n\t\t\t\t\t\t<section class=\"elementor-section elementor-top-section elementor-element elementor-element-572c5091 elementor-section-boxed elementor-section-height-default elementor-section-height-default\" data-id=\"572c5091\" data-element_type=\"section\" data-e-type=\"section\">\n\t\t\t\t\t\t<div class=\"elementor-container elementor-column-gap-default\">\n\t\t\t\t\t<div class=\"elementor-column elementor-col-100 elementor-top-column elementor-element elementor-element-3cd6d40e\" data-id=\"3cd6d40e\" data-element_type=\"column\" data-e-type=\"column\">\n\t\t\t<div class=\"elementor-widget-wrap elementor-element-populated\">\n\t\t\t\t\t\t<div class=\"elementor-element elementor-element-51d41db elementor-widget elementor-widget-text-editor\" data-id=\"51d41db\" data-element_type=\"widget\" data-e-type=\"widget\" data-widget_type=\"text-editor.default\">\n\t\t\t\t<div class=\"elementor-widget-container\">\n\t\t\t\t\t\t\t\t\t\n<p>El Observatorio Pierre Auger ha incorporado una nueva obra de arte a su patrimonio y, a partir del dia del solsticio de diciembre, se encuentra en exhibicion en su Centro de Visitantes, en Malarg\u00fce.<\/p>\n\n<p>S trata de la obra de arte textil &#8220;Observatorio Pierre Auger Aparecido&#8221;, de la f\u00edsica y miembro de la Colaboraci\u00f3n Intennacional Auger, Gabriella Cataldi, del INFN, Lecce-Italia.<\/p>\n\n<p>La m\u00e1scara representa al Observatorio, sus diferentes instrumentos en una alegor\u00eda de la decci\u00f3n h\u00edbrida y simboliza los enigmas que guarda el universo y que a\u00fan no han sido develados.<\/p>\n\n<p>Tambi\u00e9n es un homenaje a la &#8220;Pampa Amarilla&#8221;, de la que toma sus colores y al pueblo malarg<span style=\"text-decoration: underline;\">\u00fc<\/span>ino, eterno guardi\u00e1n del sitio sur del Observatorio.<\/p>\n\n<p>Para m\u00e1s detalles, invitamos a recorrer la audiogu\u00eda de las visitas en el Obseervatorio Pierre Auger, <a href=\"https:\/\/izi.travel\/en\/6095-pierre-auger-observatory\/es\"><span style=\"color: #0000ff;\">AQU\u00cd<\/span><\/a><\/p>\n\n<p>\u00a0<\/p>\n\t\t\t\t\t\t\t\t<\/div>\n\t\t\t\t<\/div>\n\t\t\t\t\t<\/div>\n\t\t<\/div>\n\t\t\t\t\t<\/div>\n\t\t<\/section>\n\t\t\t\t<\/div>\n\t\t","protected":false},"excerpt":{"rendered":"<p>El Observatorio Pierre Auger ha incorporado una nueva obra de arte a su patrimonio y, a partir del dia del solsticio de diciembre, se encuentra en exhibicion en su Centro de Visitantes, en Malarg\u00fce. S trata de la obra de arte textil &#8220;Observatorio Pierre Auger Aparecido&#8221;, de la f\u00edsica y miembro de la Colaboraci\u00f3n Intennacional [&hellip;]<\/p>\n","protected":false},"author":6,"featured_media":8786,"comment_status":"closed","ping_status":"open","sticky":false,"template":"","format":"standard","meta":{"_jetpack_memberships_contains_paid_content":false,"footnotes":""},"categories":[5],"tags":[],"class_list":["post-8780","post","type-post","status-publish","format-standard","has-post-thumbnail","hentry","category-auger"],"jetpack_featured_media_url":"https:\/\/visitantes.auger.org.ar\/wp-content\/uploads\/2024\/12\/WhatsApp-Image-2024-12-20-at-15.09.26.jpeg","jetpack_sharing_enabled":true,"rttpg_featured_image_url":{"full":["https:\/\/visitantes.auger.org.ar\/wp-content\/uploads\/2024\/12\/WhatsApp-Image-2024-12-20-at-15.09.26.jpeg",1484,1025,false],"landscape":["https:\/\/visitantes.auger.org.ar\/wp-content\/uploads\/2024\/12\/WhatsApp-Image-2024-12-20-at-15.09.26.jpeg",1484,1025,false],"portraits":["https:\/\/visitantes.auger.org.ar\/wp-content\/uploads\/2024\/12\/WhatsApp-Image-2024-12-20-at-15.09.26.jpeg",1484,1025,false],"thumbnail":["https:\/\/visitantes.auger.org.ar\/wp-content\/uploads\/2024\/12\/WhatsApp-Image-2024-12-20-at-15.09.26-250x250.jpeg",250,250,true],"medium":["https:\/\/visitantes.auger.org.ar\/wp-content\/uploads\/2024\/12\/WhatsApp-Image-2024-12-20-at-15.09.26-300x207.jpeg",300,207,true],"large":["https:\/\/visitantes.auger.org.ar\/wp-content\/uploads\/2024\/12\/WhatsApp-Image-2024-12-20-at-15.09.26-1024x707.jpeg",800,552,true],"1536x1536":["https:\/\/visitantes.auger.org.ar\/wp-content\/uploads\/2024\/12\/WhatsApp-Image-2024-12-20-at-15.09.26.jpeg",1484,1025,false],"2048x2048":["https:\/\/visitantes.auger.org.ar\/wp-content\/uploads\/2024\/12\/WhatsApp-Image-2024-12-20-at-15.09.26.jpeg",1484,1025,false]},"rttpg_author":{"display_name":"Beatriz Garcia","author_link":"https:\/\/visitantes.auger.org.ar\/index.php\/author\/beatriz\/"},"rttpg_comment":0,"rttpg_category":"<a href=\"https:\/\/visitantes.auger.org.ar\/index.php\/category\/auger\/\" rel=\"category tag\">Auger<\/a>","rttpg_excerpt":"El Observatorio Pierre Auger ha incorporado una nueva obra de arte a su patrimonio y, a partir del dia del solsticio de diciembre, se encuentra en exhibicion en su Centro de Visitantes, en Malarg\u00fce. S trata de la obra de arte textil &#8220;Observatorio Pierre Auger Aparecido&#8221;, de la f\u00edsica y miembro de la Colaboraci\u00f3n Intennacional&hellip;","_links":{"self":[{"href":"https:\/\/visitantes.auger.org.ar\/index.php\/wp-json\/wp\/v2\/posts\/8780","targetHints":{"allow":["GET"]}}],"collection":[{"href":"https:\/\/visitantes.auger.org.ar\/index.php\/wp-json\/wp\/v2\/posts"}],"about":[{"href":"https:\/\/visitantes.auger.org.ar\/index.php\/wp-json\/wp\/v2\/types\/post"}],"author":[{"embeddable":true,"href":"https:\/\/visitantes.auger.org.ar\/index.php\/wp-json\/wp\/v2\/users\/6"}],"replies":[{"embeddable":true,"href":"https:\/\/visitantes.auger.org.ar\/index.php\/wp-json\/wp\/v2\/comments?post=8780"}],"version-history":[{"count":4,"href":"https:\/\/visitantes.auger.org.ar\/index.php\/wp-json\/wp\/v2\/posts\/8780\/revisions"}],"predecessor-version":[{"id":8798,"href":"https:\/\/visitantes.auger.org.ar\/index.php\/wp-json\/wp\/v2\/posts\/8780\/revisions\/8798"}],"wp:featuredmedia":[{"embeddable":true,"href":"https:\/\/visitantes.auger.org.ar\/index.php\/wp-json\/wp\/v2\/media\/8786"}],"wp:attachment":[{"href":"https:\/\/visitantes.auger.org.ar\/index.php\/wp-json\/wp\/v2\/media?parent=8780"}],"wp:term":[{"taxonomy":"category","embeddable":true,"href":"https:\/\/visitantes.auger.org.ar\/index.php\/wp-json\/wp\/v2\/categories?post=8780"},{"taxonomy":"post_tag","embeddable":true,"href":"https:\/\/visitantes.auger.org.ar\/index.php\/wp-json\/wp\/v2\/tags?post=8780"}],"curies":[{"name":"wp","href":"https:\/\/api.w.org\/{rel}","templated":true}]}}