{"id":8921,"date":"2025-01-01T18:40:38","date_gmt":"2025-01-01T21:40:38","guid":{"rendered":"https:\/\/visitantes.auger.org.ar\/?p=8921"},"modified":"2025-01-01T18:47:55","modified_gmt":"2025-01-01T21:47:55","slug":"nueva-entrada","status":"publish","type":"post","link":"https:\/\/visitantes.auger.org.ar\/index.php\/nueva-entrada\/","title":{"rendered":"2024-2025"},"content":{"rendered":"\n<p>Tras un a\u00f1o de intenso trabajo, el Observatorio Pierre Auger se prepara para nuevos desaf\u00edos en 2025.<\/p>\n\n<p>Desde la extensi\u00f3n de las actividades del Observatorio hasta 2035, las publicaciones de alto valor ciet\u00edfico, las presentaciones en congresos y conferencias, la formaci\u00f3n de investigadores y t\u00e9cnicos altamente capacitados, hasta las nuevas propuestas para la atenci\u00f3n de los visitantes, cada acci\u00f3n consolida cada d\u00eda el trabajo de la Colaboraci\u00f3n Internacional.<\/p>\n\n<p>En esta transici\u00f3n entre 2024 y 2025, el staff del Observatorio Pierre Auger es quien saluda a la comunidad. Los invitamos a ver los buenos deseos completos <a style=\"color: #0000ff;\" href=\"https:\/\/youtube.com\/shorts\/y_KSK07NmoU?si=52TiwaqmrbSZDACR\">AQU\u00cd<\/a>.<\/p>\n\n<p>Por un productivo 2025!<\/p>\n\n<p>\u00a0<\/p>\n","protected":false},"excerpt":{"rendered":"<p>Tras un a\u00f1o de intenso trabajo, el Observatorio Pierre Auger se prepara para nuevos desaf\u00edos en 2025. Desde la extensi\u00f3n de las actividades del Observatorio hasta 2035, las publicaciones de alto valor ciet\u00edfico, las presentaciones en congresos y conferencias, la formaci\u00f3n de investigadores y t\u00e9cnicos altamente capacitados, hasta las nuevas propuestas para la atenci\u00f3n de [&hellip;]<\/p>\n","protected":false},"author":6,"featured_media":8825,"comment_status":"closed","ping_status":"open","sticky":false,"template":"","format":"standard","meta":{"_jetpack_memberships_contains_paid_content":false,"footnotes":""},"categories":[5,1],"tags":[],"class_list":["post-8921","post","type-post","status-publish","format-standard","has-post-thumbnail","hentry","category-auger","category-uncategorized"],"jetpack_featured_media_url":"https:\/\/visitantes.auger.org.ar\/wp-content\/uploads\/2025\/01\/placa2025b.png","jetpack_sharing_enabled":true,"rttpg_featured_image_url":{"full":["https:\/\/visitantes.auger.org.ar\/wp-content\/uploads\/2025\/01\/placa2025b.png",1197,843,false],"landscape":["https:\/\/visitantes.auger.org.ar\/wp-content\/uploads\/2025\/01\/placa2025b.png",1197,843,false],"portraits":["https:\/\/visitantes.auger.org.ar\/wp-content\/uploads\/2025\/01\/placa2025b.png",1197,843,false],"thumbnail":["https:\/\/visitantes.auger.org.ar\/wp-content\/uploads\/2025\/01\/placa2025b-250x250.png",250,250,true],"medium":["https:\/\/visitantes.auger.org.ar\/wp-content\/uploads\/2025\/01\/placa2025b-300x211.png",300,211,true],"large":["https:\/\/visitantes.auger.org.ar\/wp-content\/uploads\/2025\/01\/placa2025b-1024x721.png",800,563,true],"1536x1536":["https:\/\/visitantes.auger.org.ar\/wp-content\/uploads\/2025\/01\/placa2025b.png",1197,843,false],"2048x2048":["https:\/\/visitantes.auger.org.ar\/wp-content\/uploads\/2025\/01\/placa2025b.png",1197,843,false]},"rttpg_author":{"display_name":"Beatriz Garcia","author_link":"https:\/\/visitantes.auger.org.ar\/index.php\/author\/beatriz\/"},"rttpg_comment":0,"rttpg_category":"<a href=\"https:\/\/visitantes.auger.org.ar\/index.php\/category\/auger\/\" rel=\"category tag\">Auger<\/a> <a href=\"https:\/\/visitantes.auger.org.ar\/index.php\/category\/uncategorized\/\" rel=\"category tag\">Uncategorized<\/a>","rttpg_excerpt":"Tras un a\u00f1o de intenso trabajo, el Observatorio Pierre Auger se prepara para nuevos desaf\u00edos en 2025. Desde la extensi\u00f3n de las actividades del Observatorio hasta 2035, las publicaciones de alto valor ciet\u00edfico, las presentaciones en congresos y conferencias, la formaci\u00f3n de investigadores y t\u00e9cnicos altamente capacitados, hasta las nuevas propuestas para la atenci\u00f3n de&hellip;","_links":{"self":[{"href":"https:\/\/visitantes.auger.org.ar\/index.php\/wp-json\/wp\/v2\/posts\/8921","targetHints":{"allow":["GET"]}}],"collection":[{"href":"https:\/\/visitantes.auger.org.ar\/index.php\/wp-json\/wp\/v2\/posts"}],"about":[{"href":"https:\/\/visitantes.auger.org.ar\/index.php\/wp-json\/wp\/v2\/types\/post"}],"author":[{"embeddable":true,"href":"https:\/\/visitantes.auger.org.ar\/index.php\/wp-json\/wp\/v2\/users\/6"}],"replies":[{"embeddable":true,"href":"https:\/\/visitantes.auger.org.ar\/index.php\/wp-json\/wp\/v2\/comments?post=8921"}],"version-history":[{"count":5,"href":"https:\/\/visitantes.auger.org.ar\/index.php\/wp-json\/wp\/v2\/posts\/8921\/revisions"}],"predecessor-version":[{"id":8936,"href":"https:\/\/visitantes.auger.org.ar\/index.php\/wp-json\/wp\/v2\/posts\/8921\/revisions\/8936"}],"wp:featuredmedia":[{"embeddable":true,"href":"https:\/\/visitantes.auger.org.ar\/index.php\/wp-json\/wp\/v2\/media\/8825"}],"wp:attachment":[{"href":"https:\/\/visitantes.auger.org.ar\/index.php\/wp-json\/wp\/v2\/media?parent=8921"}],"wp:term":[{"taxonomy":"category","embeddable":true,"href":"https:\/\/visitantes.auger.org.ar\/index.php\/wp-json\/wp\/v2\/categories?post=8921"},{"taxonomy":"post_tag","embeddable":true,"href":"https:\/\/visitantes.auger.org.ar\/index.php\/wp-json\/wp\/v2\/tags?post=8921"}],"curies":[{"name":"wp","href":"https:\/\/api.w.org\/{rel}","templated":true}]}}