{"id":9029,"date":"2025-02-11T10:04:29","date_gmt":"2025-02-11T13:04:29","guid":{"rendered":"https:\/\/visitantes.auger.org.ar\/?p=9029"},"modified":"2025-02-11T10:44:11","modified_gmt":"2025-02-11T13:44:11","slug":"11-de-febrero-dia-internacional-de-la-mujer-y-la-nina-en-ciencias","status":"publish","type":"post","link":"https:\/\/visitantes.auger.org.ar\/index.php\/11-de-febrero-dia-internacional-de-la-mujer-y-la-nina-en-ciencias\/","title":{"rendered":"11 de Febrero: D\u00eda Internacional de la Mujer y la Ni\u00f1a en Ciencias"},"content":{"rendered":"\t\t<div data-elementor-type=\"wp-post\" data-elementor-id=\"9029\" class=\"elementor elementor-9029\">\n\t\t\t\t\t\t<section class=\"elementor-section elementor-top-section elementor-element elementor-element-5e5ba93 elementor-section-boxed elementor-section-height-default elementor-section-height-default\" data-id=\"5e5ba93\" data-element_type=\"section\" data-e-type=\"section\">\n\t\t\t\t\t\t<div class=\"elementor-container elementor-column-gap-default\">\n\t\t\t\t\t<div class=\"elementor-column elementor-col-100 elementor-top-column elementor-element elementor-element-48568668\" data-id=\"48568668\" data-element_type=\"column\" data-e-type=\"column\">\n\t\t\t<div class=\"elementor-widget-wrap elementor-element-populated\">\n\t\t\t\t\t\t<div class=\"elementor-element elementor-element-5ce6065e elementor-widget elementor-widget-text-editor\" data-id=\"5ce6065e\" data-element_type=\"widget\" data-e-type=\"widget\" data-widget_type=\"text-editor.default\">\n\t\t\t\t<div class=\"elementor-widget-container\">\n\t\t\t\t\t\t\t\t\t\n<p>El Observatorio Pierre Auger desea celebrar el trabajo de las cient\u00edficas en la Colaboraci\u00f3n Internacional y reforzar su compromiso de incluir a las mujeres educadoras en ciencia y a las ni\u00f1as y j\u00f3venes curiosas por entender el mundo natural, en el desafio del trabajo cient\u00edfico.<\/p>\n\n<p>Este a\u00f1o, recibimos el saludo especial de una de las astr\u00f3nomas m\u00e1s famosas en el mundo, Jocelyn Bell.<\/p>\n\n<p><em><strong>Children of Malarg\u00fce \u2013 hello! <\/strong><\/em><\/p>\n<p><em><strong>Greetings from Oxford, in the United Kingdom (two small islands off the coast of Europe).<br \/>I am an astronomer \u2013 I study stars and galaxies \u2013 and I know of the big \u2018Pierre Auger Observatory\u2019 which is near your home. That Observatory is working well and has recently made an important discovery, which I read about with excitement!\u00a0 I hope some of you, girls as well as boys, like science and maybe will become scientists when you grow up. The world needs good scientists.\u00a0 With all best wishes,<br \/>\u00a0Jocelyn Bell Burnell<\/strong><\/em><\/p>\n\n<p>Pueden ver el video que le dedicamos en nuestro canal de YouTube:<\/p>\n<p><span style=\"color: #0000ff;\"><\/span><\/p>\n<p><a href=\"https:\/\/www.youtube.com\/@observatoriopierreauger\"><span style=\"color: #0000ff;\">https:\/\/www.youtube.com\/@observatoriopierreauger<\/span><\/a><\/p>\n\n<p>\u00a0<\/p>\n\n<p>Feliz 11 de febrero de 2025!<\/p>\n\n<p>\u00a0<\/p>\n\t\t\t\t\t\t\t\t<\/div>\n\t\t\t\t<\/div>\n\t\t\t\t\t<\/div>\n\t\t<\/div>\n\t\t\t\t\t<\/div>\n\t\t<\/section>\n\t\t\t\t<\/div>\n\t\t","protected":false},"excerpt":{"rendered":"<p>El Observatorio Pierre Auger desea celebrar el trabajo de las cient\u00edficas en la Colaboraci\u00f3n Internacional y reforzar su compromiso de incluir a las mujeres educadoras en ciencia y a las ni\u00f1as y j\u00f3venes curiosas por entender el mundo natural, en el desafio del trabajo cient\u00edfico. Este a\u00f1o, recibimos el saludo especial de una de las [&hellip;]<\/p>\n","protected":false},"author":6,"featured_media":9032,"comment_status":"closed","ping_status":"open","sticky":false,"template":"","format":"standard","meta":{"_jetpack_memberships_contains_paid_content":false,"footnotes":""},"categories":[1],"tags":[],"class_list":["post-9029","post","type-post","status-publish","format-standard","has-post-thumbnail","hentry","category-uncategorized"],"jetpack_featured_media_url":"https:\/\/visitantes.auger.org.ar\/wp-content\/uploads\/2025\/02\/ID2.jpg","jetpack_sharing_enabled":true,"rttpg_featured_image_url":{"full":["https:\/\/visitantes.auger.org.ar\/wp-content\/uploads\/2025\/02\/ID2.jpg",1477,930,false],"landscape":["https:\/\/visitantes.auger.org.ar\/wp-content\/uploads\/2025\/02\/ID2.jpg",1477,930,false],"portraits":["https:\/\/visitantes.auger.org.ar\/wp-content\/uploads\/2025\/02\/ID2.jpg",1477,930,false],"thumbnail":["https:\/\/visitantes.auger.org.ar\/wp-content\/uploads\/2025\/02\/ID2-250x250.jpg",250,250,true],"medium":["https:\/\/visitantes.auger.org.ar\/wp-content\/uploads\/2025\/02\/ID2-300x189.jpg",300,189,true],"large":["https:\/\/visitantes.auger.org.ar\/wp-content\/uploads\/2025\/02\/ID2-1024x645.jpg",800,504,true],"1536x1536":["https:\/\/visitantes.auger.org.ar\/wp-content\/uploads\/2025\/02\/ID2.jpg",1477,930,false],"2048x2048":["https:\/\/visitantes.auger.org.ar\/wp-content\/uploads\/2025\/02\/ID2.jpg",1477,930,false]},"rttpg_author":{"display_name":"Beatriz Garcia","author_link":"https:\/\/visitantes.auger.org.ar\/index.php\/author\/beatriz\/"},"rttpg_comment":0,"rttpg_category":"<a href=\"https:\/\/visitantes.auger.org.ar\/index.php\/category\/uncategorized\/\" rel=\"category tag\">Uncategorized<\/a>","rttpg_excerpt":"El Observatorio Pierre Auger desea celebrar el trabajo de las cient\u00edficas en la Colaboraci\u00f3n Internacional y reforzar su compromiso de incluir a las mujeres educadoras en ciencia y a las ni\u00f1as y j\u00f3venes curiosas por entender el mundo natural, en el desafio del trabajo cient\u00edfico. Este a\u00f1o, recibimos el saludo especial de una de las&hellip;","_links":{"self":[{"href":"https:\/\/visitantes.auger.org.ar\/index.php\/wp-json\/wp\/v2\/posts\/9029","targetHints":{"allow":["GET"]}}],"collection":[{"href":"https:\/\/visitantes.auger.org.ar\/index.php\/wp-json\/wp\/v2\/posts"}],"about":[{"href":"https:\/\/visitantes.auger.org.ar\/index.php\/wp-json\/wp\/v2\/types\/post"}],"author":[{"embeddable":true,"href":"https:\/\/visitantes.auger.org.ar\/index.php\/wp-json\/wp\/v2\/users\/6"}],"replies":[{"embeddable":true,"href":"https:\/\/visitantes.auger.org.ar\/index.php\/wp-json\/wp\/v2\/comments?post=9029"}],"version-history":[{"count":9,"href":"https:\/\/visitantes.auger.org.ar\/index.php\/wp-json\/wp\/v2\/posts\/9029\/revisions"}],"predecessor-version":[{"id":9065,"href":"https:\/\/visitantes.auger.org.ar\/index.php\/wp-json\/wp\/v2\/posts\/9029\/revisions\/9065"}],"wp:featuredmedia":[{"embeddable":true,"href":"https:\/\/visitantes.auger.org.ar\/index.php\/wp-json\/wp\/v2\/media\/9032"}],"wp:attachment":[{"href":"https:\/\/visitantes.auger.org.ar\/index.php\/wp-json\/wp\/v2\/media?parent=9029"}],"wp:term":[{"taxonomy":"category","embeddable":true,"href":"https:\/\/visitantes.auger.org.ar\/index.php\/wp-json\/wp\/v2\/categories?post=9029"},{"taxonomy":"post_tag","embeddable":true,"href":"https:\/\/visitantes.auger.org.ar\/index.php\/wp-json\/wp\/v2\/tags?post=9029"}],"curies":[{"name":"wp","href":"https:\/\/api.w.org\/{rel}","templated":true}]}}