{"id":9219,"date":"2025-03-11T19:46:23","date_gmt":"2025-03-11T22:46:23","guid":{"rendered":"https:\/\/visitantes.auger.org.ar\/?p=9219"},"modified":"2025-03-11T19:48:30","modified_gmt":"2025-03-11T22:48:30","slug":"auger-en-foco-10","status":"publish","type":"post","link":"https:\/\/visitantes.auger.org.ar\/index.php\/auger-en-foco-10\/","title":{"rendered":"Auger en Foco #10"},"content":{"rendered":"\n<p>En la semana de la Reuni\u00f3n de la Colaboraci\u00f3n Internacional en el Observatorio Pierre Auger (9-14 de febrero de 2025), tenemos el gusto de anunciar el lanzamiento del N\u00famero 10 de <em>Auger en Foco<\/em> (en castellano e ingl\u00e9s).<\/p>\n\n\n\n<p>Como complemento  del n\u00famero anterior, sobre Datos P\u00fablicos, en esta oportunidad podr\u00e1n saber m\u00e1s sobre las Clases Magistrales  que el Observatorio organiza con estudiantes de nivel medio de todo el mundo.<\/p>\n\n\n\n<p>Auger en Foco puede dscargarse  desde <a href=\"https:\/\/visitantes.auger.org.ar\/index.php\/auger-en-foco\/\">AQU\u00ed<\/a><\/p>\n","protected":false},"excerpt":{"rendered":"<p>En la semana de la Reuni\u00f3n de la Colaboraci\u00f3n Internacional en el Observatorio Pierre Auger (9-14 de febrero de 2025), tenemos el gusto de anunciar el lanzamiento del N\u00famero 10 de Auger en Foco (en castellano e ingl\u00e9s). Como complemento del n\u00famero anterior, sobre Datos P\u00fablicos, en esta oportunidad podr\u00e1n saber m\u00e1s sobre las Clases [&hellip;]<\/p>\n","protected":false},"author":6,"featured_media":9222,"comment_status":"closed","ping_status":"open","sticky":false,"template":"","format":"standard","meta":{"_jetpack_memberships_contains_paid_content":false,"footnotes":""},"categories":[1],"tags":[],"class_list":["post-9219","post","type-post","status-publish","format-standard","has-post-thumbnail","hentry","category-uncategorized"],"jetpack_featured_media_url":"https:\/\/visitantes.auger.org.ar\/wp-content\/uploads\/2025\/03\/nun10-e1741963355636.png","jetpack_sharing_enabled":true,"rttpg_featured_image_url":{"full":["https:\/\/visitantes.auger.org.ar\/wp-content\/uploads\/2025\/03\/nun10-e1741963355636.png",1047,505,false],"landscape":["https:\/\/visitantes.auger.org.ar\/wp-content\/uploads\/2025\/03\/nun10-e1741963355636.png",1047,505,false],"portraits":["https:\/\/visitantes.auger.org.ar\/wp-content\/uploads\/2025\/03\/nun10-e1741963355636.png",1047,505,false],"thumbnail":["https:\/\/visitantes.auger.org.ar\/wp-content\/uploads\/2025\/03\/nun10-e1741963355636-250x250.png",250,250,true],"medium":["https:\/\/visitantes.auger.org.ar\/wp-content\/uploads\/2025\/03\/nun10-e1741963355636-300x145.png",300,145,true],"large":["https:\/\/visitantes.auger.org.ar\/wp-content\/uploads\/2025\/03\/nun10-e1741963355636-1024x494.png",800,386,true],"1536x1536":["https:\/\/visitantes.auger.org.ar\/wp-content\/uploads\/2025\/03\/nun10-e1741963355636.png",1047,505,false],"2048x2048":["https:\/\/visitantes.auger.org.ar\/wp-content\/uploads\/2025\/03\/nun10-e1741963355636.png",1047,505,false]},"rttpg_author":{"display_name":"Beatriz Garcia","author_link":"https:\/\/visitantes.auger.org.ar\/index.php\/author\/beatriz\/"},"rttpg_comment":0,"rttpg_category":"<a href=\"https:\/\/visitantes.auger.org.ar\/index.php\/category\/uncategorized\/\" rel=\"category tag\">Uncategorized<\/a>","rttpg_excerpt":"En la semana de la Reuni\u00f3n de la Colaboraci\u00f3n Internacional en el Observatorio Pierre Auger (9-14 de febrero de 2025), tenemos el gusto de anunciar el lanzamiento del N\u00famero 10 de Auger en Foco (en castellano e ingl\u00e9s). Como complemento del n\u00famero anterior, sobre Datos P\u00fablicos, en esta oportunidad podr\u00e1n saber m\u00e1s sobre las Clases&hellip;","_links":{"self":[{"href":"https:\/\/visitantes.auger.org.ar\/index.php\/wp-json\/wp\/v2\/posts\/9219","targetHints":{"allow":["GET"]}}],"collection":[{"href":"https:\/\/visitantes.auger.org.ar\/index.php\/wp-json\/wp\/v2\/posts"}],"about":[{"href":"https:\/\/visitantes.auger.org.ar\/index.php\/wp-json\/wp\/v2\/types\/post"}],"author":[{"embeddable":true,"href":"https:\/\/visitantes.auger.org.ar\/index.php\/wp-json\/wp\/v2\/users\/6"}],"replies":[{"embeddable":true,"href":"https:\/\/visitantes.auger.org.ar\/index.php\/wp-json\/wp\/v2\/comments?post=9219"}],"version-history":[{"count":2,"href":"https:\/\/visitantes.auger.org.ar\/index.php\/wp-json\/wp\/v2\/posts\/9219\/revisions"}],"predecessor-version":[{"id":9231,"href":"https:\/\/visitantes.auger.org.ar\/index.php\/wp-json\/wp\/v2\/posts\/9219\/revisions\/9231"}],"wp:featuredmedia":[{"embeddable":true,"href":"https:\/\/visitantes.auger.org.ar\/index.php\/wp-json\/wp\/v2\/media\/9222"}],"wp:attachment":[{"href":"https:\/\/visitantes.auger.org.ar\/index.php\/wp-json\/wp\/v2\/media?parent=9219"}],"wp:term":[{"taxonomy":"category","embeddable":true,"href":"https:\/\/visitantes.auger.org.ar\/index.php\/wp-json\/wp\/v2\/categories?post=9219"},{"taxonomy":"post_tag","embeddable":true,"href":"https:\/\/visitantes.auger.org.ar\/index.php\/wp-json\/wp\/v2\/tags?post=9219"}],"curies":[{"name":"wp","href":"https:\/\/api.w.org\/{rel}","templated":true}]}}