{"id":9261,"date":"2025-03-14T10:06:31","date_gmt":"2025-03-14T13:06:31","guid":{"rendered":"https:\/\/visitantes.auger.org.ar\/?p=9261"},"modified":"2025-03-14T10:07:50","modified_gmt":"2025-03-14T13:07:50","slug":"masterclass-en-eclipse","status":"publish","type":"post","link":"https:\/\/visitantes.auger.org.ar\/index.php\/masterclass-en-eclipse\/","title":{"rendered":"Masterclass en Eclipse"},"content":{"rendered":"\n<p>A las 4:00 AM (hora Argentina) del 14 de mazro de 2025 se inici\u00f3 la visita virtual en el Observatorio Pierre Auger, parte de la Clase Maestra del Observatorio para estudiantes en Asia. La visita coincidi\u00f3 con el m\u00e1ximo de cobertura de la Luna por parte de la sombra de la Tierra: un eclipse total de Luna (a las 3:58 AM de Argentina).<\/p>\n\n\n\n<p>Por primera vez, fue posible realizar la visita durante la madrugada y, a la vez, compartir un evento astron\u00f3mico de impacto, como es un eclipse total de Luna.<\/p>\n\n\n\n<p>El mosaico de im\u00e1genes que acompa\u00f1an esta noticia, fue posible gracias a los &#8220;fot\u00f3grafos&#8221; de la Colaboraci\u00f3n en el Observatorio Pierre Auger Bjarni Pont (im\u00e1genes izquierda y derecha, en el campus del Observatorio. Gabriel Brichetto estuvo a cargo de la visita virtual) y Martin Masek (imagen central con  Luna en el momento del  eclipse total, adquirida con el telescopio de 30 cm FRAM, en Los Leones.<\/p>\n\n\n\n<p><\/p>\n","protected":false},"excerpt":{"rendered":"<p>A las 4:00 AM (hora Argentina) del 14 de mazro de 2025 se inici\u00f3 la visita virtual en el Observatorio Pierre Auger, parte de la Clase Maestra del Observatorio para estudiantes en Asia. La visita coincidi\u00f3 con el m\u00e1ximo de cobertura de la Luna por parte de la sombra de la Tierra: un eclipse total [&hellip;]<\/p>\n","protected":false},"author":6,"featured_media":9264,"comment_status":"closed","ping_status":"open","sticky":false,"template":"","format":"standard","meta":{"_jetpack_memberships_contains_paid_content":false,"footnotes":""},"categories":[1],"tags":[],"class_list":["post-9261","post","type-post","status-publish","format-standard","has-post-thumbnail","hentry","category-uncategorized"],"jetpack_featured_media_url":"https:\/\/visitantes.auger.org.ar\/wp-content\/uploads\/2025\/03\/mosaico-14.png","jetpack_sharing_enabled":true,"rttpg_featured_image_url":{"full":["https:\/\/visitantes.auger.org.ar\/wp-content\/uploads\/2025\/03\/mosaico-14.png",1606,834,false],"landscape":["https:\/\/visitantes.auger.org.ar\/wp-content\/uploads\/2025\/03\/mosaico-14.png",1606,834,false],"portraits":["https:\/\/visitantes.auger.org.ar\/wp-content\/uploads\/2025\/03\/mosaico-14.png",1606,834,false],"thumbnail":["https:\/\/visitantes.auger.org.ar\/wp-content\/uploads\/2025\/03\/mosaico-14-250x250.png",250,250,true],"medium":["https:\/\/visitantes.auger.org.ar\/wp-content\/uploads\/2025\/03\/mosaico-14-300x156.png",300,156,true],"large":["https:\/\/visitantes.auger.org.ar\/wp-content\/uploads\/2025\/03\/mosaico-14-1024x532.png",800,416,true],"1536x1536":["https:\/\/visitantes.auger.org.ar\/wp-content\/uploads\/2025\/03\/mosaico-14-1536x798.png",1536,798,true],"2048x2048":["https:\/\/visitantes.auger.org.ar\/wp-content\/uploads\/2025\/03\/mosaico-14.png",1606,834,false]},"rttpg_author":{"display_name":"Beatriz Garcia","author_link":"https:\/\/visitantes.auger.org.ar\/index.php\/author\/beatriz\/"},"rttpg_comment":0,"rttpg_category":"<a href=\"https:\/\/visitantes.auger.org.ar\/index.php\/category\/uncategorized\/\" rel=\"category tag\">Uncategorized<\/a>","rttpg_excerpt":"A las 4:00 AM (hora Argentina) del 14 de mazro de 2025 se inici\u00f3 la visita virtual en el Observatorio Pierre Auger, parte de la Clase Maestra del Observatorio para estudiantes en Asia. La visita coincidi\u00f3 con el m\u00e1ximo de cobertura de la Luna por parte de la sombra de la Tierra: un eclipse total&hellip;","_links":{"self":[{"href":"https:\/\/visitantes.auger.org.ar\/index.php\/wp-json\/wp\/v2\/posts\/9261","targetHints":{"allow":["GET"]}}],"collection":[{"href":"https:\/\/visitantes.auger.org.ar\/index.php\/wp-json\/wp\/v2\/posts"}],"about":[{"href":"https:\/\/visitantes.auger.org.ar\/index.php\/wp-json\/wp\/v2\/types\/post"}],"author":[{"embeddable":true,"href":"https:\/\/visitantes.auger.org.ar\/index.php\/wp-json\/wp\/v2\/users\/6"}],"replies":[{"embeddable":true,"href":"https:\/\/visitantes.auger.org.ar\/index.php\/wp-json\/wp\/v2\/comments?post=9261"}],"version-history":[{"count":2,"href":"https:\/\/visitantes.auger.org.ar\/index.php\/wp-json\/wp\/v2\/posts\/9261\/revisions"}],"predecessor-version":[{"id":9270,"href":"https:\/\/visitantes.auger.org.ar\/index.php\/wp-json\/wp\/v2\/posts\/9261\/revisions\/9270"}],"wp:featuredmedia":[{"embeddable":true,"href":"https:\/\/visitantes.auger.org.ar\/index.php\/wp-json\/wp\/v2\/media\/9264"}],"wp:attachment":[{"href":"https:\/\/visitantes.auger.org.ar\/index.php\/wp-json\/wp\/v2\/media?parent=9261"}],"wp:term":[{"taxonomy":"category","embeddable":true,"href":"https:\/\/visitantes.auger.org.ar\/index.php\/wp-json\/wp\/v2\/categories?post=9261"},{"taxonomy":"post_tag","embeddable":true,"href":"https:\/\/visitantes.auger.org.ar\/index.php\/wp-json\/wp\/v2\/tags?post=9261"}],"curies":[{"name":"wp","href":"https:\/\/api.w.org\/{rel}","templated":true}]}}