{"id":9309,"date":"2025-04-06T15:01:20","date_gmt":"2025-04-06T18:01:20","guid":{"rendered":"https:\/\/visitantes.auger.org.ar\/?p=9309"},"modified":"2025-04-06T15:10:00","modified_gmt":"2025-04-06T18:10:00","slug":"el-observatorio-pierre-auger-y-la-comunidad","status":"publish","type":"post","link":"https:\/\/visitantes.auger.org.ar\/index.php\/el-observatorio-pierre-auger-y-la-comunidad\/","title":{"rendered":"El Observatorio Pierre Auger y la comunidad"},"content":{"rendered":"\t\t<div data-elementor-type=\"wp-post\" data-elementor-id=\"9309\" class=\"elementor elementor-9309\">\n\t\t\t\t\t\t<section class=\"elementor-section elementor-top-section elementor-element elementor-element-5a5df9e4 elementor-section-boxed elementor-section-height-default elementor-section-height-default\" data-id=\"5a5df9e4\" data-element_type=\"section\" data-e-type=\"section\">\n\t\t\t\t\t\t<div class=\"elementor-container elementor-column-gap-default\">\n\t\t\t\t\t<div class=\"elementor-column elementor-col-100 elementor-top-column elementor-element elementor-element-697c490f\" data-id=\"697c490f\" data-element_type=\"column\" data-e-type=\"column\">\n\t\t\t<div class=\"elementor-widget-wrap elementor-element-populated\">\n\t\t\t\t\t\t<div class=\"elementor-element elementor-element-6ef87eb3 elementor-widget elementor-widget-text-editor\" data-id=\"6ef87eb3\" data-element_type=\"widget\" data-e-type=\"widget\" data-widget_type=\"text-editor.default\">\n\t\t\t\t<div class=\"elementor-widget-container\">\n\t\t\t\t\t\t\t\t\t<ul class=\"wp-block-list\">\n<li style=\"list-style-type: none;\">\n<ul class=\"wp-block-list\"><\/ul>\n<\/li>\n<\/ul>\n<ul class=\"wp-block-list\">\n<li style=\"list-style-type: none;\">&nbsp;<\/li>\n<\/ul>\n<p><\/p>\n<p>La \u00faltima edici\u00f3n de la revista del <span style=\"color: #0000ff;\"><a style=\"color: #0000ff;\" href=\"https:\/\/www.kit.edu\/english\/\">Karlsruhe Institute of Technology<\/a><\/span> (KIT), LOOKIT, incluye un ejemplo de c\u00f3mo el esp\u00edritu de la Colaboraci\u00f3n en el Observatorio Pierre Auger se traslada a la comunidad de Malarg\u00fce, a trav\u00e9s de la participaci\u00f3n en el desfile que celebra el aniversario de la ciudad, el 16 de noviembre.<\/p>\n<p><\/p>\n<p>El texto completo del art\u00edculo puede verse (y descargarse) <a href=\"https:\/\/www.sts.kit.edu\/downloads\/lookkit-202501.pdf\"><span style=\"color: #0000ff;\">AQU\u00cd<\/span><\/a> (p\u00e1g. 47)<\/p>\n<p><\/p>\n<p><\/p>\t\t\t\t\t\t\t\t<\/div>\n\t\t\t\t<\/div>\n\t\t\t\t\t<\/div>\n\t\t<\/div>\n\t\t\t\t\t<\/div>\n\t\t<\/section>\n\t\t\t\t<\/div>\n\t\t","protected":false},"excerpt":{"rendered":"<p>La \u00faltima edici\u00f3n de la revista del Karlsruhe Institute of Technology (KIT), LOOKIT, incluye un ejemplo de c\u00f3mo el esp\u00edritu de la Colaboraci\u00f3n en el Observatorio Pierre Auger se traslada a la comunidad de Malarg\u00fce, a trav\u00e9s de la participaci\u00f3n en el desfile que celebra el aniversario de la ciudad, el 16 de noviembre. El [&hellip;]<\/p>\n","protected":false},"author":6,"featured_media":9279,"comment_status":"closed","ping_status":"open","sticky":false,"template":"","format":"standard","meta":{"_jetpack_memberships_contains_paid_content":false,"footnotes":""},"categories":[1],"tags":[],"class_list":["post-9309","post","type-post","status-publish","format-standard","has-post-thumbnail","hentry","category-uncategorized"],"jetpack_featured_media_url":"https:\/\/visitantes.auger.org.ar\/wp-content\/uploads\/2025\/04\/pubKIT2.jpg","jetpack_sharing_enabled":true,"rttpg_featured_image_url":{"full":["https:\/\/visitantes.auger.org.ar\/wp-content\/uploads\/2025\/04\/pubKIT2.jpg",1526,1332,false],"landscape":["https:\/\/visitantes.auger.org.ar\/wp-content\/uploads\/2025\/04\/pubKIT2.jpg",1526,1332,false],"portraits":["https:\/\/visitantes.auger.org.ar\/wp-content\/uploads\/2025\/04\/pubKIT2.jpg",1526,1332,false],"thumbnail":["https:\/\/visitantes.auger.org.ar\/wp-content\/uploads\/2025\/04\/pubKIT2-250x250.jpg",250,250,true],"medium":["https:\/\/visitantes.auger.org.ar\/wp-content\/uploads\/2025\/04\/pubKIT2-300x262.jpg",300,262,true],"large":["https:\/\/visitantes.auger.org.ar\/wp-content\/uploads\/2025\/04\/pubKIT2-1024x894.jpg",800,698,true],"1536x1536":["https:\/\/visitantes.auger.org.ar\/wp-content\/uploads\/2025\/04\/pubKIT2.jpg",1526,1332,false],"2048x2048":["https:\/\/visitantes.auger.org.ar\/wp-content\/uploads\/2025\/04\/pubKIT2.jpg",1526,1332,false]},"rttpg_author":{"display_name":"Beatriz Garcia","author_link":"https:\/\/visitantes.auger.org.ar\/index.php\/author\/beatriz\/"},"rttpg_comment":0,"rttpg_category":"<a href=\"https:\/\/visitantes.auger.org.ar\/index.php\/category\/uncategorized\/\" rel=\"category tag\">Uncategorized<\/a>","rttpg_excerpt":"La \u00faltima edici\u00f3n de la revista del Karlsruhe Institute of Technology (KIT), LOOKIT, incluye un ejemplo de c\u00f3mo el esp\u00edritu de la Colaboraci\u00f3n en el Observatorio Pierre Auger se traslada a la comunidad de Malarg\u00fce, a trav\u00e9s de la participaci\u00f3n en el desfile que celebra el aniversario de la ciudad, el 16 de noviembre. El&hellip;","_links":{"self":[{"href":"https:\/\/visitantes.auger.org.ar\/index.php\/wp-json\/wp\/v2\/posts\/9309","targetHints":{"allow":["GET"]}}],"collection":[{"href":"https:\/\/visitantes.auger.org.ar\/index.php\/wp-json\/wp\/v2\/posts"}],"about":[{"href":"https:\/\/visitantes.auger.org.ar\/index.php\/wp-json\/wp\/v2\/types\/post"}],"author":[{"embeddable":true,"href":"https:\/\/visitantes.auger.org.ar\/index.php\/wp-json\/wp\/v2\/users\/6"}],"replies":[{"embeddable":true,"href":"https:\/\/visitantes.auger.org.ar\/index.php\/wp-json\/wp\/v2\/comments?post=9309"}],"version-history":[{"count":7,"href":"https:\/\/visitantes.auger.org.ar\/index.php\/wp-json\/wp\/v2\/posts\/9309\/revisions"}],"predecessor-version":[{"id":9330,"href":"https:\/\/visitantes.auger.org.ar\/index.php\/wp-json\/wp\/v2\/posts\/9309\/revisions\/9330"}],"wp:featuredmedia":[{"embeddable":true,"href":"https:\/\/visitantes.auger.org.ar\/index.php\/wp-json\/wp\/v2\/media\/9279"}],"wp:attachment":[{"href":"https:\/\/visitantes.auger.org.ar\/index.php\/wp-json\/wp\/v2\/media?parent=9309"}],"wp:term":[{"taxonomy":"category","embeddable":true,"href":"https:\/\/visitantes.auger.org.ar\/index.php\/wp-json\/wp\/v2\/categories?post=9309"},{"taxonomy":"post_tag","embeddable":true,"href":"https:\/\/visitantes.auger.org.ar\/index.php\/wp-json\/wp\/v2\/tags?post=9309"}],"curies":[{"name":"wp","href":"https:\/\/api.w.org\/{rel}","templated":true}]}}