{"id":9339,"date":"2025-05-08T20:48:39","date_gmt":"2025-05-08T23:48:39","guid":{"rendered":"https:\/\/visitantes.auger.org.ar\/?p=9339"},"modified":"2025-05-08T20:48:41","modified_gmt":"2025-05-08T23:48:41","slug":"distribucion-de-rayos-cosmicos-de-ultra-alta-energia-a-lo-largo-del-plano-supergalactico-medida-en-el-observatorio-pierre-auger","status":"publish","type":"post","link":"https:\/\/visitantes.auger.org.ar\/index.php\/distribucion-de-rayos-cosmicos-de-ultra-alta-energia-a-lo-largo-del-plano-supergalactico-medida-en-el-observatorio-pierre-auger\/","title":{"rendered":"Distribuci\u00f3n de rayos c\u00f3smicos de ultra alta energ\u00eda a lo largo del plano supergal\u00e1ctico medida en el Observatorio Pierre Auger"},"content":{"rendered":"\n<p>El Observatorio Pierre Auger analiz\u00f3 la llegada de rayos c\u00f3smicos de ultra alta energ\u00eda (>20 EeV) hasta diciembre de 2022, buscando correlaciones con la estructura del Universo local, espec\u00edficamente el plano supergal\u00e1ctico. Se encontr\u00f3 un exceso significativo (3.1\u03c3 post-ensayo) en la regi\u00f3n de Centaurus (que confrma resultados anteriores), extendi\u00e9ndose a energ\u00edas m\u00e1s bajas que estudios previos. No se confirmaron los excesos reportados por Telescope Array en el hemisferio norte, siendo los resultados del Observatorio Auger consistentes con una distribuci\u00f3n is\u00f3tropa en esas regiones.<\/p>\n\n\n\n<p>El art\u00edculo completo, publicado  el 5 de mayo de 2025 en el Astrophysical Jounal, puede leerse (y descargarse) de <a href=\"https:\/\/iopscience.iop.org\/article\/10.3847\/1538-4357\/adbdc5\">este enlace<\/a>.<\/p>\n\n\n\n<p>La im\u00e1gen que acompa\u00f1a a esta entrada corresponde a Centaurus A en diferentes longitudes de onda (Cr\u00e9dito: Hubble, Spitzer, Chandra, VLA)<\/p>\n\n\n\n<p><\/p>\n","protected":false},"excerpt":{"rendered":"<p>El Observatorio Pierre Auger analiz\u00f3 la llegada de rayos c\u00f3smicos de ultra alta energ\u00eda (>20 EeV) hasta diciembre de 2022, buscando correlaciones con la estructura del Universo local, espec\u00edficamente el plano supergal\u00e1ctico. Se encontr\u00f3 un exceso significativo (3.1\u03c3 post-ensayo) en la regi\u00f3n de Centaurus (que confrma resultados anteriores), extendi\u00e9ndose a energ\u00edas m\u00e1s bajas que estudios [&hellip;]<\/p>\n","protected":false},"author":6,"featured_media":9342,"comment_status":"closed","ping_status":"open","sticky":false,"template":"","format":"standard","meta":{"_jetpack_memberships_contains_paid_content":false,"footnotes":""},"categories":[1],"tags":[],"class_list":["post-9339","post","type-post","status-publish","format-standard","has-post-thumbnail","hentry","category-uncategorized"],"jetpack_featured_media_url":"https:\/\/visitantes.auger.org.ar\/wp-content\/uploads\/2025\/05\/STScI-01F0SYH3M0SVCZQ51WEGPXCWG4.png","jetpack_sharing_enabled":true,"rttpg_featured_image_url":{"full":["https:\/\/visitantes.auger.org.ar\/wp-content\/uploads\/2025\/05\/STScI-01F0SYH3M0SVCZQ51WEGPXCWG4.png",1280,720,false],"landscape":["https:\/\/visitantes.auger.org.ar\/wp-content\/uploads\/2025\/05\/STScI-01F0SYH3M0SVCZQ51WEGPXCWG4.png",1280,720,false],"portraits":["https:\/\/visitantes.auger.org.ar\/wp-content\/uploads\/2025\/05\/STScI-01F0SYH3M0SVCZQ51WEGPXCWG4.png",1280,720,false],"thumbnail":["https:\/\/visitantes.auger.org.ar\/wp-content\/uploads\/2025\/05\/STScI-01F0SYH3M0SVCZQ51WEGPXCWG4-250x250.png",250,250,true],"medium":["https:\/\/visitantes.auger.org.ar\/wp-content\/uploads\/2025\/05\/STScI-01F0SYH3M0SVCZQ51WEGPXCWG4-300x169.png",300,169,true],"large":["https:\/\/visitantes.auger.org.ar\/wp-content\/uploads\/2025\/05\/STScI-01F0SYH3M0SVCZQ51WEGPXCWG4-1024x576.png",800,450,true],"1536x1536":["https:\/\/visitantes.auger.org.ar\/wp-content\/uploads\/2025\/05\/STScI-01F0SYH3M0SVCZQ51WEGPXCWG4.png",1280,720,false],"2048x2048":["https:\/\/visitantes.auger.org.ar\/wp-content\/uploads\/2025\/05\/STScI-01F0SYH3M0SVCZQ51WEGPXCWG4.png",1280,720,false]},"rttpg_author":{"display_name":"Beatriz Garcia","author_link":"https:\/\/visitantes.auger.org.ar\/index.php\/author\/beatriz\/"},"rttpg_comment":0,"rttpg_category":"<a href=\"https:\/\/visitantes.auger.org.ar\/index.php\/category\/uncategorized\/\" rel=\"category tag\">Uncategorized<\/a>","rttpg_excerpt":"El Observatorio Pierre Auger analiz\u00f3 la llegada de rayos c\u00f3smicos de ultra alta energ\u00eda (>20 EeV) hasta diciembre de 2022, buscando correlaciones con la estructura del Universo local, espec\u00edficamente el plano supergal\u00e1ctico. Se encontr\u00f3 un exceso significativo (3.1\u03c3 post-ensayo) en la regi\u00f3n de Centaurus (que confrma resultados anteriores), extendi\u00e9ndose a energ\u00edas m\u00e1s bajas que estudios&hellip;","_links":{"self":[{"href":"https:\/\/visitantes.auger.org.ar\/index.php\/wp-json\/wp\/v2\/posts\/9339","targetHints":{"allow":["GET"]}}],"collection":[{"href":"https:\/\/visitantes.auger.org.ar\/index.php\/wp-json\/wp\/v2\/posts"}],"about":[{"href":"https:\/\/visitantes.auger.org.ar\/index.php\/wp-json\/wp\/v2\/types\/post"}],"author":[{"embeddable":true,"href":"https:\/\/visitantes.auger.org.ar\/index.php\/wp-json\/wp\/v2\/users\/6"}],"replies":[{"embeddable":true,"href":"https:\/\/visitantes.auger.org.ar\/index.php\/wp-json\/wp\/v2\/comments?post=9339"}],"version-history":[{"count":1,"href":"https:\/\/visitantes.auger.org.ar\/index.php\/wp-json\/wp\/v2\/posts\/9339\/revisions"}],"predecessor-version":[{"id":9345,"href":"https:\/\/visitantes.auger.org.ar\/index.php\/wp-json\/wp\/v2\/posts\/9339\/revisions\/9345"}],"wp:featuredmedia":[{"embeddable":true,"href":"https:\/\/visitantes.auger.org.ar\/index.php\/wp-json\/wp\/v2\/media\/9342"}],"wp:attachment":[{"href":"https:\/\/visitantes.auger.org.ar\/index.php\/wp-json\/wp\/v2\/media?parent=9339"}],"wp:term":[{"taxonomy":"category","embeddable":true,"href":"https:\/\/visitantes.auger.org.ar\/index.php\/wp-json\/wp\/v2\/categories?post=9339"},{"taxonomy":"post_tag","embeddable":true,"href":"https:\/\/visitantes.auger.org.ar\/index.php\/wp-json\/wp\/v2\/tags?post=9339"}],"curies":[{"name":"wp","href":"https:\/\/api.w.org\/{rel}","templated":true}]}}