{"id":9428,"date":"2025-07-18T16:27:09","date_gmt":"2025-07-18T19:27:09","guid":{"rendered":"https:\/\/visitantes.auger.org.ar\/?p=9428"},"modified":"2025-07-18T16:27:10","modified_gmt":"2025-07-18T19:27:10","slug":"icrc2025-14-24-de-julio-suiza","status":"publish","type":"post","link":"https:\/\/visitantes.auger.org.ar\/index.php\/icrc2025-14-24-de-julio-suiza\/","title":{"rendered":"ICRC2025: 14\u201324 de julio, Suiza"},"content":{"rendered":"\n<p>Las conferencias ICRC (International Cosmic Rays Conference) se celebran cada dos a\u00f1os desde 1947, auspiciadas por la Comisi\u00f3n C4 (F\u00edsica de Astropart\u00edculas) de la Uni\u00f3n Internacional de F\u00edsica Pura y Aplicada (IUPAP). Los temas principales son la f\u00edsica de rayos c\u00f3smicos, la astrof\u00edsica de altas energ\u00edas y rayos gamma, la astrof\u00edsica de neutrinos, la materia oscura, la f\u00edsica solar y heliosf\u00e9rica, y la astronom\u00eda de m\u00faltiples mensajeros y de ondas gravitacionales.<\/p>\n\n\n\n<p>En 2025 el Observatorio Pierre Auger participa con una delegaci\u00f3n importante de cientificos de los pa\u00edses que forman parte de su Colaboraci\u00f3n Internacional. y la presentaci\u00f3n de 43 contribuciones, dos de ellas  vinculadas con las tareas de educaci\u00f3n y difusi\u00f3n.<\/p>\n","protected":false},"excerpt":{"rendered":"<p>Las conferencias ICRC (International Cosmic Rays Conference) se celebran cada dos a\u00f1os desde 1947, auspiciadas por la Comisi\u00f3n C4 (F\u00edsica de Astropart\u00edculas) de la Uni\u00f3n Internacional de F\u00edsica Pura y Aplicada (IUPAP). Los temas principales son la f\u00edsica de rayos c\u00f3smicos, la astrof\u00edsica de altas energ\u00edas y rayos gamma, la astrof\u00edsica de neutrinos, la materia [&hellip;]<\/p>\n","protected":false},"author":6,"featured_media":9431,"comment_status":"closed","ping_status":"open","sticky":false,"template":"","format":"standard","meta":{"_jetpack_memberships_contains_paid_content":false,"footnotes":""},"categories":[1],"tags":[],"class_list":["post-9428","post","type-post","status-publish","format-standard","has-post-thumbnail","hentry","category-uncategorized"],"jetpack_featured_media_url":"https:\/\/visitantes.auger.org.ar\/wp-content\/uploads\/2025\/07\/grupo2.jpg","jetpack_sharing_enabled":true,"rttpg_featured_image_url":{"full":["https:\/\/visitantes.auger.org.ar\/wp-content\/uploads\/2025\/07\/grupo2.jpg",1506,1158,false],"landscape":["https:\/\/visitantes.auger.org.ar\/wp-content\/uploads\/2025\/07\/grupo2.jpg",1506,1158,false],"portraits":["https:\/\/visitantes.auger.org.ar\/wp-content\/uploads\/2025\/07\/grupo2.jpg",1506,1158,false],"thumbnail":["https:\/\/visitantes.auger.org.ar\/wp-content\/uploads\/2025\/07\/grupo2-250x250.jpg",250,250,true],"medium":["https:\/\/visitantes.auger.org.ar\/wp-content\/uploads\/2025\/07\/grupo2-300x231.jpg",300,231,true],"large":["https:\/\/visitantes.auger.org.ar\/wp-content\/uploads\/2025\/07\/grupo2-1024x787.jpg",800,615,true],"1536x1536":["https:\/\/visitantes.auger.org.ar\/wp-content\/uploads\/2025\/07\/grupo2.jpg",1506,1158,false],"2048x2048":["https:\/\/visitantes.auger.org.ar\/wp-content\/uploads\/2025\/07\/grupo2.jpg",1506,1158,false]},"rttpg_author":{"display_name":"Beatriz Garcia","author_link":"https:\/\/visitantes.auger.org.ar\/index.php\/author\/beatriz\/"},"rttpg_comment":0,"rttpg_category":"<a href=\"https:\/\/visitantes.auger.org.ar\/index.php\/category\/uncategorized\/\" rel=\"category tag\">Uncategorized<\/a>","rttpg_excerpt":"Las conferencias ICRC (International Cosmic Rays Conference) se celebran cada dos a\u00f1os desde 1947, auspiciadas por la Comisi\u00f3n C4 (F\u00edsica de Astropart\u00edculas) de la Uni\u00f3n Internacional de F\u00edsica Pura y Aplicada (IUPAP). Los temas principales son la f\u00edsica de rayos c\u00f3smicos, la astrof\u00edsica de altas energ\u00edas y rayos gamma, la astrof\u00edsica de neutrinos, la materia&hellip;","_links":{"self":[{"href":"https:\/\/visitantes.auger.org.ar\/index.php\/wp-json\/wp\/v2\/posts\/9428","targetHints":{"allow":["GET"]}}],"collection":[{"href":"https:\/\/visitantes.auger.org.ar\/index.php\/wp-json\/wp\/v2\/posts"}],"about":[{"href":"https:\/\/visitantes.auger.org.ar\/index.php\/wp-json\/wp\/v2\/types\/post"}],"author":[{"embeddable":true,"href":"https:\/\/visitantes.auger.org.ar\/index.php\/wp-json\/wp\/v2\/users\/6"}],"replies":[{"embeddable":true,"href":"https:\/\/visitantes.auger.org.ar\/index.php\/wp-json\/wp\/v2\/comments?post=9428"}],"version-history":[{"count":1,"href":"https:\/\/visitantes.auger.org.ar\/index.php\/wp-json\/wp\/v2\/posts\/9428\/revisions"}],"predecessor-version":[{"id":9434,"href":"https:\/\/visitantes.auger.org.ar\/index.php\/wp-json\/wp\/v2\/posts\/9428\/revisions\/9434"}],"wp:featuredmedia":[{"embeddable":true,"href":"https:\/\/visitantes.auger.org.ar\/index.php\/wp-json\/wp\/v2\/media\/9431"}],"wp:attachment":[{"href":"https:\/\/visitantes.auger.org.ar\/index.php\/wp-json\/wp\/v2\/media?parent=9428"}],"wp:term":[{"taxonomy":"category","embeddable":true,"href":"https:\/\/visitantes.auger.org.ar\/index.php\/wp-json\/wp\/v2\/categories?post=9428"},{"taxonomy":"post_tag","embeddable":true,"href":"https:\/\/visitantes.auger.org.ar\/index.php\/wp-json\/wp\/v2\/tags?post=9428"}],"curies":[{"name":"wp","href":"https:\/\/api.w.org\/{rel}","templated":true}]}}