{"id":9437,"date":"2025-07-24T15:28:02","date_gmt":"2025-07-24T18:28:02","guid":{"rendered":"https:\/\/visitantes.auger.org.ar\/?p=9437"},"modified":"2025-07-24T15:28:20","modified_gmt":"2025-07-24T18:28:20","slug":"adios-icrc2025-bienvenida-icrc2027","status":"publish","type":"post","link":"https:\/\/visitantes.auger.org.ar\/index.php\/adios-icrc2025-bienvenida-icrc2027\/","title":{"rendered":"Adi\u00f3s ICRC2025&#8230; bienvenida ICRC2027"},"content":{"rendered":"\n<p>La Conferencia Internacional de Rayos C\u00f3smicos (ICRC2025) ha llegado a su fin tras 15 d\u00edas de muy valiosas discusiones entre distintas colaboraciones  internacionales y cient\u00edficos de todo el mundo. Ginebra fue la ciudad protagonista del evento, y recibi\u00f3 m\u00e1s de 1000 visitantes que participaron en esta reuni\u00f3n. Como parte del evento de cierre de la Conferencia, se anunci\u00f3 formalmente la pr\u00f3xima sede, que ser\u00e1 la ciudad de Buenos Aires, Argentina. Miembros de la Colaboraci\u00f3n en el Observatorio Pierre Auger son parte de los comit\u00e9s cient\u00edfico y de organizaci\u00f3n local.<\/p>\n\n\n\n<p><\/p>\n","protected":false},"excerpt":{"rendered":"<p>La Conferencia Internacional de Rayos C\u00f3smicos (ICRC2025) ha llegado a su fin tras 15 d\u00edas de muy valiosas discusiones entre distintas colaboraciones internacionales y cient\u00edficos de todo el mundo. Ginebra fue la ciudad protagonista del evento, y recibi\u00f3 m\u00e1s de 1000 visitantes que participaron en esta reuni\u00f3n. Como parte del evento de cierre de la [&hellip;]<\/p>\n","protected":false},"author":6,"featured_media":9440,"comment_status":"closed","ping_status":"open","sticky":false,"template":"","format":"standard","meta":{"_jetpack_memberships_contains_paid_content":false,"footnotes":""},"categories":[1],"tags":[],"class_list":["post-9437","post","type-post","status-publish","format-standard","has-post-thumbnail","hentry","category-uncategorized"],"jetpack_featured_media_url":"https:\/\/visitantes.auger.org.ar\/wp-content\/uploads\/2025\/07\/WhatsApp-Image-2025-07-24-at-11.42.28.jpeg","jetpack_sharing_enabled":true,"rttpg_featured_image_url":{"full":["https:\/\/visitantes.auger.org.ar\/wp-content\/uploads\/2025\/07\/WhatsApp-Image-2025-07-24-at-11.42.28.jpeg",1600,1200,false],"landscape":["https:\/\/visitantes.auger.org.ar\/wp-content\/uploads\/2025\/07\/WhatsApp-Image-2025-07-24-at-11.42.28.jpeg",1600,1200,false],"portraits":["https:\/\/visitantes.auger.org.ar\/wp-content\/uploads\/2025\/07\/WhatsApp-Image-2025-07-24-at-11.42.28.jpeg",1600,1200,false],"thumbnail":["https:\/\/visitantes.auger.org.ar\/wp-content\/uploads\/2025\/07\/WhatsApp-Image-2025-07-24-at-11.42.28-250x250.jpeg",250,250,true],"medium":["https:\/\/visitantes.auger.org.ar\/wp-content\/uploads\/2025\/07\/WhatsApp-Image-2025-07-24-at-11.42.28-300x225.jpeg",300,225,true],"large":["https:\/\/visitantes.auger.org.ar\/wp-content\/uploads\/2025\/07\/WhatsApp-Image-2025-07-24-at-11.42.28-1024x768.jpeg",800,600,true],"1536x1536":["https:\/\/visitantes.auger.org.ar\/wp-content\/uploads\/2025\/07\/WhatsApp-Image-2025-07-24-at-11.42.28-1536x1152.jpeg",1536,1152,true],"2048x2048":["https:\/\/visitantes.auger.org.ar\/wp-content\/uploads\/2025\/07\/WhatsApp-Image-2025-07-24-at-11.42.28.jpeg",1600,1200,false]},"rttpg_author":{"display_name":"Beatriz Garcia","author_link":"https:\/\/visitantes.auger.org.ar\/index.php\/author\/beatriz\/"},"rttpg_comment":0,"rttpg_category":"<a href=\"https:\/\/visitantes.auger.org.ar\/index.php\/category\/uncategorized\/\" rel=\"category tag\">Uncategorized<\/a>","rttpg_excerpt":"La Conferencia Internacional de Rayos C\u00f3smicos (ICRC2025) ha llegado a su fin tras 15 d\u00edas de muy valiosas discusiones entre distintas colaboraciones internacionales y cient\u00edficos de todo el mundo. Ginebra fue la ciudad protagonista del evento, y recibi\u00f3 m\u00e1s de 1000 visitantes que participaron en esta reuni\u00f3n. Como parte del evento de cierre de la&hellip;","_links":{"self":[{"href":"https:\/\/visitantes.auger.org.ar\/index.php\/wp-json\/wp\/v2\/posts\/9437","targetHints":{"allow":["GET"]}}],"collection":[{"href":"https:\/\/visitantes.auger.org.ar\/index.php\/wp-json\/wp\/v2\/posts"}],"about":[{"href":"https:\/\/visitantes.auger.org.ar\/index.php\/wp-json\/wp\/v2\/types\/post"}],"author":[{"embeddable":true,"href":"https:\/\/visitantes.auger.org.ar\/index.php\/wp-json\/wp\/v2\/users\/6"}],"replies":[{"embeddable":true,"href":"https:\/\/visitantes.auger.org.ar\/index.php\/wp-json\/wp\/v2\/comments?post=9437"}],"version-history":[{"count":1,"href":"https:\/\/visitantes.auger.org.ar\/index.php\/wp-json\/wp\/v2\/posts\/9437\/revisions"}],"predecessor-version":[{"id":9443,"href":"https:\/\/visitantes.auger.org.ar\/index.php\/wp-json\/wp\/v2\/posts\/9437\/revisions\/9443"}],"wp:featuredmedia":[{"embeddable":true,"href":"https:\/\/visitantes.auger.org.ar\/index.php\/wp-json\/wp\/v2\/media\/9440"}],"wp:attachment":[{"href":"https:\/\/visitantes.auger.org.ar\/index.php\/wp-json\/wp\/v2\/media?parent=9437"}],"wp:term":[{"taxonomy":"category","embeddable":true,"href":"https:\/\/visitantes.auger.org.ar\/index.php\/wp-json\/wp\/v2\/categories?post=9437"},{"taxonomy":"post_tag","embeddable":true,"href":"https:\/\/visitantes.auger.org.ar\/index.php\/wp-json\/wp\/v2\/tags?post=9437"}],"curies":[{"name":"wp","href":"https:\/\/api.w.org\/{rel}","templated":true}]}}