{"id":9508,"date":"2025-08-28T10:40:28","date_gmt":"2025-08-28T13:40:28","guid":{"rendered":"https:\/\/visitantes.auger.org.ar\/?p=9508"},"modified":"2025-08-28T10:44:56","modified_gmt":"2025-08-28T13:44:56","slug":"presente-continuo-lidera-la-primera-edicion-de-connect-argentina-el-programa-de-residencias-internacionales-de-arts-at-cern","status":"publish","type":"post","link":"https:\/\/visitantes.auger.org.ar\/index.php\/presente-continuo-lidera-la-primera-edicion-de-connect-argentina-el-programa-de-residencias-internacionales-de-arts-at-cern\/","title":{"rendered":"Presente Continuo lidera la primera edici\u00f3n de Connect Argentina, el programa de residencias internacionales de Arts at CERN"},"content":{"rendered":"\n<p><\/p>\n\n\n\n<p>Organizado por <strong>Presente Continuo<\/strong> desde Argentina, se lanza en el pa\u00eds el programa de residencias internacionales de <strong>Connect<\/strong>.<\/p>\n\n\n\n<p>Los artistas <strong>Juan Sorrentino<\/strong> y <strong>C\u00e9line Manz<\/strong> realizar\u00e1n una residencia en el <strong>CERN<\/strong> y en el <strong>Observatorio Pierre Auger<\/strong> como artistas seleccionados para <strong>Connect Argentina<\/strong>.<\/p>\n\n\n\n<p>El programa Connect se enmarca dentro de un acuerdo de colaboraci\u00f3n entre <a href=\"https:\/\/arts.cern\/\">Arts at CERN<\/a> y el <a href=\"https:\/\/prohelvetia.ch\/en\/\">Consejo Suizo de las Artes Pro Helvetia.<\/a>&nbsp;<\/p>\n\n\n\n<p><strong>Connect Argentina<\/strong> est\u00e1 organizado conjuntamente por <strong>Arts at CERN<\/strong>, la oficina regional de<strong> Pro Helvetia en Sudam\u00e9rica<\/strong> y el<strong> Programa Presente Continuo \u2013 Arte, Ciencia y Tecnolog\u00eda<\/strong> de la <a href=\"https:\/\/www.fundacionbyb.org\/\"><strong>Fundaci\u00f3n Bunge y Born<\/strong><\/a> y la <a href=\"https:\/\/fundacionwilliams.org.ar\/\"><strong>Fundaci\u00f3n Williams<\/strong><\/a>; con la participaci\u00f3n del <a href=\"https:\/\/visitantes.auger.org.ar\/\"><strong>Observatorio Pierre Auger<\/strong><\/a> (Malarg\u00fce, Mendoza) como socio cient\u00edfico en el pa\u00eds.&nbsp;<\/p>\n\n\n\n<p>Mas infomaci\u00f3n en esta <a href=\"https:\/\/visitantes.auger.org.ar\/wp-content\/uploads\/2025\/08\/Gacetilla-lanzamiento-_-Connect-.pdf\">Gacetilla de Prensa<\/a><\/p>\n\n\n\n<p><\/p>\n","protected":false},"excerpt":{"rendered":"<p>Organizado por Presente Continuo desde Argentina, se lanza en el pa\u00eds el programa de residencias internacionales de Connect. Los artistas Juan Sorrentino y C\u00e9line Manz realizar\u00e1n una residencia en el CERN y en el Observatorio Pierre Auger como artistas seleccionados para Connect Argentina. El programa Connect se enmarca dentro de un acuerdo de colaboraci\u00f3n entre [&hellip;]<\/p>\n","protected":false},"author":6,"featured_media":9511,"comment_status":"closed","ping_status":"open","sticky":false,"template":"","format":"standard","meta":{"_jetpack_memberships_contains_paid_content":false,"footnotes":""},"categories":[1],"tags":[],"class_list":["post-9508","post","type-post","status-publish","format-standard","has-post-thumbnail","hentry","category-uncategorized"],"jetpack_featured_media_url":"https:\/\/visitantes.auger.org.ar\/wp-content\/uploads\/2025\/08\/C-AArtboard-4-copy-3-copia-2.png","jetpack_sharing_enabled":true,"rttpg_featured_image_url":{"full":["https:\/\/visitantes.auger.org.ar\/wp-content\/uploads\/2025\/08\/C-AArtboard-4-copy-3-copia-2.png",1921,1081,false],"landscape":["https:\/\/visitantes.auger.org.ar\/wp-content\/uploads\/2025\/08\/C-AArtboard-4-copy-3-copia-2.png",1921,1081,false],"portraits":["https:\/\/visitantes.auger.org.ar\/wp-content\/uploads\/2025\/08\/C-AArtboard-4-copy-3-copia-2.png",1921,1081,false],"thumbnail":["https:\/\/visitantes.auger.org.ar\/wp-content\/uploads\/2025\/08\/C-AArtboard-4-copy-3-copia-2-250x250.png",250,250,true],"medium":["https:\/\/visitantes.auger.org.ar\/wp-content\/uploads\/2025\/08\/C-AArtboard-4-copy-3-copia-2-300x169.png",300,169,true],"large":["https:\/\/visitantes.auger.org.ar\/wp-content\/uploads\/2025\/08\/C-AArtboard-4-copy-3-copia-2-1024x576.png",800,450,true],"1536x1536":["https:\/\/visitantes.auger.org.ar\/wp-content\/uploads\/2025\/08\/C-AArtboard-4-copy-3-copia-2-1536x864.png",1536,864,true],"2048x2048":["https:\/\/visitantes.auger.org.ar\/wp-content\/uploads\/2025\/08\/C-AArtboard-4-copy-3-copia-2.png",1921,1081,false]},"rttpg_author":{"display_name":"Beatriz Garcia","author_link":"https:\/\/visitantes.auger.org.ar\/index.php\/author\/beatriz\/"},"rttpg_comment":0,"rttpg_category":"<a href=\"https:\/\/visitantes.auger.org.ar\/index.php\/category\/uncategorized\/\" rel=\"category tag\">Uncategorized<\/a>","rttpg_excerpt":"Organizado por Presente Continuo desde Argentina, se lanza en el pa\u00eds el programa de residencias internacionales de Connect. Los artistas Juan Sorrentino y C\u00e9line Manz realizar\u00e1n una residencia en el CERN y en el Observatorio Pierre Auger como artistas seleccionados para Connect Argentina. El programa Connect se enmarca dentro de un acuerdo de colaboraci\u00f3n entre&hellip;","_links":{"self":[{"href":"https:\/\/visitantes.auger.org.ar\/index.php\/wp-json\/wp\/v2\/posts\/9508","targetHints":{"allow":["GET"]}}],"collection":[{"href":"https:\/\/visitantes.auger.org.ar\/index.php\/wp-json\/wp\/v2\/posts"}],"about":[{"href":"https:\/\/visitantes.auger.org.ar\/index.php\/wp-json\/wp\/v2\/types\/post"}],"author":[{"embeddable":true,"href":"https:\/\/visitantes.auger.org.ar\/index.php\/wp-json\/wp\/v2\/users\/6"}],"replies":[{"embeddable":true,"href":"https:\/\/visitantes.auger.org.ar\/index.php\/wp-json\/wp\/v2\/comments?post=9508"}],"version-history":[{"count":2,"href":"https:\/\/visitantes.auger.org.ar\/index.php\/wp-json\/wp\/v2\/posts\/9508\/revisions"}],"predecessor-version":[{"id":9520,"href":"https:\/\/visitantes.auger.org.ar\/index.php\/wp-json\/wp\/v2\/posts\/9508\/revisions\/9520"}],"wp:featuredmedia":[{"embeddable":true,"href":"https:\/\/visitantes.auger.org.ar\/index.php\/wp-json\/wp\/v2\/media\/9511"}],"wp:attachment":[{"href":"https:\/\/visitantes.auger.org.ar\/index.php\/wp-json\/wp\/v2\/media?parent=9508"}],"wp:term":[{"taxonomy":"category","embeddable":true,"href":"https:\/\/visitantes.auger.org.ar\/index.php\/wp-json\/wp\/v2\/categories?post=9508"},{"taxonomy":"post_tag","embeddable":true,"href":"https:\/\/visitantes.auger.org.ar\/index.php\/wp-json\/wp\/v2\/tags?post=9508"}],"curies":[{"name":"wp","href":"https:\/\/api.w.org\/{rel}","templated":true}]}}