{"id":9568,"date":"2025-09-13T16:49:00","date_gmt":"2025-09-13T19:49:00","guid":{"rendered":"https:\/\/visitantes.auger.org.ar\/?p=9568"},"modified":"2025-09-13T17:14:24","modified_gmt":"2025-09-13T20:14:24","slug":"nueva-hemeroteca-en-el-observatorio-pierre-auger","status":"publish","type":"post","link":"https:\/\/visitantes.auger.org.ar\/index.php\/nueva-hemeroteca-en-el-observatorio-pierre-auger\/","title":{"rendered":"Nueva hemeroteca en el Observatorio Pierre Auger"},"content":{"rendered":"\t\t<div data-elementor-type=\"wp-post\" data-elementor-id=\"9568\" class=\"elementor elementor-9568\">\n\t\t\t\t\t\t<section class=\"elementor-section elementor-top-section elementor-element elementor-element-683e0f19 elementor-section-boxed elementor-section-height-default elementor-section-height-default\" data-id=\"683e0f19\" data-element_type=\"section\" data-e-type=\"section\">\n\t\t\t\t\t\t<div class=\"elementor-container elementor-column-gap-default\">\n\t\t\t\t\t<div class=\"elementor-column elementor-col-100 elementor-top-column elementor-element elementor-element-3ac39ef6\" data-id=\"3ac39ef6\" data-element_type=\"column\" data-e-type=\"column\">\n\t\t\t<div class=\"elementor-widget-wrap elementor-element-populated\">\n\t\t\t\t\t\t<div class=\"elementor-element elementor-element-7704c1b5 elementor-widget elementor-widget-text-editor\" data-id=\"7704c1b5\" data-element_type=\"widget\" data-e-type=\"widget\" data-widget_type=\"text-editor.default\">\n\t\t\t\t<div class=\"elementor-widget-container\">\n\t\t\t\t\t\t\t\t\t\n<p>Con el fin de preservar la memoria hist\u00f3rica del Observatorio Pierre Auger, plasmada en notas period\u00edsticas y garantizar el derecho a la informaci\u00f3n e inclusive brindar una mirada diferente en relaci\u00f3n con las novedades de la institucion, se inaugura hoy la Hemeroteca del Observatorio, con noticias desde 1996, en su version en papel y digital.<\/p>\n\n<p>La primera hemeroteca argentina es la que originalmente se llam\u00f3 Biblioteca P\u00fablica de Buenos Aires. Fundada por Mariano Moreno el <strong>13 de septiembre de 1810<\/strong>, abri\u00f3 sus puertas al p\u00fablico el 16 de marzo de 1812.<\/p>\n\n<h5>Mas informaci\u00f3n<span style=\"color: #0000ff;\"> <a style=\"color: #0000ff;\" href=\"https:\/\/visitantes.auger.org.ar\/index.php\/hemeroteca-del-observatorio-pierre-auger\/\">AQUI<\/a><\/span><\/h5>\n\t\t\t\t\t\t\t\t<\/div>\n\t\t\t\t<\/div>\n\t\t\t\t\t<\/div>\n\t\t<\/div>\n\t\t\t\t\t<\/div>\n\t\t<\/section>\n\t\t\t\t<\/div>\n\t\t","protected":false},"excerpt":{"rendered":"<p>Con el fin de preservar la memoria hist\u00f3rica del Observatorio Pierre Auger, plasmada en notas period\u00edsticas y garantizar el derecho a la informaci\u00f3n e inclusive brindar una mirada diferente en relaci\u00f3n con las novedades de la institucion, se inaugura hoy la Hemeroteca del Observatorio, con noticias desde 1996, en su version en papel y digital. [&hellip;]<\/p>\n","protected":false},"author":6,"featured_media":9541,"comment_status":"closed","ping_status":"open","sticky":false,"template":"","format":"standard","meta":{"_jetpack_memberships_contains_paid_content":false,"footnotes":""},"categories":[1],"tags":[],"class_list":["post-9568","post","type-post","status-publish","format-standard","has-post-thumbnail","hentry","category-uncategorized"],"jetpack_featured_media_url":"https:\/\/visitantes.auger.org.ar\/wp-content\/uploads\/2025\/09\/fig1.jpg","jetpack_sharing_enabled":true,"rttpg_featured_image_url":{"full":["https:\/\/visitantes.auger.org.ar\/wp-content\/uploads\/2025\/09\/fig1.jpg",3308,1960,false],"landscape":["https:\/\/visitantes.auger.org.ar\/wp-content\/uploads\/2025\/09\/fig1.jpg",3308,1960,false],"portraits":["https:\/\/visitantes.auger.org.ar\/wp-content\/uploads\/2025\/09\/fig1.jpg",3308,1960,false],"thumbnail":["https:\/\/visitantes.auger.org.ar\/wp-content\/uploads\/2025\/09\/fig1-250x250.jpg",250,250,true],"medium":["https:\/\/visitantes.auger.org.ar\/wp-content\/uploads\/2025\/09\/fig1-300x178.jpg",300,178,true],"large":["https:\/\/visitantes.auger.org.ar\/wp-content\/uploads\/2025\/09\/fig1-1024x607.jpg",800,474,true],"1536x1536":["https:\/\/visitantes.auger.org.ar\/wp-content\/uploads\/2025\/09\/fig1-1536x910.jpg",1536,910,true],"2048x2048":["https:\/\/visitantes.auger.org.ar\/wp-content\/uploads\/2025\/09\/fig1-2048x1213.jpg",2048,1213,true]},"rttpg_author":{"display_name":"Beatriz Garcia","author_link":"https:\/\/visitantes.auger.org.ar\/index.php\/author\/beatriz\/"},"rttpg_comment":0,"rttpg_category":"<a href=\"https:\/\/visitantes.auger.org.ar\/index.php\/category\/uncategorized\/\" rel=\"category tag\">Uncategorized<\/a>","rttpg_excerpt":"Con el fin de preservar la memoria hist\u00f3rica del Observatorio Pierre Auger, plasmada en notas period\u00edsticas y garantizar el derecho a la informaci\u00f3n e inclusive brindar una mirada diferente en relaci\u00f3n con las novedades de la institucion, se inaugura hoy la Hemeroteca del Observatorio, con noticias desde 1996, en su version en papel y digital.&hellip;","_links":{"self":[{"href":"https:\/\/visitantes.auger.org.ar\/index.php\/wp-json\/wp\/v2\/posts\/9568","targetHints":{"allow":["GET"]}}],"collection":[{"href":"https:\/\/visitantes.auger.org.ar\/index.php\/wp-json\/wp\/v2\/posts"}],"about":[{"href":"https:\/\/visitantes.auger.org.ar\/index.php\/wp-json\/wp\/v2\/types\/post"}],"author":[{"embeddable":true,"href":"https:\/\/visitantes.auger.org.ar\/index.php\/wp-json\/wp\/v2\/users\/6"}],"replies":[{"embeddable":true,"href":"https:\/\/visitantes.auger.org.ar\/index.php\/wp-json\/wp\/v2\/comments?post=9568"}],"version-history":[{"count":7,"href":"https:\/\/visitantes.auger.org.ar\/index.php\/wp-json\/wp\/v2\/posts\/9568\/revisions"}],"predecessor-version":[{"id":9589,"href":"https:\/\/visitantes.auger.org.ar\/index.php\/wp-json\/wp\/v2\/posts\/9568\/revisions\/9589"}],"wp:featuredmedia":[{"embeddable":true,"href":"https:\/\/visitantes.auger.org.ar\/index.php\/wp-json\/wp\/v2\/media\/9541"}],"wp:attachment":[{"href":"https:\/\/visitantes.auger.org.ar\/index.php\/wp-json\/wp\/v2\/media?parent=9568"}],"wp:term":[{"taxonomy":"category","embeddable":true,"href":"https:\/\/visitantes.auger.org.ar\/index.php\/wp-json\/wp\/v2\/categories?post=9568"},{"taxonomy":"post_tag","embeddable":true,"href":"https:\/\/visitantes.auger.org.ar\/index.php\/wp-json\/wp\/v2\/tags?post=9568"}],"curies":[{"name":"wp","href":"https:\/\/api.w.org\/{rel}","templated":true}]}}