{"id":9664,"date":"2025-11-07T10:11:45","date_gmt":"2025-11-07T13:11:45","guid":{"rendered":"https:\/\/visitantes.auger.org.ar\/?p=9664"},"modified":"2026-03-23T18:49:53","modified_gmt":"2026-03-23T21:49:53","slug":"desde-las-100-horas-de-la-astronomia-hasta-el-dia-internacional-de-la-materia-oscura","status":"publish","type":"post","link":"https:\/\/visitantes.auger.org.ar\/index.php\/desde-las-100-horas-de-la-astronomia-hasta-el-dia-internacional-de-la-materia-oscura\/","title":{"rendered":"Desde las 100 horas de la Astronom\u00eda hasta el D\u00eda Internacional de la Materia Oscura"},"content":{"rendered":"\n<p>El Observatorio Pierre Auger adhiri\u00f3 a los eventos del mes de octubre: <\/p>\n\n\n\n<p><strong>100 horas de la astronom\u00eda<\/strong> (2-5 de octubre)<\/p>\n\n\n\n<p><br><strong>Observaci\u00f3n mundial de la Luna<\/strong> (4 de octubre)<\/p>\n\n\n\n<p><br><strong>Semana internacional del espacio<\/strong> (4-10 de octubre)<\/p>\n\n\n\n<p><br><strong>D\u00eda Internacional de la Materia Oscura<\/strong> (31 de octubre)<\/p>\n\n\n\n<p>con gran impacto en los visitantes, que participaron de distintas propuestas did\u00e1cticas en el marco habitual de educaci\u00f3n y difusi\u00f3n del Observatorio, que pueden resumirse de la siguiente manera: la ciencia est\u00e1 en todas partes, es divertida y cambia nuestras vidas.<\/p>\n\n\n\n<p>Agradecemos a los docentes y alumnos que reservaron especialmente su espacio-tiempo en el Observatorio para compartir el conocimiento y transformarse en difusores de los trabajos que se desarrollan en nuestra instituci\u00f3n y se transmiten a trav\u00e9s de esta y otras acciones relacionadas con la comunicaci\u00f3n p\u00fablica de la ciencia.<\/p>\n\n\n\n<p><\/p>\n","protected":false},"excerpt":{"rendered":"<p>El Observatorio Pierre Auger adhiri\u00f3 a los eventos del mes de octubre: 100 horas de la astronom\u00eda (2-5 de octubre) Observaci\u00f3n mundial de la Luna (4 de octubre) Semana internacional del espacio (4-10 de octubre) D\u00eda Internacional de la Materia Oscura (31 de octubre) con gran impacto en los visitantes, que participaron de distintas propuestas [&hellip;]<\/p>\n","protected":false},"author":6,"featured_media":9676,"comment_status":"closed","ping_status":"open","sticky":false,"template":"","format":"standard","meta":{"_jetpack_memberships_contains_paid_content":false,"footnotes":""},"categories":[10],"tags":[],"class_list":["post-9664","post","type-post","status-publish","format-standard","has-post-thumbnail","hentry","category-novedades"],"jetpack_featured_media_url":"https:\/\/visitantes.auger.org.ar\/wp-content\/uploads\/2025\/11\/foto2b.jpg","jetpack_sharing_enabled":true,"rttpg_featured_image_url":{"full":["https:\/\/visitantes.auger.org.ar\/wp-content\/uploads\/2025\/11\/foto2b.jpg",1513,1097,false],"landscape":["https:\/\/visitantes.auger.org.ar\/wp-content\/uploads\/2025\/11\/foto2b.jpg",1513,1097,false],"portraits":["https:\/\/visitantes.auger.org.ar\/wp-content\/uploads\/2025\/11\/foto2b.jpg",1513,1097,false],"thumbnail":["https:\/\/visitantes.auger.org.ar\/wp-content\/uploads\/2025\/11\/foto2b-250x250.jpg",250,250,true],"medium":["https:\/\/visitantes.auger.org.ar\/wp-content\/uploads\/2025\/11\/foto2b-300x218.jpg",300,218,true],"large":["https:\/\/visitantes.auger.org.ar\/wp-content\/uploads\/2025\/11\/foto2b-1024x742.jpg",800,580,true],"1536x1536":["https:\/\/visitantes.auger.org.ar\/wp-content\/uploads\/2025\/11\/foto2b.jpg",1513,1097,false],"2048x2048":["https:\/\/visitantes.auger.org.ar\/wp-content\/uploads\/2025\/11\/foto2b.jpg",1513,1097,false]},"rttpg_author":{"display_name":"Beatriz Garcia","author_link":"https:\/\/visitantes.auger.org.ar\/index.php\/author\/beatriz\/"},"rttpg_comment":0,"rttpg_category":"<a href=\"https:\/\/visitantes.auger.org.ar\/index.php\/category\/auger\/novedades\/\" rel=\"category tag\">Novedades<\/a>","rttpg_excerpt":"El Observatorio Pierre Auger adhiri\u00f3 a los eventos del mes de octubre: 100 horas de la astronom\u00eda (2-5 de octubre) Observaci\u00f3n mundial de la Luna (4 de octubre) Semana internacional del espacio (4-10 de octubre) D\u00eda Internacional de la Materia Oscura (31 de octubre) con gran impacto en los visitantes, que participaron de distintas propuestas&hellip;","_links":{"self":[{"href":"https:\/\/visitantes.auger.org.ar\/index.php\/wp-json\/wp\/v2\/posts\/9664","targetHints":{"allow":["GET"]}}],"collection":[{"href":"https:\/\/visitantes.auger.org.ar\/index.php\/wp-json\/wp\/v2\/posts"}],"about":[{"href":"https:\/\/visitantes.auger.org.ar\/index.php\/wp-json\/wp\/v2\/types\/post"}],"author":[{"embeddable":true,"href":"https:\/\/visitantes.auger.org.ar\/index.php\/wp-json\/wp\/v2\/users\/6"}],"replies":[{"embeddable":true,"href":"https:\/\/visitantes.auger.org.ar\/index.php\/wp-json\/wp\/v2\/comments?post=9664"}],"version-history":[{"count":2,"href":"https:\/\/visitantes.auger.org.ar\/index.php\/wp-json\/wp\/v2\/posts\/9664\/revisions"}],"predecessor-version":[{"id":9679,"href":"https:\/\/visitantes.auger.org.ar\/index.php\/wp-json\/wp\/v2\/posts\/9664\/revisions\/9679"}],"wp:featuredmedia":[{"embeddable":true,"href":"https:\/\/visitantes.auger.org.ar\/index.php\/wp-json\/wp\/v2\/media\/9676"}],"wp:attachment":[{"href":"https:\/\/visitantes.auger.org.ar\/index.php\/wp-json\/wp\/v2\/media?parent=9664"}],"wp:term":[{"taxonomy":"category","embeddable":true,"href":"https:\/\/visitantes.auger.org.ar\/index.php\/wp-json\/wp\/v2\/categories?post=9664"},{"taxonomy":"post_tag","embeddable":true,"href":"https:\/\/visitantes.auger.org.ar\/index.php\/wp-json\/wp\/v2\/tags?post=9664"}],"curies":[{"name":"wp","href":"https:\/\/api.w.org\/{rel}","templated":true}]}}