{"id":9685,"date":"2025-11-19T10:53:43","date_gmt":"2025-11-19T13:53:43","guid":{"rendered":"https:\/\/visitantes.auger.org.ar\/?p=9685"},"modified":"2026-03-23T18:16:12","modified_gmt":"2026-03-23T21:16:12","slug":"el-observatorio-en-la-celebracion-del-75-aniversario-de-malargue","status":"publish","type":"post","link":"https:\/\/visitantes.auger.org.ar\/index.php\/el-observatorio-en-la-celebracion-del-75-aniversario-de-malargue\/","title":{"rendered":"El Observatorio en la celebraci\u00f3n del 75 aniversario de Malarg\u00fce"},"content":{"rendered":"\n<p>En un nuevo y especial aniversario del departamento de Malarg\u00fce al cumplirse 75 a\u00f1os de su segunda fundaci\u00f3n, el Observatorio Pierre Auger fue parte de los diversos actos que se desarrollaron los d\u00edas 15 y 16 de noviembre. Comenzando por la ceremonia asociada con la c\u00e1psula del tiempo 2025-2050, la entrega de placas de reconocimiento del Observatorio y la Universidad de Michigan (con motivo de cumplirse el 25 aniversario del intercambio del programa de becas para estudiantes malarg\u00fcinos) y concluyendo con el desfile del d\u00eda 16 de noviembre, la presencia de miembros de la Colaboraci\u00f3n Internacional del Observatorio fue muy apreciada por las autoridades y el p\u00fablico presente.<\/p>\n","protected":false},"excerpt":{"rendered":"<p>En un nuevo y especial aniversario del departamento de Malarg\u00fce al cumplirse 75 a\u00f1os de su segunda fundaci\u00f3n, el Observatorio Pierre Auger fue parte de los diversos actos que se desarrollaron los d\u00edas 15 y 16 de noviembre. Comenzando por la ceremonia asociada con la c\u00e1psula del tiempo 2025-2050, la entrega de placas de reconocimiento [&hellip;]<\/p>\n","protected":false},"author":6,"featured_media":9688,"comment_status":"closed","ping_status":"open","sticky":false,"template":"","format":"standard","meta":{"_jetpack_memberships_contains_paid_content":false,"footnotes":""},"categories":[10],"tags":[],"class_list":["post-9685","post","type-post","status-publish","format-standard","has-post-thumbnail","hentry","category-novedades"],"jetpack_featured_media_url":"https:\/\/visitantes.auger.org.ar\/wp-content\/uploads\/2025\/11\/im2.jpg","jetpack_sharing_enabled":true,"rttpg_featured_image_url":{"full":["https:\/\/visitantes.auger.org.ar\/wp-content\/uploads\/2025\/11\/im2.jpg",1507,1047,false],"landscape":["https:\/\/visitantes.auger.org.ar\/wp-content\/uploads\/2025\/11\/im2.jpg",1507,1047,false],"portraits":["https:\/\/visitantes.auger.org.ar\/wp-content\/uploads\/2025\/11\/im2.jpg",1507,1047,false],"thumbnail":["https:\/\/visitantes.auger.org.ar\/wp-content\/uploads\/2025\/11\/im2-250x250.jpg",250,250,true],"medium":["https:\/\/visitantes.auger.org.ar\/wp-content\/uploads\/2025\/11\/im2-300x208.jpg",300,208,true],"large":["https:\/\/visitantes.auger.org.ar\/wp-content\/uploads\/2025\/11\/im2-1024x711.jpg",800,555,true],"1536x1536":["https:\/\/visitantes.auger.org.ar\/wp-content\/uploads\/2025\/11\/im2.jpg",1507,1047,false],"2048x2048":["https:\/\/visitantes.auger.org.ar\/wp-content\/uploads\/2025\/11\/im2.jpg",1507,1047,false]},"rttpg_author":{"display_name":"Beatriz Garcia","author_link":"https:\/\/visitantes.auger.org.ar\/index.php\/author\/beatriz\/"},"rttpg_comment":0,"rttpg_category":"<a href=\"https:\/\/visitantes.auger.org.ar\/index.php\/category\/auger\/novedades\/\" rel=\"category tag\">Novedades<\/a>","rttpg_excerpt":"En un nuevo y especial aniversario del departamento de Malarg\u00fce al cumplirse 75 a\u00f1os de su segunda fundaci\u00f3n, el Observatorio Pierre Auger fue parte de los diversos actos que se desarrollaron los d\u00edas 15 y 16 de noviembre. Comenzando por la ceremonia asociada con la c\u00e1psula del tiempo 2025-2050, la entrega de placas de reconocimiento&hellip;","_links":{"self":[{"href":"https:\/\/visitantes.auger.org.ar\/index.php\/wp-json\/wp\/v2\/posts\/9685","targetHints":{"allow":["GET"]}}],"collection":[{"href":"https:\/\/visitantes.auger.org.ar\/index.php\/wp-json\/wp\/v2\/posts"}],"about":[{"href":"https:\/\/visitantes.auger.org.ar\/index.php\/wp-json\/wp\/v2\/types\/post"}],"author":[{"embeddable":true,"href":"https:\/\/visitantes.auger.org.ar\/index.php\/wp-json\/wp\/v2\/users\/6"}],"replies":[{"embeddable":true,"href":"https:\/\/visitantes.auger.org.ar\/index.php\/wp-json\/wp\/v2\/comments?post=9685"}],"version-history":[{"count":2,"href":"https:\/\/visitantes.auger.org.ar\/index.php\/wp-json\/wp\/v2\/posts\/9685\/revisions"}],"predecessor-version":[{"id":9703,"href":"https:\/\/visitantes.auger.org.ar\/index.php\/wp-json\/wp\/v2\/posts\/9685\/revisions\/9703"}],"wp:featuredmedia":[{"embeddable":true,"href":"https:\/\/visitantes.auger.org.ar\/index.php\/wp-json\/wp\/v2\/media\/9688"}],"wp:attachment":[{"href":"https:\/\/visitantes.auger.org.ar\/index.php\/wp-json\/wp\/v2\/media?parent=9685"}],"wp:term":[{"taxonomy":"category","embeddable":true,"href":"https:\/\/visitantes.auger.org.ar\/index.php\/wp-json\/wp\/v2\/categories?post=9685"},{"taxonomy":"post_tag","embeddable":true,"href":"https:\/\/visitantes.auger.org.ar\/index.php\/wp-json\/wp\/v2\/tags?post=9685"}],"curies":[{"name":"wp","href":"https:\/\/api.w.org\/{rel}","templated":true}]}}