{"id":9694,"date":"2025-11-19T13:10:33","date_gmt":"2025-11-19T16:10:33","guid":{"rendered":"https:\/\/visitantes.auger.org.ar\/?p=9694"},"modified":"2026-03-23T18:08:57","modified_gmt":"2026-03-23T21:08:57","slug":"premio-pierre-auger-al-impacto-en-la-colaboracion-2025","status":"publish","type":"post","link":"https:\/\/visitantes.auger.org.ar\/index.php\/premio-pierre-auger-al-impacto-en-la-colaboracion-2025\/","title":{"rendered":"Premio Pierre Auger al Impacto en la Colaboraci\u00f3n 2025"},"content":{"rendered":"\n<p> El Premio Pierre Auger al Impacto en la Colaboraci\u00f3n se cre\u00f3 en 2020 y est\u00e1 dedicado a personas que han dedicado una cantidad significativa de su tiempo a desarrollos t\u00e9cnicos que tienen un gran impacto en el funcionamiento de los detectores o en el an\u00e1lisis de datos.<\/p>\n\n\n\n<p>En 2025, los premiados han sido:<\/p>\n\n\n\n<p><strong>Marcos Cerda<\/strong>, personal del Observatorio Pierre Auger, Argentina<\/p>\n\n\n\n<p>Por haber desempe\u00f1ado un papel crucial en el exitoso despliegue del radiodetector, apoyando el proyecto durante toda su fase de I+D y garantizando su exitosa puesta en marcha. Actu\u00f3 como enlace proactivo entre el personal de Malarg\u00fce y los cient\u00edficos.<\/p>\n\n\n\n<p><strong>Emanuele De Vito<\/strong>, de la Universit\u00e0 del Salento and INFN Lecce, Italy<\/p>\n\n\n\n<p>Quien demostr\u00f3 un firme compromiso con la prestaci\u00f3n de servicios para la colaboraci\u00f3n, tanto a nivel t\u00e9cnico como en lo relativo a los an\u00e1lisis en el contexto de la tarea de Multi-Mensajero. Desempe\u00f1\u00f3, adem\u00e1s, un papel fundamental en el proceso de migraci\u00f3n de los datos Auger del CC de Lyon al centro de datos INFN-CNAF de Bolonia.<\/p>\n\n\n\n<p>Felicitaciones!<\/p>\n\n\n\n<p><\/p>\n","protected":false},"excerpt":{"rendered":"<p>El Premio Pierre Auger al Impacto en la Colaboraci\u00f3n se cre\u00f3 en 2020 y est\u00e1 dedicado a personas que han dedicado una cantidad significativa de su tiempo a desarrollos t\u00e9cnicos que tienen un gran impacto en el funcionamiento de los detectores o en el an\u00e1lisis de datos. En 2025, los premiados han sido: Marcos Cerda, [&hellip;]<\/p>\n","protected":false},"author":6,"featured_media":9697,"comment_status":"closed","ping_status":"open","sticky":false,"template":"","format":"standard","meta":{"_jetpack_memberships_contains_paid_content":false,"footnotes":""},"categories":[10],"tags":[],"class_list":["post-9694","post","type-post","status-publish","format-standard","has-post-thumbnail","hentry","category-novedades"],"jetpack_featured_media_url":"https:\/\/visitantes.auger.org.ar\/wp-content\/uploads\/2025\/11\/premio2025.png","jetpack_sharing_enabled":true,"rttpg_featured_image_url":{"full":["https:\/\/visitantes.auger.org.ar\/wp-content\/uploads\/2025\/11\/premio2025.png",1132,815,false],"landscape":["https:\/\/visitantes.auger.org.ar\/wp-content\/uploads\/2025\/11\/premio2025.png",1132,815,false],"portraits":["https:\/\/visitantes.auger.org.ar\/wp-content\/uploads\/2025\/11\/premio2025.png",1132,815,false],"thumbnail":["https:\/\/visitantes.auger.org.ar\/wp-content\/uploads\/2025\/11\/premio2025-250x250.png",250,250,true],"medium":["https:\/\/visitantes.auger.org.ar\/wp-content\/uploads\/2025\/11\/premio2025-300x216.png",300,216,true],"large":["https:\/\/visitantes.auger.org.ar\/wp-content\/uploads\/2025\/11\/premio2025-1024x737.png",800,576,true],"1536x1536":["https:\/\/visitantes.auger.org.ar\/wp-content\/uploads\/2025\/11\/premio2025.png",1132,815,false],"2048x2048":["https:\/\/visitantes.auger.org.ar\/wp-content\/uploads\/2025\/11\/premio2025.png",1132,815,false]},"rttpg_author":{"display_name":"Beatriz Garcia","author_link":"https:\/\/visitantes.auger.org.ar\/index.php\/author\/beatriz\/"},"rttpg_comment":0,"rttpg_category":"<a href=\"https:\/\/visitantes.auger.org.ar\/index.php\/category\/auger\/novedades\/\" rel=\"category tag\">Novedades<\/a>","rttpg_excerpt":"El Premio Pierre Auger al Impacto en la Colaboraci\u00f3n se cre\u00f3 en 2020 y est\u00e1 dedicado a personas que han dedicado una cantidad significativa de su tiempo a desarrollos t\u00e9cnicos que tienen un gran impacto en el funcionamiento de los detectores o en el an\u00e1lisis de datos. En 2025, los premiados han sido: Marcos Cerda,&hellip;","_links":{"self":[{"href":"https:\/\/visitantes.auger.org.ar\/index.php\/wp-json\/wp\/v2\/posts\/9694","targetHints":{"allow":["GET"]}}],"collection":[{"href":"https:\/\/visitantes.auger.org.ar\/index.php\/wp-json\/wp\/v2\/posts"}],"about":[{"href":"https:\/\/visitantes.auger.org.ar\/index.php\/wp-json\/wp\/v2\/types\/post"}],"author":[{"embeddable":true,"href":"https:\/\/visitantes.auger.org.ar\/index.php\/wp-json\/wp\/v2\/users\/6"}],"replies":[{"embeddable":true,"href":"https:\/\/visitantes.auger.org.ar\/index.php\/wp-json\/wp\/v2\/comments?post=9694"}],"version-history":[{"count":1,"href":"https:\/\/visitantes.auger.org.ar\/index.php\/wp-json\/wp\/v2\/posts\/9694\/revisions"}],"predecessor-version":[{"id":9700,"href":"https:\/\/visitantes.auger.org.ar\/index.php\/wp-json\/wp\/v2\/posts\/9694\/revisions\/9700"}],"wp:featuredmedia":[{"embeddable":true,"href":"https:\/\/visitantes.auger.org.ar\/index.php\/wp-json\/wp\/v2\/media\/9697"}],"wp:attachment":[{"href":"https:\/\/visitantes.auger.org.ar\/index.php\/wp-json\/wp\/v2\/media?parent=9694"}],"wp:term":[{"taxonomy":"category","embeddable":true,"href":"https:\/\/visitantes.auger.org.ar\/index.php\/wp-json\/wp\/v2\/categories?post=9694"},{"taxonomy":"post_tag","embeddable":true,"href":"https:\/\/visitantes.auger.org.ar\/index.php\/wp-json\/wp\/v2\/tags?post=9694"}],"curies":[{"name":"wp","href":"https:\/\/api.w.org\/{rel}","templated":true}]}}