{"id":9807,"date":"2025-12-07T11:38:40","date_gmt":"2025-12-07T14:38:40","guid":{"rendered":"https:\/\/visitantes.auger.org.ar\/?p=9807"},"modified":"2026-03-23T18:03:49","modified_gmt":"2026-03-23T21:03:49","slug":"como-mide-el-observatorio-pierre-auger-la-energia-de-los-rayos-cosmicos-de-ultra-elevada-energia","status":"publish","type":"post","link":"https:\/\/visitantes.auger.org.ar\/index.php\/como-mide-el-observatorio-pierre-auger-la-energia-de-los-rayos-cosmicos-de-ultra-elevada-energia\/","title":{"rendered":"\u00bfC\u00f3mo mide el Observatorio Pierre Auger la energ\u00eda de los rayos c\u00f3smicos de ultra elevada energ\u00eda?"},"content":{"rendered":"\n<p>El n\u00famero 14 (Noviembre\/Diciembre) de <a href=\"https:\/\/visitantes.auger.org.ar\/index.php\/auger-en-foco\/\">Auger en Foco<\/a> (AiF) est\u00e1 dedicado a explicar de qu\u00e9 manera se determina la energ\u00eda de los rayos c\u00f3smicos m\u00e1s energ\u00e9ticos, utilizando los sistemas de detecci\u00f3n del Observatorio Pierre Auger.<\/p>\n\n\n\n<p>Con este n\u00famero, preparado por la Asamblea de los colaboradores m\u00e1s j\u00f3venes en Auger, alumnos de doctorado o pos-doc, se cierra un nuevo a\u00f1o de comunicaci\u00f3n p\u00fablica del Observatorio a trav\u00e9s de este bolet\u00edn, que continuar\u00e1 en 2026 con nuevos temas que acerquen investigaci\u00f3n y desarrollo a diferentes audiencias.<\/p>\n\n\n\n<p><\/p>\n","protected":false},"excerpt":{"rendered":"<p>El n\u00famero 14 (Noviembre\/Diciembre) de Auger en Foco (AiF) est\u00e1 dedicado a explicar de qu\u00e9 manera se determina la energ\u00eda de los rayos c\u00f3smicos m\u00e1s energ\u00e9ticos, utilizando los sistemas de detecci\u00f3n del Observatorio Pierre Auger. Con este n\u00famero, preparado por la Asamblea de los colaboradores m\u00e1s j\u00f3venes en Auger, alumnos de doctorado o pos-doc, se [&hellip;]<\/p>\n","protected":false},"author":6,"featured_media":9808,"comment_status":"closed","ping_status":"open","sticky":false,"template":"","format":"standard","meta":{"_jetpack_memberships_contains_paid_content":false,"footnotes":""},"categories":[10],"tags":[],"class_list":["post-9807","post","type-post","status-publish","format-standard","has-post-thumbnail","hentry","category-novedades"],"jetpack_featured_media_url":"https:\/\/visitantes.auger.org.ar\/wp-content\/uploads\/2025\/12\/Untitled-design.png","jetpack_sharing_enabled":true,"rttpg_featured_image_url":{"full":["https:\/\/visitantes.auger.org.ar\/wp-content\/uploads\/2025\/12\/Untitled-design.png",940,788,false],"landscape":["https:\/\/visitantes.auger.org.ar\/wp-content\/uploads\/2025\/12\/Untitled-design.png",940,788,false],"portraits":["https:\/\/visitantes.auger.org.ar\/wp-content\/uploads\/2025\/12\/Untitled-design.png",940,788,false],"thumbnail":["https:\/\/visitantes.auger.org.ar\/wp-content\/uploads\/2025\/12\/Untitled-design-250x250.png",250,250,true],"medium":["https:\/\/visitantes.auger.org.ar\/wp-content\/uploads\/2025\/12\/Untitled-design-300x251.png",300,251,true],"large":["https:\/\/visitantes.auger.org.ar\/wp-content\/uploads\/2025\/12\/Untitled-design.png",800,671,false],"1536x1536":["https:\/\/visitantes.auger.org.ar\/wp-content\/uploads\/2025\/12\/Untitled-design.png",940,788,false],"2048x2048":["https:\/\/visitantes.auger.org.ar\/wp-content\/uploads\/2025\/12\/Untitled-design.png",940,788,false]},"rttpg_author":{"display_name":"Beatriz Garcia","author_link":"https:\/\/visitantes.auger.org.ar\/index.php\/author\/beatriz\/"},"rttpg_comment":0,"rttpg_category":"<a href=\"https:\/\/visitantes.auger.org.ar\/index.php\/category\/auger\/novedades\/\" rel=\"category tag\">Novedades<\/a>","rttpg_excerpt":"El n\u00famero 14 (Noviembre\/Diciembre) de Auger en Foco (AiF) est\u00e1 dedicado a explicar de qu\u00e9 manera se determina la energ\u00eda de los rayos c\u00f3smicos m\u00e1s energ\u00e9ticos, utilizando los sistemas de detecci\u00f3n del Observatorio Pierre Auger. Con este n\u00famero, preparado por la Asamblea de los colaboradores m\u00e1s j\u00f3venes en Auger, alumnos de doctorado o pos-doc, se&hellip;","_links":{"self":[{"href":"https:\/\/visitantes.auger.org.ar\/index.php\/wp-json\/wp\/v2\/posts\/9807","targetHints":{"allow":["GET"]}}],"collection":[{"href":"https:\/\/visitantes.auger.org.ar\/index.php\/wp-json\/wp\/v2\/posts"}],"about":[{"href":"https:\/\/visitantes.auger.org.ar\/index.php\/wp-json\/wp\/v2\/types\/post"}],"author":[{"embeddable":true,"href":"https:\/\/visitantes.auger.org.ar\/index.php\/wp-json\/wp\/v2\/users\/6"}],"replies":[{"embeddable":true,"href":"https:\/\/visitantes.auger.org.ar\/index.php\/wp-json\/wp\/v2\/comments?post=9807"}],"version-history":[{"count":1,"href":"https:\/\/visitantes.auger.org.ar\/index.php\/wp-json\/wp\/v2\/posts\/9807\/revisions"}],"predecessor-version":[{"id":9809,"href":"https:\/\/visitantes.auger.org.ar\/index.php\/wp-json\/wp\/v2\/posts\/9807\/revisions\/9809"}],"wp:featuredmedia":[{"embeddable":true,"href":"https:\/\/visitantes.auger.org.ar\/index.php\/wp-json\/wp\/v2\/media\/9808"}],"wp:attachment":[{"href":"https:\/\/visitantes.auger.org.ar\/index.php\/wp-json\/wp\/v2\/media?parent=9807"}],"wp:term":[{"taxonomy":"category","embeddable":true,"href":"https:\/\/visitantes.auger.org.ar\/index.php\/wp-json\/wp\/v2\/categories?post=9807"},{"taxonomy":"post_tag","embeddable":true,"href":"https:\/\/visitantes.auger.org.ar\/index.php\/wp-json\/wp\/v2\/tags?post=9807"}],"curies":[{"name":"wp","href":"https:\/\/api.w.org\/{rel}","templated":true}]}}